{"id":97124,"date":"2016-09-16T13:48:21","date_gmt":"2016-09-16T16:48:21","guid":{"rendered":"http:\/\/aconteceunovale.com.br\/portal\/?p=97124"},"modified":"2016-09-16T16:41:41","modified_gmt":"2016-09-16T19:41:41","slug":"sobe-para-quatro-o-numero-de-mortos-em-acidente-com-veiculo-escolar-em-padre-paraiso-no-vale-do-jequitinhonha","status":"publish","type":"post","link":"https:\/\/aconteceunovale.com.br\/portal\/?p=97124","title":{"rendered":"Sobe para quatro o n\u00famero de mortos em acidente com ve\u00edculo escolar em Padre Para\u00edso, no Vale do Jequitinhonha"},"content":{"rendered":"<p>Subiu para quatro o n\u00famero de mortos no grave acidente com um micro-\u00f4nibus escolar registrado na manh\u00e3 desta sexta-feira, 16 de setembro de 2016, na localidade de C\u00f3rrego da Lagoa, zona rural de Padre Para\u00edso, no Vale do Jequitinhonha. A informa\u00e7\u00e3o foi confirmada pelo Instituto M\u00e9dico Legal (IML) de Te\u00f3filo Otoni e pela funer\u00e1ria respons\u00e1vel pela remo\u00e7\u00e3o dos corpos. V\u00e1rios ocupantes do ve\u00edculo ficaram feridos e foram encaminhados para hospitais da regi\u00e3o por equipes do Corpo de Bombeiros e Servi\u00e7o de Atendimento M\u00f3vel de Urg\u00eancia (SAMU).<\/p>\n<p>De acordo com o IML, as v\u00edtimas em \u00f3bito foram identificadas como Josimax Pereira Soares, de 11 anos, Jefferson Pinheiro da Silva, de 15, Maxiliano Pereira Soares, de 16, e Maur\u00edcio Luiz da Concei\u00e7\u00e3o J\u00fanior, de 17. Josimax e Maxiliano s\u00e3o irm\u00e3os. <\/p>\n<p>As primeiras informa\u00e7\u00f5es divulgadas por equipes de resgate e pela pol\u00edcia d\u00e3o conta de que o ve\u00edculo transportava alunos para um evento escolar, quando teria apresentado um problema mec\u00e2nico e desceu uma ladeira sem controle (desgovernado). O micro-\u00f4nibus tombou em uma ribanceira, \u00e0s margens da estrada vicinal. <\/p>\n<p>O impacto do acidente provocou a morte instant\u00e2nea de quatro ocupantes do escolar e deixou outros presos \u00e0s ferragens em estado grave. Inicialmente foi divulgado que a trag\u00e9dia havia causado a morte de tr\u00eas pessoas, mas durante o resgate, uma das v\u00edtimas foi encontrada prensada embaixo do ve\u00edculo. Os corpos ser\u00e3o removidos ao Instituto M\u00e9dico Legal (IML) em Te\u00f3filo Otoni por uma funer\u00e1ria autorizada.<\/p>\n<p>O n\u00famero total de feridos ainda n\u00e3o foi confirmado oficialmente. Segundo um funcion\u00e1rio da Prefeitura, o \u00f4nibus \u00e9 do ano 2014 e estava com a revis\u00e3o em dia. As causas do acidente ser\u00e3o apuradas pela Pol\u00edcia. A Prefeitura de Padre Para\u00edso ainda n\u00e3o divulgou nota sobre a trag\u00e9dia.<\/p>\n<p><img decoding=\"async\" src=\"http:\/\/aconteceunovale.com.br\/portal\/wp-content\/uploads\/2016\/09\/pp_acidente_1.jpg\" alt=\"\" \/><em>Acidente aconteceu na zona rural de Padre Para\u00edso (Foto: Reprodu\u00e7\u00e3o)<\/em><br \/>\n<\/br><\/p>\n<p><img decoding=\"async\" src=\"http:\/\/aconteceunovale.com.br\/portal\/wp-content\/uploads\/2016\/09\/pp_acidente_2.jpg\" alt=\"\" \/><em>Acidente aconteceu na zona rural de Padre Para\u00edso (Foto: Reprodu\u00e7\u00e3o)<\/em><br \/>\n<\/br><\/p>\n<p><img decoding=\"async\" src=\"http:\/\/aconteceunovale.com.br\/portal\/wp-content\/uploads\/2016\/09\/pp_acidente_3.jpg\" alt=\"\" \/><em>Acidente aconteceu na zona rural de Padre Para\u00edso (Foto: Reprodu\u00e7\u00e3o)<\/em><br \/>\n<\/br><\/p>\n<p><img decoding=\"async\" src=\"http:\/\/aconteceunovale.com.br\/portal\/wp-content\/uploads\/2016\/09\/pp_acidente_4.jpg\" alt=\"\" \/><em>Acidente aconteceu na zona rural de Padre Para\u00edso (Foto: Reprodu\u00e7\u00e3o)<\/em><br \/>\n<\/br><\/p>\n<p><img decoding=\"async\" src=\"http:\/\/aconteceunovale.com.br\/portal\/wp-content\/uploads\/2016\/09\/pp_acidente_5.jpg\" alt=\"\" \/><em>Acidente aconteceu na zona rural de Padre Para\u00edso (Foto: Reprodu\u00e7\u00e3o)<\/em><br \/>\n<\/br><\/p>\n<p><img decoding=\"async\" src=\"http:\/\/aconteceunovale.com.br\/portal\/wp-content\/uploads\/2016\/09\/pp_acidente_6.jpg\" alt=\"\" \/><em>Acidente aconteceu na zona rural de Padre Para\u00edso (Foto: Reprodu\u00e7\u00e3o)<\/em><br \/>\n<\/br><\/p>\n<p><img decoding=\"async\" src=\"http:\/\/aconteceunovale.com.br\/portal\/wp-content\/uploads\/2016\/09\/pp_acidente_7.jpg\" alt=\"\" \/><em>Acidente aconteceu na zona rural de Padre Para\u00edso (Foto: Reprodu\u00e7\u00e3o)<\/em><br \/>\n<\/br><\/p>\n<p><img decoding=\"async\" src=\"http:\/\/aconteceunovale.com.br\/portal\/wp-content\/uploads\/2016\/09\/pp_acidente_8.jpg\" alt=\"\" \/><em>Acidente aconteceu na zona rural de Padre Para\u00edso (Foto: Reprodu\u00e7\u00e3o)<\/em><\/p>\n","protected":false},"excerpt":{"rendered":"<p>Subiu para quatro o n\u00famero de mortos no grave acidente com um micro-\u00f4nibus escolar registrado na manh\u00e3 desta sexta-feira, 16 de setembro de 2016, na localidade de C\u00f3rrego da Lagoa, zona rural de Padre Para\u00edso, no Vale do Jequitinhonha. A informa\u00e7\u00e3o foi confirmada pelo Instituto M\u00e9dico Legal (IML) de Te\u00f3filo Otoni e pela funer\u00e1ria respons\u00e1vel [&hellip;]<\/p>\n","protected":false},"author":1,"featured_media":97112,"comment_status":"open","ping_status":"closed","sticky":false,"template":"","format":"standard","meta":{"amp_status":"","footnotes":""},"categories":[120],"tags":[115600,115592,115596,115599,115595,115597,115594,53529,115593,115598,1018,115602,115622,115683,115620,115681,115623,115682,115621,572,115624,115601],"class_list":["post-97124","post","type-post","status-publish","format-standard","has-post-thumbnail","hentry","category-jequi","tag-acidente-alunos-da-escola-do-encachoeirado","tag-acidente-com-veiculo-escolar-deixa-pelo-menos-tres-mortos-em-padre-paraiso","tag-acidente-encachoeirado-padre-paraiso","tag-acidente-estudantes-padre-paraiso","tag-acidente-micro-onibus-escolar-padre-paraiso","tag-acidente-municipio-de-padre-paraiso","tag-acidente-onibus-escolar-padre-paraiso","tag-acidente-padre-paraiso","tag-acidente-veiculo-escolar-padre-paraiso","tag-acidente-zona-rural-de-padre-paraiso","tag-destaque","tag-encachoeirado","tag-jeferson-pinheiro-da-silva","tag-jefferson-pinheiro-da-silva","tag-josimar-pereira-soares","tag-josimax-pereira-soares","tag-mauricio-luiz-da-conceicao-junior","tag-maxiliano-pereira-soares","tag-maximiliano-pereira-soares","tag-padre-paraiso","tag-sobe-para-quatro-o-numero-de-mortos-em-acidente-com-veiculo-escolar-em-padre-paraiso","tag-tragedia-padre-paraiso"],"_links":{"self":[{"href":"https:\/\/aconteceunovale.com.br\/portal\/index.php?rest_route=\/wp\/v2\/posts\/97124","targetHints":{"allow":["GET"]}}],"collection":[{"href":"https:\/\/aconteceunovale.com.br\/portal\/index.php?rest_route=\/wp\/v2\/posts"}],"about":[{"href":"https:\/\/aconteceunovale.com.br\/portal\/index.php?rest_route=\/wp\/v2\/types\/post"}],"author":[{"embeddable":true,"href":"https:\/\/aconteceunovale.com.br\/portal\/index.php?rest_route=\/wp\/v2\/users\/1"}],"replies":[{"embeddable":true,"href":"https:\/\/aconteceunovale.com.br\/portal\/index.php?rest_route=%2Fwp%2Fv2%2Fcomments&post=97124"}],"version-history":[{"count":0,"href":"https:\/\/aconteceunovale.com.br\/portal\/index.php?rest_route=\/wp\/v2\/posts\/97124\/revisions"}],"wp:featuredmedia":[{"embeddable":true,"href":"https:\/\/aconteceunovale.com.br\/portal\/index.php?rest_route=\/wp\/v2\/media\/97112"}],"wp:attachment":[{"href":"https:\/\/aconteceunovale.com.br\/portal\/index.php?rest_route=%2Fwp%2Fv2%2Fmedia&parent=97124"}],"wp:term":[{"taxonomy":"category","embeddable":true,"href":"https:\/\/aconteceunovale.com.br\/portal\/index.php?rest_route=%2Fwp%2Fv2%2Fcategories&post=97124"},{"taxonomy":"post_tag","embeddable":true,"href":"https:\/\/aconteceunovale.com.br\/portal\/index.php?rest_route=%2Fwp%2Fv2%2Ftags&post=97124"}],"curies":[{"name":"wp","href":"https:\/\/api.w.org\/{rel}","templated":true}]}}