{"id":97121,"date":"2016-09-16T13:25:12","date_gmt":"2016-09-16T16:25:12","guid":{"rendered":"http:\/\/aconteceunovale.com.br\/portal\/?p=97121"},"modified":"2016-09-16T13:25:12","modified_gmt":"2016-09-16T16:25:12","slug":"bonecas-do-vale-do-jequitinhonha-sao-eternizadas-em-conjunto-de-selos","status":"publish","type":"post","link":"https:\/\/aconteceunovale.com.br\/portal\/?p=97121","title":{"rendered":"Bonecas do Vale do Jequitinhonha s\u00e3o eternizadas em conjunto de selos"},"content":{"rendered":"<p>Para valorizar ainda mais a arte popular brasileira, especialmente o tradicional artesanato mineiro, o Governo do Estado e a Regional dos Correios em Minas Gerais lan\u00e7am, na pr\u00f3xima ter\u00e7a-feira (20\/09\/2016), um conjunto de selos com as premiadas bonecas de barro da Mestra Dona Izabel Mendes, do Vale do Jequitinhonha. O evento ocorre, \u00e0s 10h, no Centro de Artesanato Mineiro, no Pal\u00e1cio das Artes, em Belo Horizonte. <\/p>\n<p>A iniciativa dos selos foi originada do Vale Mais &#8212; Instituto Sociocultural do Jequitinhonha, que se inscreveu no edital dos Correios e apoia as mais diferentes manifesta\u00e7\u00f5es culturais. A partir da\u00ed houve apoio efetivo do Governo do Estado, por meio da Coordena\u00e7\u00e3o do Artesanato da Secretaria de Estado Extraordin\u00e1ria de Desenvolvimento Integrado e F\u00f3runs Regionais (Sedif), Secretaria de Estado da Cultura (SEC) e Instituto de Desenvolvimento do Norte e Nordeste de Minas Gerais (Idene) e o parceiro Centro de Artesanato Mineiro.  <\/p>\n<p>As bonecas foram trabalhadas no barro com uma t\u00e9cnica peculiar, que foi passada para as gera\u00e7\u00f5es seguintes. Ela tinha prazer em ensinar e os seus filhos e netos aprenderam o of\u00edcio e se transformaram em refer\u00eancia na arte popular brasileira. Todos eles confirmaram presen\u00e7a no evento.<\/p>\n<p>Os selos foram produzidos a partir de fotografias que integram o acervo do Centro de Arte Popular (Cemig), utilizando recursos de computa\u00e7\u00e3o gr\u00e1fica. Eles ilustram os valores que a Mestra Dona Izabel Mendes atribuiu ao universo feminino, destacando a beleza, as noivas e os seus buqu\u00eas, entre outros momentos da mulher.<\/p>\n<p><strong>Hist\u00f3ria<\/strong><\/p>\n<p>Nascida em C\u00f3rrego Novo, em 1924, Mestra Izabel Mendes viveu a maior parte da sua vida em Santana do Ara\u00e7ua\u00ed, distrito de Pontes dos Volantes, no Vale do Jequitinhonha.  A artes\u00e3 faleceu em 2014, com 90 anos de idade. A sua obra foi vencedora, entro outros, da 7\u00aa edi\u00e7\u00e3o do Pr\u00eamio Unesco de Artesanato para a Am\u00e9rica Latina e Caribe, quando concorreu com 90 trabalhos de 16 pa\u00edses.<\/p>\n<p><img decoding=\"async\" src=\"http:\/\/agenciaminas.mg.gov.br\/ckeditor_assets\/pictures\/1771\/content_convite_dona_izabel_ceart.jpg\" alt=\"\" \/><br \/>\n<\/br><\/p>\n<p><strong>Servi\u00e7o:<\/strong><\/p>\n<p>Lan\u00e7amento do Selo Comemorativo \u201cAs Bonecas da Mestra Dona Izabel Mendes\u201d<\/p>\n<p>Dia: 20 de Setembro (Ter\u00e7a-feira)<\/p>\n<p>Hor\u00e1rio: 10h<\/p>\n<p>Local: Centro de Artesanato Mineiro (Pal\u00e1cio das Artes) &#8211; Avenida Afonso Pena, 1.537, Centro, BH.<\/p>\n","protected":false},"excerpt":{"rendered":"<p>Para valorizar ainda mais a arte popular brasileira, especialmente o tradicional artesanato mineiro, o Governo do Estado e a Regional dos Correios em Minas Gerais lan\u00e7am, na pr\u00f3xima ter\u00e7a-feira (20\/09\/2016), um conjunto de selos com as premiadas bonecas de barro da Mestra Dona Izabel Mendes, do Vale do Jequitinhonha. O evento ocorre, \u00e0s 10h, no [&hellip;]<\/p>\n","protected":false},"author":1,"featured_media":97122,"comment_status":"open","ping_status":"closed","sticky":false,"template":"","format":"standard","meta":{"amp_status":"","footnotes":""},"categories":[123,120],"tags":[115617,111219,76965,115618,115608,21255,115607,64490,115612,4678,1018,115611,115614,115610,115615,115616,10909,115619,115609,115613],"class_list":["post-97121","post","type-post","status-publish","format-standard","has-post-thumbnail","hentry","category-gerais","category-jequi","tag-7a-edicao-do-premio-unesco-de-artesanato-para-a-america-latina-e-caribe","tag-arte-popular-brasileira","tag-artesanato-mineiro","tag-as-bonecas-da-mestra-dona-izabel-mendes","tag-bonecas-de-barro-da-mestra-dona-izabel-mendes","tag-bonecas-do-vale-do-jequitinhonha","tag-bonecas-do-vale-do-jequitinhonha-sao-eternizadas-em-conjunto-de-selos","tag-centro-de-artesanato-mineiro","tag-conjunto-de-selos-com-as-premiadas-bonecas-de-barro-da-mestra-dona-izabel-mendes","tag-corrego-novo","tag-destaque","tag-dona-izabel-mendes","tag-instituto-sociocultural-do-jequitinhonha","tag-mestra-dona-izabel-mendes","tag-mestra-isabel-mendes","tag-pontes-dos-volantes","tag-santana-do-aracuai","tag-selo-comemorativo-as-bonecas-da-mestra-dona-izabel-mendes","tag-selos-bonecas-de-barro-da-mestra-dona-izabel-mendes","tag-vale-mais"],"_links":{"self":[{"href":"https:\/\/aconteceunovale.com.br\/portal\/index.php?rest_route=\/wp\/v2\/posts\/97121","targetHints":{"allow":["GET"]}}],"collection":[{"href":"https:\/\/aconteceunovale.com.br\/portal\/index.php?rest_route=\/wp\/v2\/posts"}],"about":[{"href":"https:\/\/aconteceunovale.com.br\/portal\/index.php?rest_route=\/wp\/v2\/types\/post"}],"author":[{"embeddable":true,"href":"https:\/\/aconteceunovale.com.br\/portal\/index.php?rest_route=\/wp\/v2\/users\/1"}],"replies":[{"embeddable":true,"href":"https:\/\/aconteceunovale.com.br\/portal\/index.php?rest_route=%2Fwp%2Fv2%2Fcomments&post=97121"}],"version-history":[{"count":0,"href":"https:\/\/aconteceunovale.com.br\/portal\/index.php?rest_route=\/wp\/v2\/posts\/97121\/revisions"}],"wp:featuredmedia":[{"embeddable":true,"href":"https:\/\/aconteceunovale.com.br\/portal\/index.php?rest_route=\/wp\/v2\/media\/97122"}],"wp:attachment":[{"href":"https:\/\/aconteceunovale.com.br\/portal\/index.php?rest_route=%2Fwp%2Fv2%2Fmedia&parent=97121"}],"wp:term":[{"taxonomy":"category","embeddable":true,"href":"https:\/\/aconteceunovale.com.br\/portal\/index.php?rest_route=%2Fwp%2Fv2%2Fcategories&post=97121"},{"taxonomy":"post_tag","embeddable":true,"href":"https:\/\/aconteceunovale.com.br\/portal\/index.php?rest_route=%2Fwp%2Fv2%2Ftags&post=97121"}],"curies":[{"name":"wp","href":"https:\/\/api.w.org\/{rel}","templated":true}]}}