{"id":97118,"date":"2016-09-16T13:16:52","date_gmt":"2016-09-16T16:16:52","guid":{"rendered":"http:\/\/aconteceunovale.com.br\/portal\/?p=97118"},"modified":"2016-09-16T13:16:52","modified_gmt":"2016-09-16T16:16:52","slug":"virada-educacao-minas-gerais-movimenta-escolas-estaduais-neste-sabado","status":"publish","type":"post","link":"https:\/\/aconteceunovale.com.br\/portal\/?p=97118","title":{"rendered":"Virada Educa\u00e7\u00e3o Minas Gerais movimenta escolas estaduais neste s\u00e1bado"},"content":{"rendered":"<p>O s\u00e1bado (17\/09\/2016) ser\u00e1 de intera\u00e7\u00e3o nas escolas da rede estadual de ensino de todo o estado. O dia dedicado \u00e0 Virada Educa\u00e7\u00e3o Minas Gerais vai estimular as escolas a abrirem suas portas e mostrarem para a comunidade as a\u00e7\u00f5es e projetos que desenvolvem. O dia tamb\u00e9m ser\u00e1 dedicado ao lan\u00e7amento da Campanha VEM &#8211; 2016, que far\u00e1 o chamamento aos jovens em situa\u00e7\u00e3o de evas\u00e3o escolar, para que retomem seus estudos, em 2017.<\/p>\n<p>As a\u00e7\u00f5es que ser\u00e3o realizadas no s\u00e1bado foram pensadas durante a \u201cSemana Escola em Movimento\u201d, que foi realizada entre os dias 22 e 27 de agosto, e est\u00e3o relacionadas a quatro tipos de atividades: di\u00e1logos, que englobam a\u00e7\u00f5es como rodas de conversas, debates e mesas redondas; exibi\u00e7\u00f5es, a\u00e7\u00f5es que explorem linguagens audiovisuais, apresenta\u00e7\u00f5es art\u00edsticas ou mostras; interven\u00e7\u00f5es, iniciativas que englobam atividades relacionadas a passeatas e visitas \u00e0 comunidade; e trilhas e oficinas, que s\u00e3o a\u00e7\u00f5es de car\u00e1ter formativo, oficinas e jogos.<\/p>\n<p>\u201cO dia da Virada tem o objetivo de promover uma mobiliza\u00e7\u00e3o de todas as escolas da rede. \u00c9 quando as escolas se abrem para a comunidade e apresentam as a\u00e7\u00f5es que desenvolvem e suas pr\u00e1ticas pedag\u00f3gicas. As atividades estar\u00e3o relacionadas \u00e0s tr\u00eas grandes quest\u00f5es apontadas pelos jovens durante a Virada 2015: gest\u00e3o democr\u00e1tica e participa\u00e7\u00e3o juvenil; comunica\u00e7\u00e3o, novas m\u00eddias, linguagens e tecnologia; e a quest\u00e3o da diversidade, inclus\u00e3o e a\u00e7\u00f5es afirmativas\u201d, destaca a diretora de Juventude da Secretaria de Estado de Educa\u00e7\u00e3o, Priscylla Ramalho.<\/p>\n<p>No s\u00e1bado, al\u00e9m de representantes das Superintend\u00eancias Regionais de Ensino, quase 80 servidores do \u00f3rg\u00e3o central da Secretaria de Estado de Educa\u00e7\u00e3o ir\u00e3o visitar escolas e ter\u00e3o a oportunidade de conversar com alunos, pais e professores para conhecer a opini\u00e3o que a comunidade escolar tem sobre a Virada.<\/p>\n<p><strong>Campanha VEM<\/strong><\/p>\n<p>A Campanha deste ano ser\u00e1 realizada no per\u00edodo de 17 de setembro a 28 de outubro de 2016 e os locais de inscri\u00e7\u00e3o ser\u00e3o as pr\u00f3prias escolas, que dever\u00e3o fazer a inscri\u00e7\u00e3o (pr\u00e9-matr\u00edcula) dos jovens que as procurarem neste per\u00edodo. <\/p>\n<p>A escola dever\u00e1 acolher o pedido de matr\u00edcula, considerando os n\u00edveis e modalidades de ensino que j\u00e1 oferta. N\u00e3o haver\u00e1 restri\u00e7\u00e3o em rela\u00e7\u00e3o ao endere\u00e7o residencial do requerente, ou seja, dever\u00e3o ser aceitas as inscri\u00e7\u00f5es inclusive daqueles jovens que n\u00e3o residirem nas proximidades da escola.<\/p>\n<p><strong>Participa\u00e7\u00e3o jovem<\/strong><\/p>\n<p>Este ano, a Secretaria de Estado de Educa\u00e7\u00e3o contar\u00e1 com a participa\u00e7\u00e3o dos representantes juvenis nas 47 Superintend\u00eancias Regionais de Ensino. Esses representantes s\u00e3o jovens lideran\u00e7as estudantis que participaram do \u201cI Encontro Estadual de Juventude\u201d, realizado em julho. Os jovens atuar\u00e3o junto com os coordenadores de juventude das regionais e ter\u00e3o a oportunidade de visitar as escolas e conhecerem as atividades que elas est\u00e3o desenvolvendo.<\/p>\n<p>O \u201cI Encontro Estadual de Juventude\u201d discutiu, em roda de conversa os temas da participa\u00e7\u00e3o e gest\u00e3o democr\u00e1tica na escola; novas tecnologias e m\u00eddias alternativas e diversidade, inclus\u00e3o e a\u00e7\u00f5es afirmativas como formas de garantir a perman\u00eancia, com qualidade, do jovem na escola.<\/p>\n<p><strong>Troca de experi\u00eancias<\/strong><\/p>\n<p>A Virada Educa\u00e7\u00e3o Minas Gerais servir\u00e1 de exemplo para outro estado. A partir desta sexta-feira (16\/9), a coordenadora de Articula\u00e7\u00e3o da Secretaria da Educa\u00e7\u00e3o do Estado da Bahia, Helaine Souza, estar\u00e1 em Minas Gerais para conhecer as a\u00e7\u00f5es que o Estado desenvolve para o ensino m\u00e9dio e participar da Virada.<\/p>\n<p><strong>Virada 2015<\/strong><\/p>\n<p>Em 2015, a Secretaria de Educa\u00e7\u00e3o realizou o chamado ao jovem que havia deixado de estudar e queria retornar aos estudos, de setembro a novembro. Por meio de chamadas no site e eventos programados pelas escolas em locais p\u00fablicos e em suas pr\u00f3prias instala\u00e7\u00f5es, nas 47 Superintend\u00eancias Regionais de Ensino, os jovens foram sensibilizados sobre o papel da educa\u00e7\u00e3o e a import\u00e2ncia da escola.<\/p>\n<p>Foram v\u00e1rias iniciativas culturais, art\u00edsticas, esportivas, apresenta\u00e7\u00e3o de trabalhos, debates que mostraram uma escola mais comunicativa, aberta e afeita \u00e0 diversidade. Antes, de julho a dezembro de 2015, havia sido realizadas rodas de conversa nos 17 territ\u00f3rios de desenvolvimento do Estado, que contou com a participa\u00e7\u00e3o de mais de 4.500 pessoas, entre jovens e educadores.<\/p>\n<p>O saldo desta Campanha superou todas as expectativas: no total foram matriculados 114 mil novos estudantes, no ensino m\u00e9dio e na Educa\u00e7\u00e3o de Jovens e Adultos, sendo 47.500 estudantes no ensino regular. (Ag\u00eancia Minas)<\/p>\n","protected":false},"excerpt":{"rendered":"<p>O s\u00e1bado (17\/09\/2016) ser\u00e1 de intera\u00e7\u00e3o nas escolas da rede estadual de ensino de todo o estado. O dia dedicado \u00e0 Virada Educa\u00e7\u00e3o Minas Gerais vai estimular as escolas a abrirem suas portas e mostrarem para a comunidade as a\u00e7\u00f5es e projetos que desenvolvem. O dia tamb\u00e9m ser\u00e1 dedicado ao lan\u00e7amento da Campanha VEM &#8211; [&hellip;]<\/p>\n","protected":false},"author":1,"featured_media":97119,"comment_status":"open","ping_status":"closed","sticky":false,"template":"","format":"standard","meta":{"amp_status":"","footnotes":""},"categories":[40238,123],"tags":[67458,115604,115606,115605,57559,115603],"class_list":["post-97118","post","type-post","status-publish","format-standard","has-post-thumbnail","hentry","category-educacao-2","category-gerais","tag-campanha-vem","tag-campanha-vem-2016","tag-semana-escola-em-movimento","tag-vem-2016","tag-virada-educacao-minas-gerais","tag-virada-educacao-minas-gerais-movimenta-escolas-estaduais-neste-sabado"],"_links":{"self":[{"href":"https:\/\/aconteceunovale.com.br\/portal\/index.php?rest_route=\/wp\/v2\/posts\/97118","targetHints":{"allow":["GET"]}}],"collection":[{"href":"https:\/\/aconteceunovale.com.br\/portal\/index.php?rest_route=\/wp\/v2\/posts"}],"about":[{"href":"https:\/\/aconteceunovale.com.br\/portal\/index.php?rest_route=\/wp\/v2\/types\/post"}],"author":[{"embeddable":true,"href":"https:\/\/aconteceunovale.com.br\/portal\/index.php?rest_route=\/wp\/v2\/users\/1"}],"replies":[{"embeddable":true,"href":"https:\/\/aconteceunovale.com.br\/portal\/index.php?rest_route=%2Fwp%2Fv2%2Fcomments&post=97118"}],"version-history":[{"count":0,"href":"https:\/\/aconteceunovale.com.br\/portal\/index.php?rest_route=\/wp\/v2\/posts\/97118\/revisions"}],"wp:featuredmedia":[{"embeddable":true,"href":"https:\/\/aconteceunovale.com.br\/portal\/index.php?rest_route=\/wp\/v2\/media\/97119"}],"wp:attachment":[{"href":"https:\/\/aconteceunovale.com.br\/portal\/index.php?rest_route=%2Fwp%2Fv2%2Fmedia&parent=97118"}],"wp:term":[{"taxonomy":"category","embeddable":true,"href":"https:\/\/aconteceunovale.com.br\/portal\/index.php?rest_route=%2Fwp%2Fv2%2Fcategories&post=97118"},{"taxonomy":"post_tag","embeddable":true,"href":"https:\/\/aconteceunovale.com.br\/portal\/index.php?rest_route=%2Fwp%2Fv2%2Ftags&post=97118"}],"curies":[{"name":"wp","href":"https:\/\/api.w.org\/{rel}","templated":true}]}}