{"id":97109,"date":"2016-09-16T11:24:21","date_gmt":"2016-09-16T14:24:21","guid":{"rendered":"http:\/\/aconteceunovale.com.br\/portal\/?p=97109"},"modified":"2016-09-16T15:52:21","modified_gmt":"2016-09-16T18:52:21","slug":"acidente-com-veiculo-escolar-deixa-pelo-menos-tres-mortos-em-padre-paraiso-no-vale-do-jequitinhonha","status":"publish","type":"post","link":"https:\/\/aconteceunovale.com.br\/portal\/?p=97109","title":{"rendered":"Acidente com ve\u00edculo escolar deixa pelo menos tr\u00eas mortos em Padre Para\u00edso, no Vale do Jequitinhonha"},"content":{"rendered":"<p>Pelo menos tr\u00eas pessoas morreram em um grave acidente envolvendo um micro-\u00f4nibus escolar na manh\u00e3 desta sexta-feira, 16 de setembro de 2016, na localidade de C\u00f3rrego da Lagoa, munic\u00edpio de Padre Para\u00edso, no Vale do Jequitinhonha. As primeiras informa\u00e7\u00f5es divulgadas por equipes de resgate e pela pol\u00edcia d\u00e3o conta de que o ve\u00edculo transportava alunos para uma Feira de Ci\u00eancias, quando teria apresentado um problema mec\u00e2nico e desceu uma ladeira sem controle (desgovernado).<\/p>\n<p>At\u00e9 o momento a din\u00e2mica do acidente n\u00e3o foi oficializada pela Pol\u00edcia. Inicialmente foi divulgado para a imprensa que o ve\u00edculo capotou. Uma foto publicada por moradores da comunidade, nas redes sociais, mostra o local da trag\u00e9dia.<\/p>\n<p>O impacto do acidente provocou a morte instant\u00e2nea de tr\u00eas ocupantes do escolar e deixou outros presos \u00e0s ferragens em estado grave. O Corpo de Bombeiros de Te\u00f3filo Otoni foi acionado e equipes est\u00e3o deslocando para o trabalho de desencarceramento das v\u00edtimas. O Servi\u00e7o de Atendimento M\u00f3vel de Urg\u00eancia (SAMU) tamb\u00e9m est\u00e1 no local.<\/p>\n<p><img decoding=\"async\" src=\"http:\/\/aconteceunovale.com.br\/portal\/wp-content\/uploads\/2016\/09\/pp_acidente_1.jpg\" alt=\"\" \/><em>Acidente aconteceu na zona rural de Padre Para\u00edso (Foto: Reprodu\u00e7\u00e3o)<\/em><br \/>\n<\/br><\/p>\n<p>A Per\u00edcia T\u00e9cnica da Pol\u00edcia Civil tamb\u00e9m foi acionada e ap\u00f3s os trabalhos de praxe, os corpos ser\u00e3o removidos ao Instituto M\u00e9dico Legal (IML) em Te\u00f3filo Otoni. As causas do acidente ser\u00e3o apuradas.<\/p>\n<p>Pelas redes sociais, moradores do munic\u00edpio lamentam a trag\u00e9dia. <em>\u201c(&#8230;) Meu Deus, tem miseric\u00f3rdia, nos ajude senhor. Gostaria de dizer bom dia, mas n\u00e3o posso, acaba de acontecer um acidente com alunos da escola do Encachoeirado. O micro-\u00f4nibus tombou, pe\u00e7o ora\u00e7\u00e3o para eles, porque eles n\u00e3o est\u00e3o bem.\u201d<\/em>, disse uma moradora pelo Facebook. Ela tamb\u00e9m informou: <em>\u201cPor favor amigos, j\u00e1 morreram tr\u00eas alunos, tem outros no meio das ferragens. Estamos precisando de bombeiro, pe\u00e7am ajuda por favor.\u201d<\/em><\/p>\n<h4><strong>Leia mais<\/strong><\/h4>\n<p><a href=\"http:\/\/aconteceunovale.com.br\/portal\/?p=97124\" target=\"_blank\"><font color=\"blue\">&#8211; Sobe para quatro o n\u00famero de mortos em acidente com ve\u00edculo escolar em Padre Para\u00edso<\/font><\/a><\/p>\n<p><a href=\"http:\/\/aconteceunovale.com.br\/portal\/?p=97124\" target=\"_blank\"><font color=\"blue\">&#8211; Divulgada a identifica\u00e7\u00e3o das v\u00edtimas do acidente com \u00f4nibus escolar em Padre Para\u00edso<\/font><\/a><br \/>\n<\/br><\/p>\n<p><img decoding=\"async\" src=\"http:\/\/aconteceunovale.com.br\/portal\/wp-content\/uploads\/2016\/09\/pp_acidente_2.jpg\" alt=\"\" \/><em>Acidente aconteceu na zona rural de Padre Para\u00edso (Foto: Reprodu\u00e7\u00e3o)<\/em><br \/>\n<\/br><\/p>\n<p><img decoding=\"async\" src=\"http:\/\/aconteceunovale.com.br\/portal\/wp-content\/uploads\/2016\/09\/pp_acidente_3.jpg\" alt=\"\" \/><em>Acidente aconteceu na zona rural de Padre Para\u00edso (Foto: Reprodu\u00e7\u00e3o)<\/em><br \/>\n<\/br><\/p>\n<p><img decoding=\"async\" src=\"http:\/\/aconteceunovale.com.br\/portal\/wp-content\/uploads\/2016\/09\/pp_acidente_4.jpg\" alt=\"\" \/><em>Acidente aconteceu na zona rural de Padre Para\u00edso (Foto: Reprodu\u00e7\u00e3o)<\/em><\/p>\n","protected":false},"excerpt":{"rendered":"<p>Pelo menos tr\u00eas pessoas morreram em um grave acidente envolvendo um micro-\u00f4nibus escolar na manh\u00e3 desta sexta-feira, 16 de setembro de 2016, na localidade de C\u00f3rrego da Lagoa, munic\u00edpio de Padre Para\u00edso, no Vale do Jequitinhonha. As primeiras informa\u00e7\u00f5es divulgadas por equipes de resgate e pela pol\u00edcia d\u00e3o conta de que o ve\u00edculo transportava alunos [&hellip;]<\/p>\n","protected":false},"author":1,"featured_media":97114,"comment_status":"open","ping_status":"closed","sticky":false,"template":"","format":"standard","meta":{"amp_status":"","footnotes":""},"categories":[120],"tags":[115600,115592,115596,115599,115595,115597,115594,53529,115593,115598,1018,115602,572,115601],"class_list":["post-97109","post","type-post","status-publish","format-standard","has-post-thumbnail","hentry","category-jequi","tag-acidente-alunos-da-escola-do-encachoeirado","tag-acidente-com-veiculo-escolar-deixa-pelo-menos-tres-mortos-em-padre-paraiso","tag-acidente-encachoeirado-padre-paraiso","tag-acidente-estudantes-padre-paraiso","tag-acidente-micro-onibus-escolar-padre-paraiso","tag-acidente-municipio-de-padre-paraiso","tag-acidente-onibus-escolar-padre-paraiso","tag-acidente-padre-paraiso","tag-acidente-veiculo-escolar-padre-paraiso","tag-acidente-zona-rural-de-padre-paraiso","tag-destaque","tag-encachoeirado","tag-padre-paraiso","tag-tragedia-padre-paraiso"],"_links":{"self":[{"href":"https:\/\/aconteceunovale.com.br\/portal\/index.php?rest_route=\/wp\/v2\/posts\/97109","targetHints":{"allow":["GET"]}}],"collection":[{"href":"https:\/\/aconteceunovale.com.br\/portal\/index.php?rest_route=\/wp\/v2\/posts"}],"about":[{"href":"https:\/\/aconteceunovale.com.br\/portal\/index.php?rest_route=\/wp\/v2\/types\/post"}],"author":[{"embeddable":true,"href":"https:\/\/aconteceunovale.com.br\/portal\/index.php?rest_route=\/wp\/v2\/users\/1"}],"replies":[{"embeddable":true,"href":"https:\/\/aconteceunovale.com.br\/portal\/index.php?rest_route=%2Fwp%2Fv2%2Fcomments&post=97109"}],"version-history":[{"count":0,"href":"https:\/\/aconteceunovale.com.br\/portal\/index.php?rest_route=\/wp\/v2\/posts\/97109\/revisions"}],"wp:featuredmedia":[{"embeddable":true,"href":"https:\/\/aconteceunovale.com.br\/portal\/index.php?rest_route=\/wp\/v2\/media\/97114"}],"wp:attachment":[{"href":"https:\/\/aconteceunovale.com.br\/portal\/index.php?rest_route=%2Fwp%2Fv2%2Fmedia&parent=97109"}],"wp:term":[{"taxonomy":"category","embeddable":true,"href":"https:\/\/aconteceunovale.com.br\/portal\/index.php?rest_route=%2Fwp%2Fv2%2Fcategories&post=97109"},{"taxonomy":"post_tag","embeddable":true,"href":"https:\/\/aconteceunovale.com.br\/portal\/index.php?rest_route=%2Fwp%2Fv2%2Ftags&post=97109"}],"curies":[{"name":"wp","href":"https:\/\/api.w.org\/{rel}","templated":true}]}}