{"id":97104,"date":"2016-09-16T09:37:15","date_gmt":"2016-09-16T12:37:15","guid":{"rendered":"http:\/\/aconteceunovale.com.br\/portal\/?p=97104"},"modified":"2016-09-16T09:37:15","modified_gmt":"2016-09-16T12:37:15","slug":"previsao-do-tempo-para-minas-gerais-nesta-sexta-feira-16-de-setembro","status":"publish","type":"post","link":"https:\/\/aconteceunovale.com.br\/portal\/?p=97104","title":{"rendered":"Previs\u00e3o do tempo para Minas Gerais, nesta sexta-feira, 16 de setembro"},"content":{"rendered":"<h4><strong><em>Instabilidade, com pancadas de chuva na Regi\u00e3o Metropolitana de BH, Tri\u00e2ngulo, Oeste, Sul, Vertentes, Zona da Mata e Vale do Rio Doce.<\/em><\/strong><\/h4>\n<p>Nesta sexta-feira (16\/9) o tempo fica inst\u00e1vel, com pancadas de chuva em \u00e1reas do Tri\u00e2ngulo, Oeste, Sul, Campo das Vertentes, Zona da Mata, Metropolitana de Belo Horizonte e Vale do Rio Doce. Nas demais regi\u00f5es mineiras o tempo deve ficar ensolarado a parcialmente nublado.<\/p>\n<p>Os \u00edndices de umidade relativa do ar ficam em gradativo aumento em rela\u00e7\u00e3o aos dias anteriores. Por\u00e9m, na por\u00e7\u00e3o norte, noroeste e oeste do Tri\u00e2ngulo os \u00edndices ainda podem ficar em torno de 15% \u00e0 tarde.<\/p>\n<p>As temperaturas ficam em ligeiro decl\u00ednio em fun\u00e7\u00e3o do aumento das nuvens, mas ainda faz calor na maior parte do estado e a m\u00e1xima pode atingir 37\u00b0C no Norte mineiro.<\/p>\n<p>Na Regi\u00e3o Metropolitana de Belo Horizonte e na capital mineira o dia ser\u00e1 de c\u00e9u nublado a parcialmente nublado, com pancadas de chuva, trovoadas e rajadas de vento ocasionais. <\/p>\n<p>Ao longo do final de semana o tempo deve ficar inst\u00e1vel com chuva no Centro-Sul e Sudeste mineiro e as chances de chuva s\u00e3o maiores neste s\u00e1bado (17\/9).<\/p>\n","protected":false},"excerpt":{"rendered":"<p>Instabilidade, com pancadas de chuva na Regi\u00e3o Metropolitana de BH, Tri\u00e2ngulo, Oeste, Sul, Vertentes, Zona da Mata e Vale do Rio Doce. Nesta sexta-feira (16\/9) o tempo fica inst\u00e1vel, com pancadas de chuva em \u00e1reas do Tri\u00e2ngulo, Oeste, Sul, Campo das Vertentes, Zona da Mata, Metropolitana de Belo Horizonte e Vale do Rio Doce. Nas [&hellip;]<\/p>\n","protected":false},"author":1,"featured_media":82499,"comment_status":"open","ping_status":"closed","sticky":false,"template":"","format":"standard","meta":{"amp_status":"","footnotes":""},"categories":[123],"tags":[59681,194,131,38395,1956,27340,115578,86248,115577,1839,115575,27976,115574,115576],"class_list":["post-97104","post","type-post","status-publish","format-standard","has-post-thumbnail","hentry","category-gerais","tag-16-de-setembro","tag-belo-horizonte","tag-minas-gerais","tag-nesta-sexta-feira","tag-previsao-do-tempo","tag-previsao-do-tempo-para-belo-horizonte","tag-previsao-do-tempo-para-belo-horizonte-16-de-setembro","tag-previsao-do-tempo-para-belo-horizonte-nesta-sexta-feira","tag-previsao-do-tempo-para-belo-horizonte-nesta-sexta-feira-16-de-setembro","tag-previsao-do-tempo-para-minas-gerais","tag-previsao-do-tempo-para-minas-gerais-16-de-setembro","tag-previsao-do-tempo-para-minas-gerais-nesta-sexta-feira","tag-previsao-do-tempo-para-minas-gerais-nesta-sexta-feira-16-de-setembro","tag-sexta-feira-16-de-setembro"],"_links":{"self":[{"href":"https:\/\/aconteceunovale.com.br\/portal\/index.php?rest_route=\/wp\/v2\/posts\/97104","targetHints":{"allow":["GET"]}}],"collection":[{"href":"https:\/\/aconteceunovale.com.br\/portal\/index.php?rest_route=\/wp\/v2\/posts"}],"about":[{"href":"https:\/\/aconteceunovale.com.br\/portal\/index.php?rest_route=\/wp\/v2\/types\/post"}],"author":[{"embeddable":true,"href":"https:\/\/aconteceunovale.com.br\/portal\/index.php?rest_route=\/wp\/v2\/users\/1"}],"replies":[{"embeddable":true,"href":"https:\/\/aconteceunovale.com.br\/portal\/index.php?rest_route=%2Fwp%2Fv2%2Fcomments&post=97104"}],"version-history":[{"count":0,"href":"https:\/\/aconteceunovale.com.br\/portal\/index.php?rest_route=\/wp\/v2\/posts\/97104\/revisions"}],"wp:featuredmedia":[{"embeddable":true,"href":"https:\/\/aconteceunovale.com.br\/portal\/index.php?rest_route=\/wp\/v2\/media\/82499"}],"wp:attachment":[{"href":"https:\/\/aconteceunovale.com.br\/portal\/index.php?rest_route=%2Fwp%2Fv2%2Fmedia&parent=97104"}],"wp:term":[{"taxonomy":"category","embeddable":true,"href":"https:\/\/aconteceunovale.com.br\/portal\/index.php?rest_route=%2Fwp%2Fv2%2Fcategories&post=97104"},{"taxonomy":"post_tag","embeddable":true,"href":"https:\/\/aconteceunovale.com.br\/portal\/index.php?rest_route=%2Fwp%2Fv2%2Ftags&post=97104"}],"curies":[{"name":"wp","href":"https:\/\/api.w.org\/{rel}","templated":true}]}}