{"id":97099,"date":"2016-09-15T23:44:07","date_gmt":"2016-09-16T02:44:07","guid":{"rendered":"http:\/\/aconteceunovale.com.br\/portal\/?p=97099"},"modified":"2016-09-15T23:44:07","modified_gmt":"2016-09-16T02:44:07","slug":"provem-uma-corrupcao-minha-e-eu-irei-a-pe-para-ser-preso-diz-lula","status":"publish","type":"post","link":"https:\/\/aconteceunovale.com.br\/portal\/?p=97099","title":{"rendered":"&#8220;Provem uma corrup\u00e7\u00e3o minha e eu irei a p\u00e9 para ser preso&#8221;, diz Lula"},"content":{"rendered":"<p>O ex-presidente da Rep\u00fablica Luiz In\u00e1cio Lula da Silva fez cr\u00edticas, em discurso, na tarde de hoje (15) aos procuradores que o denunciaram ontem (14) na Opera\u00e7\u00e3o Lava Jato. Lula diz que a apresenta\u00e7\u00e3o da den\u00fancia foi \u201cum espet\u00e1culo de pirotecnia\u201d e que \u00e9 v\u00edtima de persegui\u00e7\u00e3o \u201cpelas coisas boas que fez pelo pa\u00eds\u201d.<\/p>\n<p>\u201cEm respeito \u00e0 lei, vou prestar quantos depoimentos forem necess\u00e1rios. Podem me chamar que estou l\u00e1. Se tem uma coisa que eles tem que aprender \u00e9 que eles n\u00e3o est\u00e3o habituados com o cidad\u00e3o, que a \u00fanica coisa que tenho orgulho \u00e9 que conquistei o direito de andar de cabe\u00e7a erguida. Provem uma corrup\u00e7\u00e3o minha e eu irei a p\u00e9 para ser preso\u201d, disse em discurso, durante evento organizado pelo PT no Novotel Jaragu\u00e1, na capital paulista.<\/p>\n<p>Ontem (15), o ex-presidente foi denunciado, no \u00e2mbito da Lava Jato, por procuradores do Minist\u00e9rio P\u00fablico Federal \u00e0 Justi\u00e7a pelos crimes de lavagem de dinheiro, corrup\u00e7\u00e3o passiva e falsidade ideol\u00f3gica. Na den\u00fancia, os procuradores dizem que o ex-presidente recebeu vantagens indevidas referentes \u00e0 reforma de um triplex em Guaruj\u00e1 (SP) feita pela empreiteira OAS. A esposa de Lula, Marisa Let\u00edcia, tamb\u00e9m foi denunciada. De acordo com  procurador da Rep\u00fablica Deltan Dallagnol, o ex-presidente era o &#8220;comandante m\u00e1ximo do esquema de corrup\u00e7\u00e3o identificado na [Opera\u00e7\u00e3o] Lava Jato&#8221;. <\/p>\n<p>\u201cN\u00e3o conhe\u00e7o pessoalmente os meninos que fizeram o espet\u00e1culo de pirotecnia. Mas pela educa\u00e7\u00e3o que eu tive de ber\u00e7o, eu respeitaria mais a fam\u00edlia deles do que eles respeitaram a minha\u201d, disse.<\/p>\n<p>\u201cAprendi que n\u00e3o adianta ficar nervoso ou zangado. Se ficar, voc\u00ea sofre mais e faz o jogo do advers\u00e1rio. Ontem, eu n\u00e3o quis ficar zangado. S\u00f3 n\u00e3o compreendia o porqu\u00ea daquilo. Por que se convoca a coletiva, com dinheiro p\u00fablico e se diz &#8216;n\u00e3o tenho prova, mas tenho convic\u00e7\u00e3o&#8217;? N\u00e3o posso dizer qual \u00e9 a convic\u00e7\u00e3o que eu tenho deles. Eles tinham a prova do avi\u00e3o [em refer\u00eancia ao helic\u00f3ptero da fam\u00edlia do senador Zez\u00e9 Perrella (PDT), apreendido em 2013, com coca\u00edna], eles viram a coca\u00edna, tinham a prova, mas eles n\u00e3o tinham convic\u00e7\u00e3o\u201d, acrescentou, sendo aplaudido pelo p\u00fablico que acompanhava o discurso, entre eles parlamentares petistas e l\u00edderes de movimentos sociais.<\/p>\n<p><img decoding=\"async\" src=\"http:\/\/aconteceunovale.com.br\/portal\/wp-content\/uploads\/2016\/09\/lula_a_pe_1.jpg\" alt=\"\" \/><em>O ex-presidente Lula cumprimenta manifestantes (Rovena Rosa\/Ag\u00eancia Brasil)<\/em><br \/>\n<\/br><\/p>\n<p><strong>Mentira<\/strong><\/p>\n<p>O ex-presidente negou que seja dono do apartamento citado pelos procuradores e que \u00e9 v\u00edtima de uma mentira. \u201cMe dedicaram um apartamento que n\u00e3o tenho, me dedicaram uma ch\u00e1cara que n\u00e3o \u00e9 minha, me dedicaram at\u00e9 a ser comandante [do esquema de corrup\u00e7\u00e3o na Petrobras]. &#8216;N\u00e3o tenho prova, mas tenho convic\u00e7\u00e3o&#8217; [em refer\u00eancia a coment\u00e1rio dos procuradores durante detalhamento da den\u00fancia] de que quem mentiu est\u00e1 em uma enrascada. Tenho convic\u00e7\u00e3o de que setores da imprensa que mentiram v\u00e3o ter que construir uma vers\u00e3o para sair dessa enrascada. E n\u00e3o vou perder sono por causa disso. Quem vai perder o sono \u00e9 quem acha que eu perderei o sono. A hist\u00f3ria mal come\u00e7ou. E eu ainda vou viver muito\u201d, disse.<\/p>\n<p><strong>L\u00e1grimas<\/strong><\/p>\n<p>Em dois momentos do discurso, Lula foi as l\u00e1grimas. O primeiro deles ao dizer que conquistou o direito de \u201candar de cabe\u00e7a erguida\u201d, sendo saudado pelo p\u00fablico presente no hotel no centro da capital que gritava \u201cLula, guerreiro do povo brasileiro\u201d. No segundo momento, Lula lembrou da inf\u00e2ncia pobre, recordando ter passado fome. \u201cTenho certeza de uma coisa: nada. S\u00f3 Deus, pode me fazer parar de luta pelo que acredito. Tenho uma raz\u00e3o e motiva\u00e7\u00e3o e quando se tem isso, n\u00e3o tem tempo para canseira\u201d.<\/p>\n<p>O ex-presidente provocou seus cr\u00edticos: \u201cNenhum deles \u00e9 maior do que a lei. Quando eu transgredir a lei, me punam para ser exemplo. Mas quando eu n\u00e3o transgredir, procurem outro para dar problema\u201d.<\/p>\n<p><strong>PT<\/strong><\/p>\n<p>Lula disse ainda ter orgulho de ter fundado o PT. Ao final do discurso, ele mostrou a camisa do PT, que estava vestindo. \u201cQuero dizer a quem n\u00e3o gosta do PT que cada petista nesse pa\u00eds tem que come\u00e7ar a andar de camisa vermelha. Esse partido tem que ter orgulho. Esse partido, aos 36 anos, tem que ter orgulho porque nunca ningu\u00e9m fez o que esse partido fez\u201d.<\/p>\n<p><strong>Ato de apoio<\/strong><\/p>\n<p>Do lado de fora do hotel, dezenas de pessoas se reuniram em um ato de apoio ao ex-presidente, que discursou para militantes, parlamentares do PT, ex-ministros e l\u00edderes de movimentos sociais. A manifesta\u00e7\u00e3o, convocada pelas redes sociais, fechou parte da Rua Martins Fontes e terminou \u00e0s 15h30. <\/p>\n<p>A enfermeira Edva Aguilar, 59 anos, participou do ato que, segundo ela, era &#8220;de rep\u00fadio \u00e0 Justi\u00e7a, ao Minist\u00e9rio P\u00fablico, \u00e0 Pol\u00edcia Federal, ao Supremo e a todas essas institui\u00e7\u00f5es que s\u00e3o parciais e partid\u00e1rias e que s\u00e3o antipetistas e colaboraram para o golpe nesse pa\u00eds\u201d.<\/p>\n<p>Para ela, as acusa\u00e7\u00f5es contra Lula s\u00e3o infundadas e ele est\u00e1 sendo perseguido &#8220;por representar o povo&#8221;. \u201cEles t\u00eam muito medo que Lula volte ao poder. Eles t\u00eam muito medo que Lula, em 2018, seja eleito\u201d, disse. &#8220;Se Lula era o chefe do petrol\u00e3o, porque ent\u00e3o ele ficou com uma fatia t\u00e3o pequena, com um simples triplex enquanto os outros tem apartamento em Paris? Como \u00e9 que ele ficou com um &#8216;sitiozinho&#8217; onde ele vai carregando isopor na cabe\u00e7a? Vamos abrir os olhos. Os grandes corruptos s\u00e3o acobertados pela Justi\u00e7a e pela m\u00eddia&#8221;, acrescentou.<\/p>\n","protected":false},"excerpt":{"rendered":"<p>O ex-presidente da Rep\u00fablica Luiz In\u00e1cio Lula da Silva fez cr\u00edticas, em discurso, na tarde de hoje (15) aos procuradores que o denunciaram ontem (14) na Opera\u00e7\u00e3o Lava Jato. Lula diz que a apresenta\u00e7\u00e3o da den\u00fancia foi \u201cum espet\u00e1culo de pirotecnia\u201d e que \u00e9 v\u00edtima de persegui\u00e7\u00e3o \u201cpelas coisas boas que fez pelo pa\u00eds\u201d. \u201cEm [&hellip;]<\/p>\n","protected":false},"author":1,"featured_media":97100,"comment_status":"open","ping_status":"closed","sticky":false,"template":"","format":"standard","meta":{"amp_status":"","footnotes":""},"categories":[40240],"tags":[22876,115441,19480,115443,83291,21883,112717,115324,44728,115323,115440,82255,115322,115325,75877,27144,112718,14124,7147,115321,115442,75870,5667,18887,115319,115320,22875,18095,80867,112719,5499,115439,115572,115326,75871,82555],"class_list":["post-97099","post","type-post","status-publish","format-standard","has-post-thumbnail","hentry","category-politica-2","tag-agenor-franklin-magalhaes-medeiros","tag-comandante-maximo-do-esquema-de-corrupcao-identificado-na-lava-jato","tag-corrupcao","tag-crime-do-lula-para-a-lava-jato-e-ter-sido-presidente","tag-deltan-dallagnol","tag-denuncia","tag-edificio-solaris","tag-ex-presidente-da-oas","tag-ex-presidente-luiz-inacio-lula-da-silva","tag-ex-presidente-luiz-inacio-lula-da-silva-denunciado-na-lava-jato","tag-ex-presidente-luiz-inacio-lula-da-silva-era-o-comandante-maximo-do-esquema-de-corrupcao-identificado-na-lava-jato","tag-ex-presidente-lula","tag-ex-presidente-lula-denunciado-na-operacao-lava-jato","tag-fabio-hori-yonamine","tag-instituto-lula","tag-lava-jato","tag-leo-pinheiro","tag-luiz-inacio-lula-da-silva","tag-lula","tag-lula-denunciado-na-operacao-lava-jato","tag-lula-volta-a-negar-que-seja-dono-de-triplex","tag-marisa-leticia","tag-ministerio-publico-federal","tag-mpf","tag-mpf-denuncia-lula","tag-mpf-denuncia-marisa-leticia","tag-oas","tag-operacao-lava-jato","tag-paulo-okamotto","tag-paulo-roberto-valente-gordilho","tag-petrobras","tag-procurador-da-republica-deltan-dallagnol","tag-provem-uma-corrupcao-minha-e-eu-irei-a-pe-para-ser-preso","tag-roberto-moreira-ferreira","tag-triplex","tag-triplex-no-guaruja"],"_links":{"self":[{"href":"https:\/\/aconteceunovale.com.br\/portal\/index.php?rest_route=\/wp\/v2\/posts\/97099","targetHints":{"allow":["GET"]}}],"collection":[{"href":"https:\/\/aconteceunovale.com.br\/portal\/index.php?rest_route=\/wp\/v2\/posts"}],"about":[{"href":"https:\/\/aconteceunovale.com.br\/portal\/index.php?rest_route=\/wp\/v2\/types\/post"}],"author":[{"embeddable":true,"href":"https:\/\/aconteceunovale.com.br\/portal\/index.php?rest_route=\/wp\/v2\/users\/1"}],"replies":[{"embeddable":true,"href":"https:\/\/aconteceunovale.com.br\/portal\/index.php?rest_route=%2Fwp%2Fv2%2Fcomments&post=97099"}],"version-history":[{"count":0,"href":"https:\/\/aconteceunovale.com.br\/portal\/index.php?rest_route=\/wp\/v2\/posts\/97099\/revisions"}],"wp:featuredmedia":[{"embeddable":true,"href":"https:\/\/aconteceunovale.com.br\/portal\/index.php?rest_route=\/wp\/v2\/media\/97100"}],"wp:attachment":[{"href":"https:\/\/aconteceunovale.com.br\/portal\/index.php?rest_route=%2Fwp%2Fv2%2Fmedia&parent=97099"}],"wp:term":[{"taxonomy":"category","embeddable":true,"href":"https:\/\/aconteceunovale.com.br\/portal\/index.php?rest_route=%2Fwp%2Fv2%2Fcategories&post=97099"},{"taxonomy":"post_tag","embeddable":true,"href":"https:\/\/aconteceunovale.com.br\/portal\/index.php?rest_route=%2Fwp%2Fv2%2Ftags&post=97099"}],"curies":[{"name":"wp","href":"https:\/\/api.w.org\/{rel}","templated":true}]}}