{"id":97089,"date":"2016-09-15T23:18:25","date_gmt":"2016-09-16T02:18:25","guid":{"rendered":"http:\/\/aconteceunovale.com.br\/portal\/?p=97089"},"modified":"2016-09-15T23:18:25","modified_gmt":"2016-09-16T02:18:25","slug":"policia-federal-indicia-fernando-pimentel-e-marcelo-odebrecht","status":"publish","type":"post","link":"https:\/\/aconteceunovale.com.br\/portal\/?p=97089","title":{"rendered":"Pol\u00edcia Federal indicia Fernando Pimentel e Marcelo Odebrecht"},"content":{"rendered":"<p>A Pol\u00edcia Federal (PF) indiciou nesta quinta-feira (15\/09\/2016) o governador de Minas Gerais, Fernando Pimentel, e o empres\u00e1rio Marcelo Odebrecht no \u00e2mbito da Opera\u00e7\u00e3o Acr\u00f4nimo. Pimentel e Odebrecht s\u00e3o investigados por suspeita de corrup\u00e7\u00e3o e lavagem de dinheiro. O governador tamb\u00e9m foi acusado de tr\u00e1fico de influ\u00eancia.<\/p>\n<p>Conforme os ind\u00edcios levantados na opera\u00e7\u00e3o, o governador recebeu propina da construtora Odebrecht, que havia sido beneficiada pelo Minist\u00e9rio do Desenvolvimento, Ind\u00fastria e Com\u00e9rcio Exterior, comandado por Pimentel de 2011 a 2014. Nesse per\u00edodo, Pimentel teria atuado para liberar financiamentos do Banco Nacional de Desenvolvimento Econ\u00f4mico e Social (BNDES) para obras da empreiteira em Mo\u00e7ambique e na Argentina. O BNDES \u00e9 vinculado \u00e0 pasta.<\/p>\n<p>Como o governador tem foro privilegiado, o indiciamento precisou da autoriza\u00e7\u00e3o do ministro Herman Benjamin, do Superior Tribunal de Justi\u00e7a (STJ). Caber\u00e1 agora \u00e0 Procuradoria-Geral da Rep\u00fablica (PGR) decidir se concorda com o indiciamento e leva a den\u00fancia \u00e0 Justi\u00e7a.<\/p>\n<p>As investiga\u00e7\u00f5es da Opera\u00e7\u00e3o Acr\u00f4nimo come\u00e7aram em outubro de 2014, quando agentes federais apreenderam R$ 113 mil em uma aeronave que chegava ao Aeroporto Internacional de Bras\u00edlia. Na \u00e9poca, a PF informou que tinha como foco o combate a uma organiza\u00e7\u00e3o criminosa investigada por lavagem de dinheiro e desvio de recursos p\u00fablicos.<\/p>\n<p>Entre os presos estava Benedito de Oliveira Neto, conhecido como Ben\u00e9 e dono da Gr\u00e1fica Brasil. Naquele ano, Ben\u00e9 atuou na campanha do ent\u00e3o candidato e atual governador de Minas Gerais, Fernando Pimentel. Em troca de redu\u00e7\u00e3o da pena, Ben\u00e9 assinou acordo de colabora\u00e7\u00e3o com a Justi\u00e7a.<\/p>\n<p><strong>Defesa<\/strong><\/p>\n<p>Em nota, a defesa do governador contesta a legalidade do indiciamento, classificando-o de ato de convencimento da autoridade policial, e diz que n\u00e3o tem qualquer outra consequ\u00eancia. &#8220;O Supremo Tribunal Federal, por maioria esmagadora, afirma a impossibilidade desse indiciamento. A PGR, tamb\u00e9m. Mas isso n\u00e3o inibe quem quer antecipar culpa, a todo custo&#8221;, destaca o texto.<\/p>\n<p>A defesa de Pimentel diz que aguarda o julgamento de quest\u00f5es de ordem que demonstrar\u00e3o as ilegalidades da Opera\u00e7\u00e3o Acr\u00f4nimo.<\/p>\n<p>No documento, o advogado Eug\u00eanio Pacelli classifica de \u201cris\u00edvel\u201d a &#8220;coincid\u00eancia&#8221; que vai se repetindo a cada dia em que se designam novas datas para o prosseguimento do julgamento dos recursos da defesa no STJ. \u201cSempre vem uma nova opera\u00e7\u00e3o ou novo indiciamento.\u201d<\/p>\n<p>O indiciamento, agora, ser\u00e1 analisado pelo vice-procurador-geral da Rep\u00fablica, Jos\u00e9 Bonif\u00e1cio Borges de Andrada, respons\u00e1vel pelas a\u00e7\u00f5es envolvendo governadores no STJ.<\/p>\n<p>Procurada, a Odebrecht disse que n\u00e3o vai se pronunciar.<\/p>\n<p><strong>Den\u00fancia<\/strong><\/p>\n<p>Em maio, a PGR denunciou Pimentel ao STJ pelos crimes de corrup\u00e7\u00e3o e lavagem de dinheiro, tamb\u00e9m na Opera\u00e7\u00e3o Acr\u00f4nimo. Ben\u00e9 tamb\u00e9m foi citado na den\u00fancia.<\/p>\n<p>O governador\u00a0j\u00e1 havia sido indiciado\u00a0pela PF em abril por corrup\u00e7\u00e3o passiva, organiza\u00e7\u00e3o criminosa, lavagem de dinheiro e tr\u00e1fico de influ\u00eancia. Ele foi acusado de interceder para favorecer a montadora Caoa, representante da Hyundai no Brasil. Em 2012, quando Pimentel era ministro do Desenvolvimento, foi lan\u00e7ado o Programa Inovar Auto, que concedia incentivos fiscais a ind\u00fastrias do setor automotivo.<\/p>\n<p>De acordo com investiga\u00e7\u00f5es da Opera\u00e7\u00e3o Acr\u00f4nimo, A Caoa pagou propina para participar do programa.\u00a0Em maio, a PGR levou o caso \u00e0 Justi\u00e7a e formalizou den\u00fancia.<\/p>\n<p>A Opera\u00e7\u00e3o Acr\u00f4nimo chegou hoje \u00e0\u00a0oitava fase. Os policiais federais investigam se a Odebrecht pagou R$ 3 milh\u00f5es em propinas a um assessor do Minist\u00e9rio da Fazenda para desenvolver projetos em Cuba, na Rep\u00fablica Dominicana, no Panam\u00e1, em Angola, Gana e no M\u00e9xico. Pimentel n\u00e3o \u00e9 alvo dessa fase da Acr\u00f4nimo.<\/p>\n<p>O dinheiro teria sido repassado a Benedito Rodrigues de Oliveira, apontado como operador do esquema para beneficiar Pimentel. Em abril, ele fechou acordo de\u00a0dela\u00e7\u00e3o premiada.<\/p>\n<p>O acordo feito por Ben\u00e9 tamb\u00e9m \u00e9 contestado na nota encaminhada hoje pela defesa de Pimentel. &#8220;Trocou-se um pacote de crimes de toda esp\u00e9cie por um ano de pris\u00e3o domiciliar. Viola\u00e7\u00e3o da primeira \u00e0 \u00faltima letra da lei&#8221;, diz o texto. (Ag\u00eancia Brasil)<\/p>\n","protected":false},"excerpt":{"rendered":"<p>A Pol\u00edcia Federal (PF) indiciou nesta quinta-feira (15\/09\/2016) o governador de Minas Gerais, Fernando Pimentel, e o empres\u00e1rio Marcelo Odebrecht no \u00e2mbito da Opera\u00e7\u00e3o Acr\u00f4nimo. Pimentel e Odebrecht s\u00e3o investigados por suspeita de corrup\u00e7\u00e3o e lavagem de dinheiro. O governador tamb\u00e9m foi acusado de tr\u00e1fico de influ\u00eancia. Conforme os ind\u00edcios levantados na opera\u00e7\u00e3o, o governador [&hellip;]<\/p>\n","protected":false},"author":1,"featured_media":97090,"comment_status":"open","ping_status":"closed","sticky":false,"template":"","format":"standard","meta":{"amp_status":"","footnotes":""},"categories":[6,123],"tags":[95619,19480,81548,12826,17334,73614,81544,46843,772,115566],"class_list":["post-97089","post","type-post","status-publish","format-standard","has-post-thumbnail","hentry","category-br","category-gerais","tag-construtora-odebrecht","tag-corrupcao","tag-empresario-marcelo-odebrecht","tag-fernando-pimentel","tag-governador-de-minas-gerais","tag-indiciamento","tag-marcelo-odebrecht","tag-operacao-acronimo","tag-policia-federal","tag-policia-federal-indicia-fernando-pimentel-e-marcelo-odebrecht"],"_links":{"self":[{"href":"https:\/\/aconteceunovale.com.br\/portal\/index.php?rest_route=\/wp\/v2\/posts\/97089","targetHints":{"allow":["GET"]}}],"collection":[{"href":"https:\/\/aconteceunovale.com.br\/portal\/index.php?rest_route=\/wp\/v2\/posts"}],"about":[{"href":"https:\/\/aconteceunovale.com.br\/portal\/index.php?rest_route=\/wp\/v2\/types\/post"}],"author":[{"embeddable":true,"href":"https:\/\/aconteceunovale.com.br\/portal\/index.php?rest_route=\/wp\/v2\/users\/1"}],"replies":[{"embeddable":true,"href":"https:\/\/aconteceunovale.com.br\/portal\/index.php?rest_route=%2Fwp%2Fv2%2Fcomments&post=97089"}],"version-history":[{"count":0,"href":"https:\/\/aconteceunovale.com.br\/portal\/index.php?rest_route=\/wp\/v2\/posts\/97089\/revisions"}],"wp:featuredmedia":[{"embeddable":true,"href":"https:\/\/aconteceunovale.com.br\/portal\/index.php?rest_route=\/wp\/v2\/media\/97090"}],"wp:attachment":[{"href":"https:\/\/aconteceunovale.com.br\/portal\/index.php?rest_route=%2Fwp%2Fv2%2Fmedia&parent=97089"}],"wp:term":[{"taxonomy":"category","embeddable":true,"href":"https:\/\/aconteceunovale.com.br\/portal\/index.php?rest_route=%2Fwp%2Fv2%2Fcategories&post=97089"},{"taxonomy":"post_tag","embeddable":true,"href":"https:\/\/aconteceunovale.com.br\/portal\/index.php?rest_route=%2Fwp%2Fv2%2Ftags&post=97089"}],"curies":[{"name":"wp","href":"https:\/\/api.w.org\/{rel}","templated":true}]}}