{"id":97085,"date":"2016-09-15T22:39:02","date_gmt":"2016-09-16T01:39:02","guid":{"rendered":"http:\/\/aconteceunovale.com.br\/portal\/?p=97085"},"modified":"2016-09-15T22:39:02","modified_gmt":"2016-09-16T01:39:02","slug":"porco-ataca-e-fere-motociclista-em-montes-claros","status":"publish","type":"post","link":"https:\/\/aconteceunovale.com.br\/portal\/?p=97085","title":{"rendered":"Porco ataca e fere motociclista em Montes Claros"},"content":{"rendered":"<p>Uma cena rara foi registrada em Montes Claros, regi\u00e3o Norte de Minas, nesta semana. Um porco de m\u00e9dio porte, que estava soltou em um lote vago atacou uma mulher que seguia em uma moto. O caso aconteceu na tarde de quarta-feira (14\/09\/2016) no bairro Santo Amaro. Ap\u00f3s o ataque, a motociclista ficou ca\u00edda da via. Segundo o Corpo de Bombeiros, ela sofreu ferimentos no abd\u00f4men, bra\u00e7o, perna, costas e escoria\u00e7\u00f5es generalizadas pelo corpo.<\/p>\n<p>A v\u00edtima recebeu os primeiros no local e depois foi encaminhada para o Hospital Universit\u00e1rio, onde ficou em observa\u00e7\u00e3o. O propriet\u00e1rio do porco n\u00e3o foi encontrado e o animal permaneceu no lote vago.<\/p>\n<p><img decoding=\"async\" src=\"http:\/\/aconteceunovale.com.br\/portal\/wp-content\/uploads\/2016\/09\/porco_bravo_moc_1.jpg\" alt=\"\" \/><em>Caso aconteceu em uma rua de terra no bairro Santo Amaro (Divulga\u00e7\u00e3o\/Bombeiros)<\/em><br \/>\n<\/br><\/p>\n<p><img decoding=\"async\" src=\"http:\/\/aconteceunovale.com.br\/portal\/wp-content\/uploads\/2016\/09\/porco_bravo_moc_2.jpg\" alt=\"\" \/><em>Caso aconteceu em uma rua de terra no bairro Santo Amaro (Divulga\u00e7\u00e3o\/Bombeiros)<\/em><br \/>\n<\/br><\/p>\n<p>(Hoje em Dia)<\/p>\n","protected":false},"excerpt":{"rendered":"<p>Uma cena rara foi registrada em Montes Claros, regi\u00e3o Norte de Minas, nesta semana. Um porco de m\u00e9dio porte, que estava soltou em um lote vago atacou uma mulher que seguia em uma moto. O caso aconteceu na tarde de quarta-feira (14\/09\/2016) no bairro Santo Amaro. Ap\u00f3s o ataque, a motociclista ficou ca\u00edda da via. [&hellip;]<\/p>\n","protected":false},"author":1,"featured_media":97086,"comment_status":"open","ping_status":"closed","sticky":false,"template":"","format":"standard","meta":{"amp_status":"","footnotes":""},"categories":[1236],"tags":[115563,210,115562,115564,115565],"class_list":["post-97085","post","type-post","status-publish","format-standard","has-post-thumbnail","hentry","category-norte_de_minas","tag-ataque-de-porco-em-montes-claros","tag-montes-claros","tag-porco-ataca-e-fere-motociclista-em-montes-claros","tag-porco-ataca-motociclista-em-montes-claros","tag-vitima-de-porco-em-montes-claros"],"_links":{"self":[{"href":"https:\/\/aconteceunovale.com.br\/portal\/index.php?rest_route=\/wp\/v2\/posts\/97085","targetHints":{"allow":["GET"]}}],"collection":[{"href":"https:\/\/aconteceunovale.com.br\/portal\/index.php?rest_route=\/wp\/v2\/posts"}],"about":[{"href":"https:\/\/aconteceunovale.com.br\/portal\/index.php?rest_route=\/wp\/v2\/types\/post"}],"author":[{"embeddable":true,"href":"https:\/\/aconteceunovale.com.br\/portal\/index.php?rest_route=\/wp\/v2\/users\/1"}],"replies":[{"embeddable":true,"href":"https:\/\/aconteceunovale.com.br\/portal\/index.php?rest_route=%2Fwp%2Fv2%2Fcomments&post=97085"}],"version-history":[{"count":0,"href":"https:\/\/aconteceunovale.com.br\/portal\/index.php?rest_route=\/wp\/v2\/posts\/97085\/revisions"}],"wp:featuredmedia":[{"embeddable":true,"href":"https:\/\/aconteceunovale.com.br\/portal\/index.php?rest_route=\/wp\/v2\/media\/97086"}],"wp:attachment":[{"href":"https:\/\/aconteceunovale.com.br\/portal\/index.php?rest_route=%2Fwp%2Fv2%2Fmedia&parent=97085"}],"wp:term":[{"taxonomy":"category","embeddable":true,"href":"https:\/\/aconteceunovale.com.br\/portal\/index.php?rest_route=%2Fwp%2Fv2%2Fcategories&post=97085"},{"taxonomy":"post_tag","embeddable":true,"href":"https:\/\/aconteceunovale.com.br\/portal\/index.php?rest_route=%2Fwp%2Fv2%2Ftags&post=97085"}],"curies":[{"name":"wp","href":"https:\/\/api.w.org\/{rel}","templated":true}]}}