{"id":97079,"date":"2016-09-15T22:11:40","date_gmt":"2016-09-16T01:11:40","guid":{"rendered":"http:\/\/aconteceunovale.com.br\/portal\/?p=97079"},"modified":"2016-09-15T22:11:40","modified_gmt":"2016-09-16T01:11:40","slug":"trabalhadores-dos-correios-em-minas-gerais-aderem-a-greve-nacional","status":"publish","type":"post","link":"https:\/\/aconteceunovale.com.br\/portal\/?p=97079","title":{"rendered":"Trabalhadores dos Correios em Minas Gerais aderem \u00e0 greve nacional"},"content":{"rendered":"<p>Trabalhadores dos Correios em Minas Gerais aderiram nesta quinta-feira (15\/09\/2016) \u00e0 greve nacional, segundo o Sindicato dos Trabalhadores nas Empresas de Correios e Tel\u00e9grafos e Similares (Sintect-MG). A paralisa\u00e7\u00e3o \u00e9 por tempo indeterminado. Um ato foi realizado em Belo Horizonte durante a manh\u00e3.<\/p>\n<p>A entidade, que representa 657 munic\u00edpios no estado, ainda n\u00e3o informa o n\u00famero de funcion\u00e1rios parados. Segundo os Correios em Minas, nesta manh\u00e3, a ades\u00e3o era de 5% dos 12.743 trabalhadores no estado.<\/p>\n<p>A categoria reivindica 15% de reajuste e afirma que \u00e9 contr\u00e1ria a privatiza\u00e7\u00e3o e demiss\u00f5es. Em assembleia realizada na noite desta quarta-feira (14) em Belo Horizonte, os trabalhadores rejeitaram proposta de reajuste de 6% para este ano e 3% para 2017.<\/p>\n<p>\u201cDe agosto de 20015 a julho de 2016, a infla\u00e7\u00e3o oficial foi de 9,56%. O aumento de 6% j\u00e1 implica numa perda (pois referencia perdas j\u00e1 acumuladas nesse per\u00edodo) de 3,25%, Portanto, os 6% s\u00e3o, na realidade, 2,75% em cima do poder de compra do trabalhador\u201d, diz comunicado do Sintect-MG. Segundo o sindicato, a entidade representa 9 mil trabalhadores e abrange 77% das cidades mineiras, excluindo parte das regi\u00f5es Sul e Tri\u00e2ngulo.  <\/p>\n<p>O ato em Belo Horizonte foi iniciado no Complexo Operacional dos Correios, no Anel Rodovi\u00e1rio, na Regi\u00e3o da Pampulha. Segundo o sindicato, cerca de 600 participaram.<\/p>\n<p><img decoding=\"async\" src=\"http:\/\/aconteceunovale.com.br\/portal\/wp-content\/uploads\/2016\/09\/greve_correios_mg_1.jpg\" alt=\"\" \/><em>Trabalhadores dos Correios em Minas aderem \u00e0 greve nacional (Divulga\u00e7\u00e3o\/Sintec-MG)<\/em><br \/>\n<\/br><\/p>\n<p><strong>Greve nacional<\/strong><\/p>\n<p>A proposta apresentada pelos Correios inclui reajuste de 9%, sendo 6% a partir de agosto de 2016 e 3% a partir de fevereiro de 2017, e reajuste nos benef\u00edcios em 8,74%.<\/p>\n<p>De acordo com os Correios, no pa\u00eds, 98% dos empregados est\u00e3o trabalhando normalmente nesta quinta-feira (15). A ades\u00e3o concentra-se na \u00e1rea de distribui\u00e7\u00e3o (carteiros), sendo que as ag\u00eancias est\u00e3o abertas e operando dentro da normalidade.<\/p>\n<p>A proposta foi aceita por 25 sindicatos, que representam uma base de mais de 85 mil trabalhadores, e rejeitada por 10 sindicatos, segundo a empresa. Os sindicatos que aceitaram a proposta foram: ACR, AL, AM, AP, BA, BSB, ES, GO, MA, Juiz de Fora\/MG, Uberaba\/MG, MS, MT, PA, PE, PR, RJ, RN, RO, Santos\/SP, Bauru\/SP, Campinas\/SP, Ribeir\u00e3o Preto\/SP, S\u00e3o Paulo Metropolitana\/SP e TO.<\/p>\n<p>Das bases sindicais com rejei\u00e7\u00e3o \u00e0 proposta, apenas seis optaram por entrar em greve. Os sindicatos da PB, Santa Maria\/RS, S\u00e3o Jos\u00e9 do Rio Preto\/SP e Vale do Para\u00edba\/SP rejeitaram a proposta, mas n\u00e3o est\u00e3o em greve.<\/p>\n<p>Os Correios informaram que a negocia\u00e7\u00e3o prossegue e h\u00e1 previs\u00e3o de assinatura do Acordo Coletivo no in\u00edcio da pr\u00f3xima semana.<\/p>\n<p><img decoding=\"async\" src=\"http:\/\/aconteceunovale.com.br\/portal\/wp-content\/uploads\/2016\/09\/greve_correios_mg_2.jpg\" alt=\"\" \/><em>Trabalhadores dos Correios em Minas aderem \u00e0 greve nacional (Divulga\u00e7\u00e3o\/Sintec-MG)<\/em><br \/>\n<\/br><\/p>\n<p><img decoding=\"async\" src=\"http:\/\/aconteceunovale.com.br\/portal\/wp-content\/uploads\/2016\/09\/greve_correios_mg_3.jpg\" alt=\"\" \/><em>Trabalhadores dos Correios em Minas aderem \u00e0 greve nacional (Divulga\u00e7\u00e3o\/Sintec-MG)<\/em><br \/>\n<\/br><\/p>\n<p><img decoding=\"async\" src=\"http:\/\/aconteceunovale.com.br\/portal\/wp-content\/uploads\/2016\/09\/greve_correios_mg_4.jpg\" alt=\"\" \/><em>Trabalhadores dos Correios em Minas aderem \u00e0 greve nacional (Divulga\u00e7\u00e3o\/Sintec-MG)<\/em><br \/>\n<\/br><\/p>\n<p><em>(Fonte: G1 MG)<\/em><\/p>\n","protected":false},"excerpt":{"rendered":"<p>Trabalhadores dos Correios em Minas Gerais aderiram nesta quinta-feira (15\/09\/2016) \u00e0 greve nacional, segundo o Sindicato dos Trabalhadores nas Empresas de Correios e Tel\u00e9grafos e Similares (Sintect-MG). A paralisa\u00e7\u00e3o \u00e9 por tempo indeterminado. Um ato foi realizado em Belo Horizonte durante a manh\u00e3. A entidade, que representa 657 munic\u00edpios no estado, ainda n\u00e3o informa o [&hellip;]<\/p>\n","protected":false},"author":1,"featured_media":97080,"comment_status":"open","ping_status":"closed","sticky":false,"template":"","format":"standard","meta":{"amp_status":"","footnotes":""},"categories":[123],"tags":[246,38114,115561,115556,115559,115560,115555,115558,115557],"class_list":["post-97079","post","type-post","status-publish","format-standard","has-post-thumbnail","hentry","category-gerais","tag-correios","tag-greve-correios","tag-greve-correios-em-minas-gerais","tag-greve-trabalhadores-dos-correios-em-minas-gerais","tag-sindicato-dos-trabalhadores-nas-empresas-de-correios-e-telegrafos-e-similares","tag-sintect-mg","tag-trabalhadores-dos-correios-em-minas-gerais","tag-trabalhadores-dos-correios-em-minas-gerais-aderem-a-greve-nacional","tag-trabalhadores-dos-correios-em-minas-gerais-entram-em-greve"],"_links":{"self":[{"href":"https:\/\/aconteceunovale.com.br\/portal\/index.php?rest_route=\/wp\/v2\/posts\/97079","targetHints":{"allow":["GET"]}}],"collection":[{"href":"https:\/\/aconteceunovale.com.br\/portal\/index.php?rest_route=\/wp\/v2\/posts"}],"about":[{"href":"https:\/\/aconteceunovale.com.br\/portal\/index.php?rest_route=\/wp\/v2\/types\/post"}],"author":[{"embeddable":true,"href":"https:\/\/aconteceunovale.com.br\/portal\/index.php?rest_route=\/wp\/v2\/users\/1"}],"replies":[{"embeddable":true,"href":"https:\/\/aconteceunovale.com.br\/portal\/index.php?rest_route=%2Fwp%2Fv2%2Fcomments&post=97079"}],"version-history":[{"count":0,"href":"https:\/\/aconteceunovale.com.br\/portal\/index.php?rest_route=\/wp\/v2\/posts\/97079\/revisions"}],"wp:featuredmedia":[{"embeddable":true,"href":"https:\/\/aconteceunovale.com.br\/portal\/index.php?rest_route=\/wp\/v2\/media\/97080"}],"wp:attachment":[{"href":"https:\/\/aconteceunovale.com.br\/portal\/index.php?rest_route=%2Fwp%2Fv2%2Fmedia&parent=97079"}],"wp:term":[{"taxonomy":"category","embeddable":true,"href":"https:\/\/aconteceunovale.com.br\/portal\/index.php?rest_route=%2Fwp%2Fv2%2Fcategories&post=97079"},{"taxonomy":"post_tag","embeddable":true,"href":"https:\/\/aconteceunovale.com.br\/portal\/index.php?rest_route=%2Fwp%2Fv2%2Ftags&post=97079"}],"curies":[{"name":"wp","href":"https:\/\/api.w.org\/{rel}","templated":true}]}}