{"id":97075,"date":"2016-09-15T21:49:33","date_gmt":"2016-09-16T00:49:33","guid":{"rendered":"http:\/\/aconteceunovale.com.br\/portal\/?p=97075"},"modified":"2016-09-15T23:49:36","modified_gmt":"2016-09-16T02:49:36","slug":"tres-policiais-civis-e-um-advogado-sao-presos-em-operacao-no-vale-do-aco","status":"publish","type":"post","link":"https:\/\/aconteceunovale.com.br\/portal\/?p=97075","title":{"rendered":"Policiais civis s\u00e3o presos em opera\u00e7\u00e3o no Vale do A\u00e7o"},"content":{"rendered":"<p>Foi deflagrada na manh\u00e3 desta quinta-feira, 15 de setembro de 2016, em Ipatinga, no Vale do A\u00e7o, a segunda fase de uma opera\u00e7\u00e3o de combate a crimes praticados por policiais civis, especialmente, concuss\u00e3o, corrup\u00e7\u00e3o e participa\u00e7\u00e3o em organiza\u00e7\u00e3o criminosa. <\/p>\n<p>Est\u00e3o em andamento v\u00e1rias investiga\u00e7\u00f5es criminais que s\u00e3o desenvolvidas e acompanhadas pelo Minist\u00e9rio P\u00fablico de Minas Gerais (MPMG), em conjunto com a Corregedoria-Geral da Pol\u00edcia Civil de Minas Gerais (CGPC). No \u00faltimo dia 6, a CGPC prendeu em flagrante um investigador de pol\u00edcia, por crime de concuss\u00e3o. Na ocasi\u00e3o, um delegado de pol\u00edcia fugiu. <\/p>\n<p>A pris\u00e3o preventiva da autoridade policial foi deferida e cumprida no \u00faltimo dia 12. Nessa segunda fase, ainda em andamento, j\u00e1 foram presos dois policiais civis, um despachante, um advogado e um terceiro \u2013 todos integrantes de esquema criminoso instalado no \u00e2mbito da Pol\u00edcia Civil de Ipatinga. Dois investigadores da PC est\u00e3o foragidos.<\/p>\n<p>Ainda restam mandados a serem cumpridos. Os promotores de Justi\u00e7a que acompanharam as pris\u00f5es e buscas desta quinta-feira entendem que a maioria das autoridades policiais e dos policiais civis de Ipatinga s\u00e3o honestos e cumpridores de seus deveres, sendo que os alvos das duas fases da opera\u00e7\u00e3o s\u00e3o exce\u00e7\u00f5es que n\u00e3o podem perpetuar com a pr\u00e1tica de crimes.<\/p>\n<p>Segundo os promotores, a demanda chegou \u00e0 CGPC e ao MPMG por provoca\u00e7\u00e3o de v\u00e1rios policiais e autoridades policiais que n\u00e3o coadunavam com as pr\u00e1ticas delitivas no \u00e2mbito policial. Os representantes do MPMG destacam, ainda, que a atua\u00e7\u00e3o em coopera\u00e7\u00e3o com as Corregedorias de Pol\u00edcia \u00e9 salutar e permite o desenvolvimento proativo do Controle Externo da Atividade Policial quanto \u00e0 apura\u00e7\u00e3o de desvios. <\/p>\n<p>Nesse sentido, de acordo com eles, a atua\u00e7\u00e3o resolutiva do MPMG tem maiores chances de alcan\u00e7ar os resultados esperados pela sociedade. \u201cO fortalecimento e o empoderamento das corregedorias deve ser meta a ser perseguida pelo Minist\u00e9rio P\u00fablico de Minas Gerais&#8221;, afirmam. <\/p>\n<p><img decoding=\"async\" src=\"http:\/\/aconteceunovale.com.br\/portal\/wp-content\/uploads\/2016\/09\/operacao_pc_presos.jpg\" alt=\"\" \/><em>Segunda fase da opera\u00e7\u00e3o ainda est\u00e1 em andamento (Foto: Di\u00e1rio Popular MG)<\/em><br \/>\n<\/br><\/p>\n<p><em>(Fonte: MPMG)<\/em><\/p>\n","protected":false},"excerpt":{"rendered":"<p>Foi deflagrada na manh\u00e3 desta quinta-feira, 15 de setembro de 2016, em Ipatinga, no Vale do A\u00e7o, a segunda fase de uma opera\u00e7\u00e3o de combate a crimes praticados por policiais civis, especialmente, concuss\u00e3o, corrup\u00e7\u00e3o e participa\u00e7\u00e3o em organiza\u00e7\u00e3o criminosa. Est\u00e3o em andamento v\u00e1rias investiga\u00e7\u00f5es criminais que s\u00e3o desenvolvidas e acompanhadas pelo Minist\u00e9rio P\u00fablico de Minas [&hellip;]<\/p>\n","protected":false},"author":1,"featured_media":97077,"comment_status":"open","ping_status":"closed","sticky":false,"template":"","format":"standard","meta":{"amp_status":"","footnotes":""},"categories":[121],"tags":[115553,114466,114467,114468,114464,115097,115095,115552,115550,114469,201,79428,19675,49264,114471,115551,115573,114465,114470,114463,114462,114461,115096,114460,115554],"class_list":["post-97075","post","type-post","status-publish","format-standard","has-post-thumbnail","hentry","category-leste","tag-advogado-e-tres-policiais-civis-sao-presos-em-operacao-no-vale-do-aco","tag-crime-de-concussao","tag-crime-de-concussao-delegado-de-ipatinga","tag-crime-de-concussao-policiais-de-ipatinga","tag-delegado-de-ipatinga","tag-delegado-de-ipatinga-se-apresenta-a-policia-e-e-preso-por-suspeita-de-concussao","tag-delegado-de-policia-civil-de-ipatinga","tag-delegado-preso-em-ipatinga","tag-esquema-criminoso-instalado-no-ambito-da-policia-civil-de-ipatinga","tag-flavio-cordeiro-de-souza","tag-ipatinga","tag-ministerio-publico-do-estado-de-minas-gerais","tag-mpmg","tag-policia-civil-de-ipatinga","tag-policia-civil-investiga-delegado-e-investigador-suspeitos-de-concussao-em-ipatinga","tag-policiais-civis-presos-em-ipatinga","tag-policiais-civis-sao-presos-em-operacao-no-vale-do-aco","tag-prisao-de-delegado-de-ipatinga","tag-prisao-de-flavio-cordeiro-de-souza","tag-prisao-de-ricardo-cesari","tag-prisao-de-ricardo-cesari-borges-bastos-de-oliveira","tag-ricardo-cesari","tag-ricardo-cesari-borges","tag-ricardo-cesari-borges-bastos-de-oliveira","tag-tres-policiais-civis-e-um-advogado-sao-presos-em-operacao-no-vale-do-aco"],"_links":{"self":[{"href":"https:\/\/aconteceunovale.com.br\/portal\/index.php?rest_route=\/wp\/v2\/posts\/97075","targetHints":{"allow":["GET"]}}],"collection":[{"href":"https:\/\/aconteceunovale.com.br\/portal\/index.php?rest_route=\/wp\/v2\/posts"}],"about":[{"href":"https:\/\/aconteceunovale.com.br\/portal\/index.php?rest_route=\/wp\/v2\/types\/post"}],"author":[{"embeddable":true,"href":"https:\/\/aconteceunovale.com.br\/portal\/index.php?rest_route=\/wp\/v2\/users\/1"}],"replies":[{"embeddable":true,"href":"https:\/\/aconteceunovale.com.br\/portal\/index.php?rest_route=%2Fwp%2Fv2%2Fcomments&post=97075"}],"version-history":[{"count":0,"href":"https:\/\/aconteceunovale.com.br\/portal\/index.php?rest_route=\/wp\/v2\/posts\/97075\/revisions"}],"wp:featuredmedia":[{"embeddable":true,"href":"https:\/\/aconteceunovale.com.br\/portal\/index.php?rest_route=\/wp\/v2\/media\/97077"}],"wp:attachment":[{"href":"https:\/\/aconteceunovale.com.br\/portal\/index.php?rest_route=%2Fwp%2Fv2%2Fmedia&parent=97075"}],"wp:term":[{"taxonomy":"category","embeddable":true,"href":"https:\/\/aconteceunovale.com.br\/portal\/index.php?rest_route=%2Fwp%2Fv2%2Fcategories&post=97075"},{"taxonomy":"post_tag","embeddable":true,"href":"https:\/\/aconteceunovale.com.br\/portal\/index.php?rest_route=%2Fwp%2Fv2%2Ftags&post=97075"}],"curies":[{"name":"wp","href":"https:\/\/api.w.org\/{rel}","templated":true}]}}