{"id":97068,"date":"2016-09-15T21:14:55","date_gmt":"2016-09-16T00:14:55","guid":{"rendered":"http:\/\/aconteceunovale.com.br\/portal\/?p=97068"},"modified":"2016-09-15T21:14:55","modified_gmt":"2016-09-16T00:14:55","slug":"funcionarios-dos-correios-de-montes-claros-aderem-a-greve-nacional","status":"publish","type":"post","link":"https:\/\/aconteceunovale.com.br\/portal\/?p=97068","title":{"rendered":"Funcion\u00e1rios dos Correios de Montes Claros aderem \u00e0 greve nacional"},"content":{"rendered":"<p>Funcion\u00e1rios dos Correios de Montes Claros, no Norte de Minas, aderiram \u00e0 greve nacional aprovada na noite dessa quarta-feira (14\/09\/2016), ap\u00f3s assembleia realizada pelo sindicato da categoria. A paralisa\u00e7\u00e3o atinge cerca de 50% dos trabalhadores na cidade.<\/p>\n<p>Segundo o diretor sindical da regi\u00e3o, Haino Dutra, atendentes, carteiros e motoristas aderiam ao movimento. A privatiza\u00e7\u00e3o da empresa \u00e9 um dos principais motivos da paralisa\u00e7\u00e3o. &#8220;Estamos dizendo n\u00e3o \u00e0 privatiza\u00e7\u00e3o, n\u00e3o a cobran\u00e7a de mensalidade ao plano de sa\u00fade e a volta do plano de sa\u00fade antigo, e contra o ass\u00e9dio o moral. Queremos tamb\u00e9m o aumento salarial de 15%, mais 300% linear referente a perdas salariais que alguns funcion\u00e1rios tiveram ao longo dos anos&#8221;, explica. A greve \u00e9 por tempo indeterminado.<\/p>\n<p>Em nota, a assessoria dos Correios informou que 5% do efetivo total de 12.743 empregados aderiu ao movimento no estado que se concentra na \u00e1rea de distribui\u00e7\u00e3o, sendo que as ag\u00eancias est\u00e3o abertas e operando dentro da normalidade.<\/p>\n<p>Ainda segundo os Correios, a proposta apresentada foi aceita por 25 sindicatos e a institui\u00e7\u00e3o aguarda ainda novas assembleias previstas para ocorrerem at\u00e9 essa sexta-feira (16) e h\u00e1 previs\u00e3o de assinatura do Acordo Coletivo no in\u00edcio da pr\u00f3xima semana. \u201cA empresa fez o seu esfor\u00e7o m\u00e1ximo para chegar ao acordo, e tem a certeza que a decis\u00e3o pela n\u00e3o aceita\u00e7\u00e3o n\u00e3o corresponde \u00e0 vontade da maioria dos trabalhadores\u201d, diz a nota.<\/p>\n<p><img decoding=\"async\" src=\"http:\/\/aconteceunovale.com.br\/portal\/wp-content\/uploads\/2016\/09\/greve_correios_moc.jpeg\" alt=\"\" \/><em>Funcion\u00e1rios aderiram \u00e0 greve em Montes Claros (Foto: Haino Dutra\/arquivo pessoal)<\/em><br \/>\n<\/br><\/p>\n<p><em>(Fonte: G1 Grande Minas)<\/em><\/p>\n","protected":false},"excerpt":{"rendered":"<p>Funcion\u00e1rios dos Correios de Montes Claros, no Norte de Minas, aderiram \u00e0 greve nacional aprovada na noite dessa quarta-feira (14\/09\/2016), ap\u00f3s assembleia realizada pelo sindicato da categoria. A paralisa\u00e7\u00e3o atinge cerca de 50% dos trabalhadores na cidade. Segundo o diretor sindical da regi\u00e3o, Haino Dutra, atendentes, carteiros e motoristas aderiam ao movimento. A privatiza\u00e7\u00e3o da [&hellip;]<\/p>\n","protected":false},"author":1,"featured_media":97069,"comment_status":"open","ping_status":"closed","sticky":false,"template":"","format":"standard","meta":{"amp_status":"","footnotes":""},"categories":[1236],"tags":[115542,115539,115544,115541,38114,115543,115540,210],"class_list":["post-97068","post","type-post","status-publish","format-standard","has-post-thumbnail","hentry","category-norte_de_minas","tag-correios-de-montes-claros","tag-funcionarios-dos-correios-de-montes-claros","tag-funcionarios-dos-correios-de-montes-claros-aderem-a-greve-nacional","tag-funcionarios-dos-correios-de-montes-claros-entram-em-greve","tag-greve-correios","tag-greve-correios-de-montes-claros","tag-greve-funcionarios-dos-correios-de-montes-claros","tag-montes-claros"],"_links":{"self":[{"href":"https:\/\/aconteceunovale.com.br\/portal\/index.php?rest_route=\/wp\/v2\/posts\/97068","targetHints":{"allow":["GET"]}}],"collection":[{"href":"https:\/\/aconteceunovale.com.br\/portal\/index.php?rest_route=\/wp\/v2\/posts"}],"about":[{"href":"https:\/\/aconteceunovale.com.br\/portal\/index.php?rest_route=\/wp\/v2\/types\/post"}],"author":[{"embeddable":true,"href":"https:\/\/aconteceunovale.com.br\/portal\/index.php?rest_route=\/wp\/v2\/users\/1"}],"replies":[{"embeddable":true,"href":"https:\/\/aconteceunovale.com.br\/portal\/index.php?rest_route=%2Fwp%2Fv2%2Fcomments&post=97068"}],"version-history":[{"count":0,"href":"https:\/\/aconteceunovale.com.br\/portal\/index.php?rest_route=\/wp\/v2\/posts\/97068\/revisions"}],"wp:featuredmedia":[{"embeddable":true,"href":"https:\/\/aconteceunovale.com.br\/portal\/index.php?rest_route=\/wp\/v2\/media\/97069"}],"wp:attachment":[{"href":"https:\/\/aconteceunovale.com.br\/portal\/index.php?rest_route=%2Fwp%2Fv2%2Fmedia&parent=97068"}],"wp:term":[{"taxonomy":"category","embeddable":true,"href":"https:\/\/aconteceunovale.com.br\/portal\/index.php?rest_route=%2Fwp%2Fv2%2Fcategories&post=97068"},{"taxonomy":"post_tag","embeddable":true,"href":"https:\/\/aconteceunovale.com.br\/portal\/index.php?rest_route=%2Fwp%2Fv2%2Ftags&post=97068"}],"curies":[{"name":"wp","href":"https:\/\/api.w.org\/{rel}","templated":true}]}}