{"id":97050,"date":"2016-09-15T20:06:33","date_gmt":"2016-09-15T23:06:33","guid":{"rendered":"http:\/\/aconteceunovale.com.br\/portal\/?p=97050"},"modified":"2016-09-15T20:06:33","modified_gmt":"2016-09-15T23:06:33","slug":"motorista-de-carreta-morre-em-acidente-na-br-251-no-norte-de-minas-2","status":"publish","type":"post","link":"https:\/\/aconteceunovale.com.br\/portal\/?p=97050","title":{"rendered":"Motorista de carreta morre em acidente na BR-251, no Norte de Minas"},"content":{"rendered":"<p>Uma pessoa morreu e tr\u00eas ficaram feridas em um acidente na tarde desta quinta-feira, 15 de setembro de 2016, na altura do quil\u00f4metro 480 da BR-251, pr\u00f3ximo a Francisco S\u00e1, na regi\u00e3o Norte de Minas Gerais. A colis\u00e3o traseira envolveu duas carretas e um ve\u00edculo da Penitenci\u00e1ria de Francisco S\u00e1. <\/p>\n<p>Informa\u00e7\u00f5es iniciais d\u00e3o conta de que o condutor da Scania P114GA4X2NZ 340, placa DJE-9719, Araras (SP), de prenome H\u00e9lio, perdeu o controle direcional ap\u00f3s o ve\u00edculo apresentar um problema mec\u00e2nico (perda de freios), atingiu o autom\u00f3vel e posteriormente colidiu contra a traseira de outra carreta. O motorista, que transportava uma carga de iogurte de Garanhuns (PE) para Araras (SP), n\u00e3o resistiu aos graves ferimentos e veio a \u00f3bito no local.<\/p>\n<p>Segundo nota divulgada pela Secretaria de Estado de Administra\u00e7\u00e3o Prisional (SEAP), estava no carro do sistema prisional, em dire\u00e7\u00e3o a Montes Claros, o diretor-geral, o diretor de seguran\u00e7a e um agente da Penitenci\u00e1ria de Francisco S\u00e1. Sem ferimentos graves, eles foram atendidos no Hospital Municipal de Francisco S\u00e1 e passam bem.<\/p>\n<p>Segundo a Pol\u00edcia Rodovi\u00e1ria Federal (PRF), at\u00e9 o in\u00edcio da noite desta quinta-feira a estrada seguia interditada parcialmente, em sentido crescente. A PRF informou que desvios por dentro da cidade est\u00e3o sendo coordenados pelos policiais. O corpo da v\u00edtima foi recolhido por uma funer\u00e1ria e encaminhado para o Instituto M\u00e9dico Legal (IML) da regi\u00e3o.<\/p>\n<p><img decoding=\"async\" src=\"http:\/\/aconteceunovale.com.br\/portal\/wp-content\/uploads\/2016\/09\/acidente_nm_carreta_251_4.jpg\" alt=\"\" \/><em>Carreta colidiu com outros dois ve\u00edculos na BR-251 (Foto: Felipe Moura\/Arquivo Pessoal)<\/em><br \/>\n<\/br><\/p>\n<p><img decoding=\"async\" src=\"http:\/\/aconteceunovale.com.br\/portal\/wp-content\/uploads\/2016\/09\/acidente_nm_carreta_251_3.jpg\" alt=\"\" \/><em>Carreta colidiu com outros dois ve\u00edculos na BR-251 (Foto: Via WhatsApp\/Anderson Chaves)<\/em><br \/>\n<\/br><\/p>\n<p><img decoding=\"async\" src=\"http:\/\/aconteceunovale.com.br\/portal\/wp-content\/uploads\/2016\/09\/acidente_nm_carreta_251_5.jpg\" alt=\"\" \/><em>Carreta colidiu com outros dois ve\u00edculos na BR-251 (Foto: Via WhatsApp\/Fernando Duarte)<\/em><br \/>\n<\/br><\/p>\n<p><img decoding=\"async\" src=\"http:\/\/aconteceunovale.com.br\/portal\/wp-content\/uploads\/2016\/09\/acidente_nm_carreta_251_6.jpg\" alt=\"\" \/><em>Carreta colidiu com outros dois ve\u00edculos na BR-251 (Foto: Via WhatsApp\/Fernando Duarte)<\/em><br \/>\n<\/br><\/p>\n<p><img decoding=\"async\" src=\"http:\/\/aconteceunovale.com.br\/portal\/wp-content\/uploads\/2016\/09\/acidente_nm_carreta_251_7.jpg\" alt=\"\" \/><em>Carreta colidiu com outros dois ve\u00edculos na BR-251 (Foto: Via WhatsApp\/Fernando Duarte)<\/em><br \/>\n<\/br><\/p>\n<p><em>(Com informa\u00e7\u00f5es do G1 e PRF)<\/em><\/p>\n","protected":false},"excerpt":{"rendered":"<p>Uma pessoa morreu e tr\u00eas ficaram feridas em um acidente na tarde desta quinta-feira, 15 de setembro de 2016, na altura do quil\u00f4metro 480 da BR-251, pr\u00f3ximo a Francisco S\u00e1, na regi\u00e3o Norte de Minas Gerais. A colis\u00e3o traseira envolveu duas carretas e um ve\u00edculo da Penitenci\u00e1ria de Francisco S\u00e1. Informa\u00e7\u00f5es iniciais d\u00e3o conta de [&hellip;]<\/p>\n","protected":false},"author":1,"featured_media":97045,"comment_status":"open","ping_status":"closed","sticky":false,"template":"","format":"standard","meta":{"amp_status":"","footnotes":""},"categories":[1236],"tags":[115520,115521,115518,115522,115514,115517,115519,115515,91052,115516,1018,58634,115523,115525,115527,115526,115524,115513],"class_list":["post-97050","post","type-post","status-publish","format-standard","has-post-thumbnail","hentry","category-norte_de_minas","tag-acidente-carga-iogurte-nestle","tag-acidente-carreta-carregada-de-iogurte-nestle","tag-acidente-carreta-corus","tag-acidente-carreta-de-araras","tag-acidente-carreta-transcordeiro","tag-acidente-corus","tag-acidente-motorista-corus","tag-acidente-motorista-transcordeiro","tag-araras","tag-corus","tag-destaque","tag-garanhuns","tag-helio","tag-motorista-de-carreta-morre-em-acidente-na-br-251","tag-motorista-de-carreta-morre-em-acidente-na-br-251-em-francisco-sa","tag-motorista-de-carreta-morre-em-acidente-na-br-251-no-norte-de-minas","tag-scania-p114ga4x2nz-340-placa-dje-9719-araras","tag-transcordeiro"],"_links":{"self":[{"href":"https:\/\/aconteceunovale.com.br\/portal\/index.php?rest_route=\/wp\/v2\/posts\/97050","targetHints":{"allow":["GET"]}}],"collection":[{"href":"https:\/\/aconteceunovale.com.br\/portal\/index.php?rest_route=\/wp\/v2\/posts"}],"about":[{"href":"https:\/\/aconteceunovale.com.br\/portal\/index.php?rest_route=\/wp\/v2\/types\/post"}],"author":[{"embeddable":true,"href":"https:\/\/aconteceunovale.com.br\/portal\/index.php?rest_route=\/wp\/v2\/users\/1"}],"replies":[{"embeddable":true,"href":"https:\/\/aconteceunovale.com.br\/portal\/index.php?rest_route=%2Fwp%2Fv2%2Fcomments&post=97050"}],"version-history":[{"count":0,"href":"https:\/\/aconteceunovale.com.br\/portal\/index.php?rest_route=\/wp\/v2\/posts\/97050\/revisions"}],"wp:featuredmedia":[{"embeddable":true,"href":"https:\/\/aconteceunovale.com.br\/portal\/index.php?rest_route=\/wp\/v2\/media\/97045"}],"wp:attachment":[{"href":"https:\/\/aconteceunovale.com.br\/portal\/index.php?rest_route=%2Fwp%2Fv2%2Fmedia&parent=97050"}],"wp:term":[{"taxonomy":"category","embeddable":true,"href":"https:\/\/aconteceunovale.com.br\/portal\/index.php?rest_route=%2Fwp%2Fv2%2Fcategories&post=97050"},{"taxonomy":"post_tag","embeddable":true,"href":"https:\/\/aconteceunovale.com.br\/portal\/index.php?rest_route=%2Fwp%2Fv2%2Ftags&post=97050"}],"curies":[{"name":"wp","href":"https:\/\/api.w.org\/{rel}","templated":true}]}}