{"id":97041,"date":"2016-09-15T19:04:26","date_gmt":"2016-09-15T22:04:26","guid":{"rendered":"http:\/\/aconteceunovale.com.br\/portal\/?p=97041"},"modified":"2016-09-15T19:05:27","modified_gmt":"2016-09-15T22:05:27","slug":"ator-domingos-montagner-morre-afogado-no-rio-sao-francisco-2","status":"publish","type":"post","link":"https:\/\/aconteceunovale.com.br\/portal\/?p=97041","title":{"rendered":"Ator Domingos Montagner morre afogado no Rio S\u00e3o Francisco"},"content":{"rendered":"<p>Domingos Montagner, o Santo de &#8220;Velho Chico&#8221;, da TV Globo, morreu nesta quinta-feira (15\/09\/2016). Equipes de busca localizaram o corpo do ator de 54 anos, preso nas pedras, a trinta metros de profundidade, perto da Usina de Xing\u00f3, na Regi\u00e3o de Canind\u00e9 de S\u00e3o Francisco (SE). Domingos deixa a mulher, Luciana Lima, e tr\u00eas filhos.<\/p>\n<p>Ele gravou cenas da novela na parte da manh\u00e3. Ap\u00f3s o t\u00e9rmino da grava\u00e7\u00e3o, o ator almo\u00e7ou e, em seguida, foi tomar um banho de rio. Durante o mergulho, n\u00e3o voltou \u00e0 superf\u00edcie. Camila Pitanga, que estava no local, avisou \u00e0 produ\u00e7\u00e3o, que iniciou imediatamente as buscas pelo ator. Helic\u00f3pteros do Grupamento T\u00e1tico A\u00e9reo, Policia Militar, Corpo de Bombeiros e pescadores ajudaram nas buscas.<\/p>\n<p>Nesta semana, a novela tamb\u00e9m teve cenas gravadas em Piranhas (AL).<\/p>\n<p><img decoding=\"async\" src=\"http:\/\/aconteceunovale.com.br\/portal\/wp-content\/uploads\/2016\/09\/santo_velho_chico_1.jpg\" alt=\"\" \/><em>Montagner como o personagem Santo, da novela &#8216;Velho Chico&#8217; (Foto: Pedro Curi\/TV Globo)<\/em><br \/>\n<\/br><\/p>\n<p><strong>Come\u00e7o no teatro e no circo<\/strong><\/p>\n<p>O ator paulistano come\u00e7ou sua carreira art\u00edstica trabalhando no teatro e em circos. Ele atuou em treze programas de TV, entre s\u00e9ries e novelas, al\u00e9m de nove filmes.<\/p>\n<p>Alguns pap\u00e9is de destaque foram o Capit\u00e3o Herculano Ara\u00fajo de &#8220;Cordel Encantado&#8221; (2011) e o presidente Paulo Ventura de &#8220;O brado retumbante&#8221; (2012).<\/p>\n<p>Ele tamb\u00e9m chamou aten\u00e7\u00e3o como o Zyah de &#8220;Salve Jorge&#8221; (2012) e Jo\u00e3o Miguel de &#8220;Sete Vidas (2015). O ator estava no ar como o Santo de &#8220;Velho Chico&#8221; (2016).<\/p>\n<p>Montagner conta, em seu site oficial, que iniciou sua carreira no teatro, atrav\u00e9s do curso de interpreta\u00e7\u00e3o de Myriam Muniz, e no Circo Escola Picadeiro.<\/p>\n<p>Em 1997, formou o Grupo La M\u00ednima, com Fernando Sampaio. A Noite dos Palha\u00e7os Mudos, de 2008, lhe rendeu o Pr\u00eamio Shell de Melhor Ator. Em 2003, criou o Circo Zanni, do qual foi diretor art\u00edstico.<\/p>\n<p>O primeiro papel na TV foi no seriado &#8220;Mothern&#8221; (2006), do GNT, canal da TV por assinatura. A estreia na Globo foi tamb\u00e9m em seriados: &#8220;For\u00e7a Tarefa&#8221;, &#8220;A Cura&#8221; e &#8220;Div\u00e3&#8221;. A primeira novela, &#8220;Cordel Encantado&#8221;, foi em 2011. No ano seguinte, estreou no cinema, com uma participa\u00e7\u00e3o no longa &#8220;Gonzaga &#8211; de Pai Pra Filho&#8221;, de Breno Silveira.<\/p>\n<p><img decoding=\"async\" src=\"http:\/\/aconteceunovale.com.br\/portal\/wp-content\/uploads\/2016\/09\/santo_velho_chico_2.jpg\" alt=\"\" \/><em>Montagner como o personagem Santo, de &#8216;Velho Chico&#8217; (Foto: Jo\u00e3o Miguel J\u00fanior\/TV Globo)<\/em><br \/>\n<\/br><\/p>\n<p><strong>Atores e artistas lamentaram a morte de Domingos Montagner<\/strong><\/p>\n<p>Valesca Popozuda, funkeira, no Twitter: <em>&#8220;Que Deus conforme a fam\u00edlia e amigos do Domingos Montagner! Que not\u00edcia triste&#8221;<\/em><\/p>\n<p>Isabela Freitas, youtuber e escritora, no Twitter: <em>&#8220;Era ele mesmo&#8230; Confirmaram. Domingos Montagner, que voc\u00ea v\u00e1 em paz, e muita for\u00e7a pra amigos e fam\u00edlia. Doeu o cora\u00e7\u00e3o o que aconteceu. O que me arrepia \u00e9 que seu personagem tamb\u00e9m desaparece no Rio S\u00e3o Francisco. A nossa vida \u00e9 mesmo muito fr\u00e1gil. Temos que viver mesmo como se cada dia fosse o \u00faltimo, porque realmente, pode ser&#8221;<\/em><\/p>\n<p>Bruno Guedes, ator, no Twitter: <em>&#8220;Confirmaram a morte do ator Domingos Montagner. Grande perda pra Dramaturgia! Que Deus conforte a fam\u00edlia e amigos&#8221;<\/em><\/p>\n<p>Thiago Pasqualotto, blogueiro e roteirista, no Twitter: <em>&#8220;Que triste a confirma\u00e7\u00e3o da morte do Domingos Montagner. Um grande ator. Meus sentimentos aos familiares e amigos&#8221;<\/em><\/p>\n<p>Felipe Andreoli: <em>&#8220;Triste demais essa hist\u00f3ria do Domingos Montagner. Inacredit\u00e1vel. N\u00e3o tem palavras, explica\u00e7\u00e3o.&#8221;<\/em><\/p>\n<p>Xuxa: <em>&#8220;N\u00e3o quero acreditar&#8230; Que Deus d\u00ea for\u00e7a a toda fam\u00edlia.&#8221;<\/em><\/p>\n<p>Franciely Freduzeski: <em>&#8220;Que triste. Tudo \u00e9 ef\u00eamero, nada se sabe. Um dia aqui, o outro ningu\u00e9m sabe. Deus conforte a fam\u00edlia, principalmente as crian\u00e7as que ainda s\u00e3o pequenas.&#8221;<\/em><\/p>\n<p>Deborah Secco: <em>&#8220;Sem palavras pra traduzir a dor&#8230; Tanta admira\u00e7\u00e3o por voc\u00ea. Vou guard\u00e1-la comigo pra sempre&#8230; Que Deus te receba cheio de amor!&#8221;<\/em><\/p>\n<p>David Brazil: <em>&#8220;Que descance em paz e Deus conforte a fam\u00edlia&#8221;<\/em><\/p>\n<p>Jayme Monjardim: <em>&#8220;Dia muito triste, vai em paz meu amigo. Obrigado por tudo e pela nossa amizade.&#8221;<\/em><\/p>\n<p>Luiza Brunet: <em>&#8220;Perdemos um homem extraordin\u00e1rio, um pai, marido e filho. Deus embale voc\u00ea.&#8221;<\/em><\/p>\n<p>Pamela Tom\u00e9: <em>&#8220;Ainda n\u00e3o consigo acreditar&#8230; Perdemos esse mestre da televis\u00e3o Brasileira. Meus sentimentos aos familiares e amigos! Que Deus aben\u00e7oe essa alma grandiosa. O Brasil est\u00e1 em luto por voc\u00ea! Obrigada por tantas hist\u00f3rias contadas.&#8221;<\/em><\/p>\n<p>Viviane Ara\u00fajo: <em>&#8220;Eu estou em choque! Que triste!&#8221;<\/em><\/p>\n<p>Marina Elali: <em>&#8220;Descanse em paz, grande Domingos.&#8221;<\/em><\/p>\n<p>L\u00facia Ver\u00edssimo: <em>&#8220;Uma pena enorme. Uma pessoa muito do bem Domingos Montagner. \u00c9 lament\u00e1vel.&#8221;<\/em><\/p>\n<p>Fiuk: <em>&#8220;Que momento dif\u00edcil&#8230; At\u00e9 agora t\u00e1 dif\u00edcil de acreditar que ele se foi&#8230; Que tristeza. Grande ator Domingos Montagner, descanse em paz.&#8221;<\/em><\/p>\n<p>Luciano Huck:<em> &#8220;Muito muito muito muito triste. Despejo todo meu carinho na esposa, crian\u00e7as e fam\u00edlia. Meu apoio aos colegas que est\u00e3o vivendo esta trag\u00e9dia de t\u00e3o perto. Que rasteira do destino. Inacredit\u00e1vel&#8221;<\/em><\/p>\n<p>Cau\u00e3 Reymond: <em>&#8220;N\u00e3o sei o que dizer. Que falta voc\u00ea vai fazer meu Amigo. Que falta&#8230;&#8221;<\/em><\/p>\n<p>Eri Johnson: <em>&#8220;Que Deus possa confortar os milhares de f\u00e3s, amigos e familiares. Muito triste, muito.&#8221;<\/em><\/p>\n<p>Anna Lima: <em>&#8220;Que tristeza! Meu Deus&#8230; Conforte o cora\u00e7\u00e3o dos filhos, da mulher e familiares&#8230; MEUS SINCEROS SENTIMENTOS!&#8221;<\/em><\/p>\n<p><img decoding=\"async\" src=\"http:\/\/aconteceunovale.com.br\/portal\/wp-content\/uploads\/2016\/09\/santo_velho_chico_3.jpg\" alt=\"\" \/><em>Montagner como o personagem Santo, de &#8216;Velho Chico&#8217; (Foto: Reprodu\u00e7\u00e3o TV Globo)<\/em><br \/>\n<\/br><\/p>\n<p><em>(Fonte: G1 SE, G1 SP e EGO)<\/em><\/p>\n","protected":false},"excerpt":{"rendered":"<p>Domingos Montagner, o Santo de &#8220;Velho Chico&#8221;, da TV Globo, morreu nesta quinta-feira (15\/09\/2016). Equipes de busca localizaram o corpo do ator de 54 anos, preso nas pedras, a trinta metros de profundidade, perto da Usina de Xing\u00f3, na Regi\u00e3o de Canind\u00e9 de S\u00e3o Francisco (SE). Domingos deixa a mulher, Luciana Lima, e tr\u00eas filhos. [&hellip;]<\/p>\n","protected":false},"author":1,"featured_media":97036,"comment_status":"open","ping_status":"closed","sticky":false,"template":"","format":"standard","meta":{"amp_status":"","footnotes":""},"categories":[6],"tags":[115498,115509,115508,115507,115504,1018,115492,115510,115511,115499,115505,115496,115493,115501,115494,115502,115497,115512,90673,115506,115495,115500,115503],"class_list":["post-97041","post","type-post","status-publish","format-standard","has-post-thumbnail","hentry","category-br","tag-afogamento-domingos-montagner","tag-ator-domingos-montagner-morre-afogado-no-rio-sao-francisco","tag-atores-e-artistas-lamentaram-a-morte-de-domingos-montagner","tag-camila-pitanga","tag-caninde-de-sao-francisco","tag-destaque","tag-domingos-montagner","tag-fotos-domingos-montagner","tag-fotos-domingos-montagner-no-rio-sao-francisco","tag-localizacao-do-corpo-de-domingos-montagner","tag-luciana-lima","tag-morre-domingos-montagner","tag-morre-o-ator-domingos-montagner","tag-morre-santo-de-velho-chico","tag-morte-de-domingos-montagner","tag-morte-de-santo-de-velho-chico","tag-morte-domingos-montagner","tag-noticia-morte-domingos-montagner","tag-novela-velho-chico","tag-piranhas","tag-repercussao-da-morte-de-domingos-montagner","tag-santo-de-velho-chico","tag-usina-de-xingo"],"_links":{"self":[{"href":"https:\/\/aconteceunovale.com.br\/portal\/index.php?rest_route=\/wp\/v2\/posts\/97041","targetHints":{"allow":["GET"]}}],"collection":[{"href":"https:\/\/aconteceunovale.com.br\/portal\/index.php?rest_route=\/wp\/v2\/posts"}],"about":[{"href":"https:\/\/aconteceunovale.com.br\/portal\/index.php?rest_route=\/wp\/v2\/types\/post"}],"author":[{"embeddable":true,"href":"https:\/\/aconteceunovale.com.br\/portal\/index.php?rest_route=\/wp\/v2\/users\/1"}],"replies":[{"embeddable":true,"href":"https:\/\/aconteceunovale.com.br\/portal\/index.php?rest_route=%2Fwp%2Fv2%2Fcomments&post=97041"}],"version-history":[{"count":0,"href":"https:\/\/aconteceunovale.com.br\/portal\/index.php?rest_route=\/wp\/v2\/posts\/97041\/revisions"}],"wp:featuredmedia":[{"embeddable":true,"href":"https:\/\/aconteceunovale.com.br\/portal\/index.php?rest_route=\/wp\/v2\/media\/97036"}],"wp:attachment":[{"href":"https:\/\/aconteceunovale.com.br\/portal\/index.php?rest_route=%2Fwp%2Fv2%2Fmedia&parent=97041"}],"wp:term":[{"taxonomy":"category","embeddable":true,"href":"https:\/\/aconteceunovale.com.br\/portal\/index.php?rest_route=%2Fwp%2Fv2%2Fcategories&post=97041"},{"taxonomy":"post_tag","embeddable":true,"href":"https:\/\/aconteceunovale.com.br\/portal\/index.php?rest_route=%2Fwp%2Fv2%2Ftags&post=97041"}],"curies":[{"name":"wp","href":"https:\/\/api.w.org\/{rel}","templated":true}]}}