{"id":97031,"date":"2016-09-15T13:55:46","date_gmt":"2016-09-15T16:55:46","guid":{"rendered":"http:\/\/aconteceunovale.com.br\/portal\/?p=97031"},"modified":"2016-09-15T13:55:46","modified_gmt":"2016-09-15T16:55:46","slug":"caixa-fara-leilao-de-imoveis-no-dia-2209-apartamento-em-coronel-fabriciano-a-partir-de-r-36-mil","status":"publish","type":"post","link":"https:\/\/aconteceunovale.com.br\/portal\/?p=97031","title":{"rendered":"Caixa far\u00e1 leil\u00e3o de im\u00f3veis no dia 22\/09 \u2013 Apartamento em Coronel Fabriciano a partir de R$ 36 mil"},"content":{"rendered":"<p>Uma oportunidade \u00fanica para adquirir bens im\u00f3veis por pre\u00e7os abaixo do valor de mercado e com a documenta\u00e7\u00e3o j\u00e1 organizada. Para os investidores imobili\u00e1rios e, tamb\u00e9m, para aqueles que aguardavam a chance de comprar propriedades com um desconto consider\u00e1vel, a Caixa Econ\u00f4mica Federal far\u00e1 mais um Leil\u00e3o de Im\u00f3veis por interm\u00e9dio do leiloeiro oficial Jonas Gabriel Antunes Moreira ? JUCEMG 638 (<a href=\"http:\/\/www.jonasleiloeiro.com.br\/\" target=\"_blank\"><font color=\"red\">http:\/\/www.jonasleiloeiro.com.br<\/font><\/a>).<\/p>\n<p>Conforme esclareceu a institui\u00e7\u00e3o em seu edital, o Leil\u00e3o P\u00fablico de Venda de Im\u00f3veis ocorrer\u00e1 no dia 22 de setembro de 2016, \u00e0s 12h, na Avenida Santa Efig\u00eania, em Belo Horizonte, Minas Gerais, sendo aberto a lances presenciais e online simultaneamente. Assim, os interessados que n\u00e3o puderem comparecer ao local do leil\u00e3o t\u00eam a op\u00e7\u00e3o de participar pela internet. <\/p>\n<p>Ao todo, o Leil\u00e3o contemplar\u00e1 mais de 130 im\u00f3veis em Minas Gerais, incluindo casas, apartamentos, lojas, salas comerciais e lotes. De acordo com o leiloeiro oficial, &#8220;trata-se de uma oportunidade \u00fanica para adquirir bens im\u00f3veis por pre\u00e7os abaixo do valor de mercado e com a documenta\u00e7\u00e3o j\u00e1 organizada&#8221;. <\/p>\n<p>Podem participar do Leil\u00e3o pessoas f\u00edsicas e jur\u00eddicas que cumpram com os pr\u00e9-requisitos dispostos no edital, publicado em: (<a href=\"http:\/\/www.jonasleiloeiro.com.br\/\" target=\"_blank\"><font color=\"red\">http:\/\/www.jonasleiloeiro.com.br<\/font><\/a>). Neste mesmo documento, a Caixa fornece diversas informa\u00e7\u00f5es de car\u00e1ter imobili\u00e1rio, permitindo que os interessados conhe\u00e7am antecipadamente o n\u00famero de metros quadrados, a quantidade de c\u00f4modos, a localiza\u00e7\u00e3o, o valor de avalia\u00e7\u00e3o, o lance m\u00ednimo, entre outras caracter\u00edsticas dos im\u00f3veis que ser\u00e3o leiloados. <\/p>\n<p>Visando ao esclarecimento de d\u00favidas daqueles que pretendem participar do Leil\u00e3o de Im\u00f3veis Caixa 2016, o leiloeiro oficial disponibiliza o seguinte canal telef\u00f4nico: (37) 3242-2218. Para solicitar mais informa\u00e7\u00f5es, basta entrar em contato.<\/p>\n<p><img decoding=\"async\" src=\"http:\/\/aconteceunovale.com.br\/portal\/wp-content\/uploads\/2016\/09\/leilao_apartamento_cf.jpg\" alt=\"\" \/><em>Apartamento em Coronel Fabriciano a partir de R$ 36 mil (Divulga\u00e7\u00e3o)<\/em><\/p>\n","protected":false},"excerpt":{"rendered":"<p>Uma oportunidade \u00fanica para adquirir bens im\u00f3veis por pre\u00e7os abaixo do valor de mercado e com a documenta\u00e7\u00e3o j\u00e1 organizada. Para os investidores imobili\u00e1rios e, tamb\u00e9m, para aqueles que aguardavam a chance de comprar propriedades com um desconto consider\u00e1vel, a Caixa Econ\u00f4mica Federal far\u00e1 mais um Leil\u00e3o de Im\u00f3veis por interm\u00e9dio do leiloeiro oficial Jonas [&hellip;]<\/p>\n","protected":false},"author":1,"featured_media":97033,"comment_status":"open","ping_status":"closed","sticky":false,"template":"","format":"standard","meta":{"amp_status":"","footnotes":""},"categories":[121,123],"tags":[115477,115474,115473,115478,115472,115471,1524,1018,115481,115487,111468,115489,115484,115480,111470,111469,111473,115490,115475,115479,115491,115483,115486,115485,108255,115482,115488,115476],"class_list":["post-97031","post","type-post","status-publish","format-standard","has-post-thumbnail","hentry","category-leste","category-gerais","tag-apartamento-a-venda-em-coronel-fabriciano","tag-apartamento-em-coronel-fabriciano","tag-apartamento-em-coronel-fabriciano-a-partir-de-r-36-mil","tag-apartamento-leiloado-em-coronel-fabriciano","tag-caixa-fara-leilao-de-imoveis-no-dia-22-de-setembro","tag-caixa-fara-leilao-de-imoveis-no-dia-2209","tag-coronel-fabriciano","tag-destaque","tag-fernando-leiloeiro-coronel-fabriciano","tag-jonas-gabriel-antunes-moreira","tag-jonas-leiloeiro","tag-jonas-leiloeiro-coronel-fabriciano","tag-jucemg-638","tag-leilao-apartamento-lucas-leiloeiro-coronel-fabriciano","tag-leilao-caixa-coronel-fabriciano","tag-leilao-caixa-jonas-leiloeiro","tag-leilao-caixa-minas-gerais","tag-leilao-coronel-fabriciano-jonas-leiloeiro","tag-leilao-de-apartamento-em-coronel-fabriciano","tag-leilao-de-imoveis-em-coronel-fabriciano","tag-leilao-imoveis-caixa-minas-gerais","tag-leilao-imovel-coronel-fabriciano","tag-leiloeiro-jonas-gabriel-antunes-moreira","tag-leiloeiro-oficial-jonas-gabriel-antunes-moreira","tag-lucas-leiloeiro","tag-lucas-leiloeiro-coronel-fabriciano","tag-lucas-leiloeiro-leilao-caixa","tag-venda-de-apartamento-em-coronel-fabriciano"],"_links":{"self":[{"href":"https:\/\/aconteceunovale.com.br\/portal\/index.php?rest_route=\/wp\/v2\/posts\/97031","targetHints":{"allow":["GET"]}}],"collection":[{"href":"https:\/\/aconteceunovale.com.br\/portal\/index.php?rest_route=\/wp\/v2\/posts"}],"about":[{"href":"https:\/\/aconteceunovale.com.br\/portal\/index.php?rest_route=\/wp\/v2\/types\/post"}],"author":[{"embeddable":true,"href":"https:\/\/aconteceunovale.com.br\/portal\/index.php?rest_route=\/wp\/v2\/users\/1"}],"replies":[{"embeddable":true,"href":"https:\/\/aconteceunovale.com.br\/portal\/index.php?rest_route=%2Fwp%2Fv2%2Fcomments&post=97031"}],"version-history":[{"count":0,"href":"https:\/\/aconteceunovale.com.br\/portal\/index.php?rest_route=\/wp\/v2\/posts\/97031\/revisions"}],"wp:featuredmedia":[{"embeddable":true,"href":"https:\/\/aconteceunovale.com.br\/portal\/index.php?rest_route=\/wp\/v2\/media\/97033"}],"wp:attachment":[{"href":"https:\/\/aconteceunovale.com.br\/portal\/index.php?rest_route=%2Fwp%2Fv2%2Fmedia&parent=97031"}],"wp:term":[{"taxonomy":"category","embeddable":true,"href":"https:\/\/aconteceunovale.com.br\/portal\/index.php?rest_route=%2Fwp%2Fv2%2Fcategories&post=97031"},{"taxonomy":"post_tag","embeddable":true,"href":"https:\/\/aconteceunovale.com.br\/portal\/index.php?rest_route=%2Fwp%2Fv2%2Ftags&post=97031"}],"curies":[{"name":"wp","href":"https:\/\/api.w.org\/{rel}","templated":true}]}}