{"id":97028,"date":"2016-09-15T13:33:30","date_gmt":"2016-09-15T16:33:30","guid":{"rendered":"http:\/\/aconteceunovale.com.br\/portal\/?p=97028"},"modified":"2016-09-15T20:33:26","modified_gmt":"2016-09-15T23:33:26","slug":"ruy-muniz-e-alvo-da-operacao-tolerancia-zero-da-policia-civil","status":"publish","type":"post","link":"https:\/\/aconteceunovale.com.br\/portal\/?p=97028","title":{"rendered":"Ruy Muniz \u00e9 alvo da Opera\u00e7\u00e3o Toler\u00e2ncia Zero da Pol\u00edcia Civil"},"content":{"rendered":"<p>A Pol\u00edcia Civil de Minas Gerais (PCMG) realizou nesta quinta-feira (15\/09\/2016) a opera\u00e7\u00e3o \u201cToler\u00e2ncia Zero\u201d, que apura fraude na compra de combust\u00edveis pela prefeitura de Montes Claros (MG). A a\u00e7\u00e3o culminou na pris\u00e3o preventiva do secret\u00e1rio municipal de Desenvolvimento Sustent\u00e1vel, Meio Ambiente e Agricultura, Leonardo Andrade, e do diretor da Empresa de Servi\u00e7os, Obras e Urbaniza\u00e7\u00e3o (Esurb), Cristiano Dias Junior.  O prefeito afastado, Ruy Adriano Borges Muniz (PSB), tamb\u00e9m investigado pela opera\u00e7\u00e3o, continua foragido.<\/p>\n<p>Conforme explicou a delegada respons\u00e1vel pelo inqu\u00e9rito, Karen de Paula Lopes, as investiga\u00e7\u00f5es apuram, desde 2013, desvio de recursos p\u00fablicos municipais com a utiliza\u00e7\u00e3o de contratos de fornecimento de combust\u00edvel. \u201cA partir de um relat\u00f3rio emitido pela Secretaria Municipal de Fazenda, dando conta de ind\u00edcios da fraude, passamos a apurar o envolvimento de empresas e agentes p\u00fablicos no esquema\u201d, informou a delegada.<\/p>\n<p>Em rela\u00e7\u00e3o \u00e0 Esurb, a Pol\u00edcia Civil produziu um laudo apontando o fornecimento de combust\u00edveis p\u00fablicos para empresas particulares. \u201cO contrato do fornecimento atesta, expressamente, que essa despesa deve ser da empresa contratada\u201d, ressaltou Karen.<\/p>\n<p>Ainda de acordo com a delegada, os agentes p\u00fablicos envolvidos determinavam a contrata\u00e7\u00e3o das empresas investigadas e as favoreciam, possibilitando a consecu\u00e7\u00e3o dos desvios. A partir dos mandados de busca e apreens\u00e3o, cumpridos hoje em cerca de dez locais, incluindo as resid\u00eancias do prefeito afastado, de Cristiano e Leonardo, al\u00e9m de propriet\u00e1rios de postos de combust\u00edveis, foi poss\u00edvel recolher documentos contendo ind\u00edcios dos crimes.  <\/p>\n<p>Al\u00e9m de Ruy Muniz, seu filho, Ruy Gabriel Queiroz Borges Muniz, tamb\u00e9m se encontra com mandado de pris\u00e3o em aberto e a Pol\u00edcia Civil j\u00e1 solicitou apoio \u00e0 Pol\u00edcia Federal no Distrito Federal para cumprimento da pris\u00e3o.<\/p>\n<p>Karen observa que o prazo para cumprimentos de mandados de pris\u00e3o preventiva antes das elei\u00e7\u00f5es \u00e9 15 dias antes do pleito, de acordo com artigo 236, par\u00e1grafo 1\u00ba, do C\u00f3digo Eleitoral. \u201cSendo que neste caso o mandado de pris\u00e3o n\u00e3o poder\u00e1 ser cumprido ap\u00f3s o pr\u00f3ximo s\u00e1bado (17), em raz\u00e3o da legisla\u00e7\u00e3o eleitoral, momento em que o investigado poder\u00e1 se apresentar espontaneamente \u00e0 pol\u00edcia\u201d, concluiu.<\/p>\n<p>As investiga\u00e7\u00f5es est\u00e3o em andamento e a Pol\u00edcia Civil ir\u00e1 comunicar sobre novas a\u00e7\u00f5es oportunamente.<\/p>\n<p>O nome Toler\u00e2ncia Zero \u00e9 uma lembran\u00e7a ao lema da administra\u00e7\u00e3o de Muniz, que era &#8220;Toler\u00e2ncia Zero Contra a Corrup\u00e7\u00e3o&#8221;. A assessoria do prefeito afastado informou que ainda n\u00e3o foram notificados oficialmente, e s\u00f3 ir\u00e3o se manifestar quando isso ocorrer.<\/p>\n<p>Cristiano J\u00fanior e Leonardo Andrade, presos na quarta-feira (14), foram ouvidos na Delegacia de Plant\u00e3o da Pol\u00edcia Civil e liberados nesta quinta-feira (15). Os advogados dos conduzidos estiveram no local e disseram que iriam se pronunciar ap\u00f3s ter acesso ao processo.<\/p>\n<p><img decoding=\"async\" src=\"http:\/\/aconteceunovale.com.br\/portal\/wp-content\/uploads\/2016\/09\/ruy_muniz.jpg\" alt=\"\" \/><em>Ruy Muniz \u00e9 um dos alvos da opera\u00e7\u00e3o (Foto: Divulga\u00e7\u00e3o)<\/em><br \/>\n<\/br><\/p>\n<p><em>(Com informa\u00e7\u00f5es da PCMG e G1)<\/em><\/p>\n","protected":false},"excerpt":{"rendered":"<p>A Pol\u00edcia Civil de Minas Gerais (PCMG) realizou nesta quinta-feira (15\/09\/2016) a opera\u00e7\u00e3o \u201cToler\u00e2ncia Zero\u201d, que apura fraude na compra de combust\u00edveis pela prefeitura de Montes Claros (MG). A a\u00e7\u00e3o culminou na pris\u00e3o preventiva do secret\u00e1rio municipal de Desenvolvimento Sustent\u00e1vel, Meio Ambiente e Agricultura, Leonardo Andrade, e do diretor da Empresa de Servi\u00e7os, Obras e [&hellip;]<\/p>\n","protected":false},"author":1,"featured_media":97029,"comment_status":"open","ping_status":"closed","sticky":false,"template":"","format":"standard","meta":{"amp_status":"","footnotes":""},"categories":[1236],"tags":[115454,115457,115464,1018,115462,115461,115452,115465,115466,115453,115455,115451,210,114122,114120,115456,115458,115459,115460,604,44644,115463,115469,91347,115470,89125,27373,4616,115468,115467],"class_list":["post-97028","post","type-post","status-publish","format-standard","has-post-thumbnail","hentry","category-norte_de_minas","tag-buscas-na-casa-de-ruy-adriano-borges-muniz","tag-buscas-na-casa-de-ruy-muniz","tag-cristiano-junior","tag-destaque","tag-esurb","tag-fraudes-no-setor-de-transporte-da-prefeitura-durante-a-administracao-de-ruy-muniz","tag-fraudes-nos-transportes-em-montes-claros","tag-leonardo-andrade","tag-mandado-de-prisao-para-ruy-muniz","tag-mandado-de-prisao-ruy-adriano-borges-muniz","tag-mandado-de-prisao-ruy-muniz","tag-mandados-de-busca-e-apreensao-na-casa-do-prefeito-afastado-de-montes-claros","tag-montes-claros","tag-operacao-da-policia-civil-em-montes-claros","tag-operacao-policial-em-montes-claros","tag-operacao-ruy-muniz","tag-operacao-tolerancia-zero","tag-operacao-tolerancia-zero-em-montes-claros","tag-operacao-tolerancia-zero-ruy-muniz","tag-pcmg","tag-policia-civil-de-minas-gerais","tag-presidente-da-esubr","tag-presidente-da-esurb","tag-prisao-de-ruy-muniz","tag-prisao-presidente-da-esurb","tag-prisao-ruy-adriano-borges-muniz","tag-ruy-adriano-borges-muniz","tag-ruy-muniz","tag-ruy-muniz-e-alvo-da-operacao-tolerancia-zero-da-policia-civil","tag-tolerancia-zero-contra-a-corrupcao"],"_links":{"self":[{"href":"https:\/\/aconteceunovale.com.br\/portal\/index.php?rest_route=\/wp\/v2\/posts\/97028","targetHints":{"allow":["GET"]}}],"collection":[{"href":"https:\/\/aconteceunovale.com.br\/portal\/index.php?rest_route=\/wp\/v2\/posts"}],"about":[{"href":"https:\/\/aconteceunovale.com.br\/portal\/index.php?rest_route=\/wp\/v2\/types\/post"}],"author":[{"embeddable":true,"href":"https:\/\/aconteceunovale.com.br\/portal\/index.php?rest_route=\/wp\/v2\/users\/1"}],"replies":[{"embeddable":true,"href":"https:\/\/aconteceunovale.com.br\/portal\/index.php?rest_route=%2Fwp%2Fv2%2Fcomments&post=97028"}],"version-history":[{"count":0,"href":"https:\/\/aconteceunovale.com.br\/portal\/index.php?rest_route=\/wp\/v2\/posts\/97028\/revisions"}],"wp:featuredmedia":[{"embeddable":true,"href":"https:\/\/aconteceunovale.com.br\/portal\/index.php?rest_route=\/wp\/v2\/media\/97029"}],"wp:attachment":[{"href":"https:\/\/aconteceunovale.com.br\/portal\/index.php?rest_route=%2Fwp%2Fv2%2Fmedia&parent=97028"}],"wp:term":[{"taxonomy":"category","embeddable":true,"href":"https:\/\/aconteceunovale.com.br\/portal\/index.php?rest_route=%2Fwp%2Fv2%2Fcategories&post=97028"},{"taxonomy":"post_tag","embeddable":true,"href":"https:\/\/aconteceunovale.com.br\/portal\/index.php?rest_route=%2Fwp%2Fv2%2Ftags&post=97028"}],"curies":[{"name":"wp","href":"https:\/\/api.w.org\/{rel}","templated":true}]}}