{"id":97012,"date":"2016-09-14T22:39:28","date_gmt":"2016-09-15T01:39:28","guid":{"rendered":"http:\/\/aconteceunovale.com.br\/portal\/?p=97012"},"modified":"2016-09-14T22:39:28","modified_gmt":"2016-09-15T01:39:28","slug":"detento-e-espancado-ate-a-morte-em-presidio-de-montes-claros","status":"publish","type":"post","link":"https:\/\/aconteceunovale.com.br\/portal\/?p=97012","title":{"rendered":"Detento \u00e9 espancado at\u00e9 a morte em pres\u00eddio de Montes Claros"},"content":{"rendered":"<p>Um detento foi espancado at\u00e9 a morte nesta quarta-feira (14\/09\/2016) no Presidio Regional de Montes Claros, no Norte de Minas. Funcion\u00e1rios da unidade afirmaram para a imprensa local que a v\u00edtima Gilberto Silva de Oliveira, de 29 anos, foi agredida por nove homens que estavam na mesma cela, do pavilh\u00e3o F.<\/p>\n<p>Segundo a Secretaria de Estado e Defesa Social (Seds), o preso, que \u00e9 conhecido como Bet\u00e3o, foi encontrado por agentes penitenci\u00e1rios. Ele estava desacordado dentro da cela.<\/p>\n<p>Ainda segundo a Seds, a equipe de enfermagem da unidade \u201crealizou os primeiros socorros e, por meio do Servi\u00e7o de Atendimento M\u00f3vel de Urg\u00eancia (SAMU), encaminhou Gilberto Silva ao Hospital Santa Clara, onde foi constatado o \u00f3bito\u201d.<\/p>\n<p><img decoding=\"async\" src=\"http:\/\/aconteceunovale.com.br\/portal\/wp-content\/uploads\/2016\/09\/preso_moc_morto-e1473903414178.jpg\" alt=\"\" \/>Gilberto Silva de Oliveira tinha 29 anos (Divulga\u00e7\u00e3o)<br \/>\n<\/br><\/p>\n<p><em>(Com informa\u00e7\u00f5es do G1 Grande Minas e Seds)<\/em><\/p>\n","protected":false},"excerpt":{"rendered":"<p>Um detento foi espancado at\u00e9 a morte nesta quarta-feira (14\/09\/2016) no Presidio Regional de Montes Claros, no Norte de Minas. Funcion\u00e1rios da unidade afirmaram para a imprensa local que a v\u00edtima Gilberto Silva de Oliveira, de 29 anos, foi agredida por nove homens que estavam na mesma cela, do pavilh\u00e3o F. Segundo a Secretaria de [&hellip;]<\/p>\n","protected":false},"author":1,"featured_media":35211,"comment_status":"open","ping_status":"closed","sticky":false,"template":"","format":"standard","meta":{"amp_status":"","footnotes":""},"categories":[1236],"tags":[115430,115432,115433,115424,115425,115431,210,115428,115429,115427,115426],"class_list":{"0":"post-97012","1":"post","2":"type-post","3":"status-publish","4":"format-standard","5":"has-post-thumbnail","6":"hentry","7":"category-norte_de_minas","8":"tag-assassinato-presidio-de-montes-claros","9":"tag-betao","10":"tag-betao-sujo","13":"tag-gilberto-silva-de-oliveira","14":"tag-montes-claros","15":"tag-morte-presidio-de-montes-claros","16":"tag-morto-presidio-de-montes-claros","17":"tag-ocorrencia-presidio-de-montes-claros","18":"tag-presidio-de-montes-claros"},"_links":{"self":[{"href":"https:\/\/aconteceunovale.com.br\/portal\/index.php?rest_route=\/wp\/v2\/posts\/97012","targetHints":{"allow":["GET"]}}],"collection":[{"href":"https:\/\/aconteceunovale.com.br\/portal\/index.php?rest_route=\/wp\/v2\/posts"}],"about":[{"href":"https:\/\/aconteceunovale.com.br\/portal\/index.php?rest_route=\/wp\/v2\/types\/post"}],"author":[{"embeddable":true,"href":"https:\/\/aconteceunovale.com.br\/portal\/index.php?rest_route=\/wp\/v2\/users\/1"}],"replies":[{"embeddable":true,"href":"https:\/\/aconteceunovale.com.br\/portal\/index.php?rest_route=%2Fwp%2Fv2%2Fcomments&post=97012"}],"version-history":[{"count":0,"href":"https:\/\/aconteceunovale.com.br\/portal\/index.php?rest_route=\/wp\/v2\/posts\/97012\/revisions"}],"wp:featuredmedia":[{"embeddable":true,"href":"https:\/\/aconteceunovale.com.br\/portal\/index.php?rest_route=\/wp\/v2\/media\/35211"}],"wp:attachment":[{"href":"https:\/\/aconteceunovale.com.br\/portal\/index.php?rest_route=%2Fwp%2Fv2%2Fmedia&parent=97012"}],"wp:term":[{"taxonomy":"category","embeddable":true,"href":"https:\/\/aconteceunovale.com.br\/portal\/index.php?rest_route=%2Fwp%2Fv2%2Fcategories&post=97012"},{"taxonomy":"post_tag","embeddable":true,"href":"https:\/\/aconteceunovale.com.br\/portal\/index.php?rest_route=%2Fwp%2Fv2%2Ftags&post=97012"}],"curies":[{"name":"wp","href":"https:\/\/api.w.org\/{rel}","templated":true}]}}