{"id":97001,"date":"2016-09-14T20:52:30","date_gmt":"2016-09-14T23:52:30","guid":{"rendered":"http:\/\/aconteceunovale.com.br\/portal\/?p=97001"},"modified":"2016-09-14T20:52:30","modified_gmt":"2016-09-14T23:52:30","slug":"primeiro-onibus-movido-a-energia-solar-do-brasil-vai-entrar-em-operacao","status":"publish","type":"post","link":"https:\/\/aconteceunovale.com.br\/portal\/?p=97001","title":{"rendered":"Primeiro \u00f4nibus movido a energia solar do Brasil vai entrar em opera\u00e7\u00e3o"},"content":{"rendered":"<p>O primeiro \u00f4nibus el\u00e9trico movido a energia solar do Brasil vai entrar em opera\u00e7\u00e3o daqui a tr\u00eas meses no campus da Universidade Federal de Santa Catarina (UFSC), em Florian\u00f3polis.<\/p>\n<p>Com apoio do Minist\u00e9rio da Ci\u00eancia, Tecnologia, Inova\u00e7\u00f5es e Comunica\u00e7\u00f5es (MCTIC), o ve\u00edculo far\u00e1 o percurso de 50km entre o campus e o Centro de Pesquisa e Capacita\u00e7\u00e3o em Energia Solar Fotovoltaica, no Sapiens Parque, e reduzir\u00e1 em um ter\u00e7o o tempo gasto para o deslocamento. O investimento  na tecnologia foi de R$ 1 milh\u00e3o.<\/p>\n<p><strong>Inova\u00e7\u00e3o<\/strong><\/p>\n<p>O \u00f4nibus far\u00e1 o trajeto quatro vezes ao dia, com zero emiss\u00e3o de poluentes. Considerado puro, o ve\u00edculo possui apenas tra\u00e7\u00e3o el\u00e9trica. A eletricidade para o seu deslocamento \u00e9 gerada por fonte limpa, renov\u00e1vel e silenciosa, conhecida por fotovoltaica.<\/p>\n<p>O professor do Grupo de Pesquisa Estrat\u00e9gica em Energia Solar da UFSC, Ricardo Ruther, destaca que quando o \u00f4nibus estiver parado no tr\u00e2nsito n\u00e3o haver\u00e1 consumo de energia, como acontece com os ve\u00edculos com motores \u00e0 combust\u00e3o. J\u00e1 a tecnologia de frenagem regenerativa gera energia por meio das rodas, que \u00e9 enviada para as baterias e reaproveitada.<\/p>\n<p>&#8220;Contar com o apoio do MCTIC foi fundamental, pois os recursos do projeto foram integralmente financiados pelo minist\u00e9rio. Tivemos a doa\u00e7\u00e3o das baterias e da esta\u00e7\u00e3o de recarga da empresa japonesa Mitsubishi Heavy Industries, que tamb\u00e9m foi fundamental para viabilizar o projeto&#8221;, disse Ruther.<\/p>\n<p><strong>Estrutura de pesquisa<\/strong><\/p>\n<p>Segundo o professor, o MCTIC tamb\u00e9m financiou a implanta\u00e7\u00e3o do laborat\u00f3rio do centro de pesquisa onde foi desenvolvida a nova tecnologia. Somente no laborat\u00f3rio, o governo federal investiu R$ 3,6 milh\u00f5es.<\/p>\n<p>&#8220;Em nosso laborat\u00f3rio, temos cerca de 100 Quilowatts (kW) de gera\u00e7\u00e3o solar, dos quais somente 60 kW s\u00e3o necess\u00e1rios para atender a todo o consumo de eletricidade do laborat\u00f3rio, que s\u00e3o cerca de 700 m\u00b2. Os outros 40 kW, injetamos hoje na rede el\u00e9trica para ser utilizado em nosso campus central da UFSC&#8221;, explicou o professor.<\/p>\n<p>O projeto do \u00f4nibus el\u00e9trico movido a energia solar se insere em um conjunto de a\u00e7\u00f5es do Programa Tecnologias para Cidades Sustent\u00e1veis da Secis, que tem o objetivo de fortalecer o dom\u00ednio das tecnologias relacionadas \u00e0 energia fotovoltaica no Pa\u00eds e, com isso, ampliar sua utiliza\u00e7\u00e3o como alternativa aos combust\u00edveis f\u00f3sseis.<\/p>\n<p><img decoding=\"async\" src=\"http:\/\/aconteceunovale.com.br\/portal\/wp-content\/uploads\/2016\/09\/onibus_solar.jpeg\" alt=\"\" \/><em>\u00d4nibus el\u00e9trico movido a energia solar (Foto: Divulga\u00e7\u00e3o\/MCTIC)<\/em><br \/>\n<\/br><\/p>\n<p><em>(Fonte: Portal Brasil\/MCTIC)<\/em><\/p>\n","protected":false},"excerpt":{"rendered":"<p>O primeiro \u00f4nibus el\u00e9trico movido a energia solar do Brasil vai entrar em opera\u00e7\u00e3o daqui a tr\u00eas meses no campus da Universidade Federal de Santa Catarina (UFSC), em Florian\u00f3polis. Com apoio do Minist\u00e9rio da Ci\u00eancia, Tecnologia, Inova\u00e7\u00f5es e Comunica\u00e7\u00f5es (MCTIC), o ve\u00edculo far\u00e1 o percurso de 50km entre o campus e o Centro de Pesquisa [&hellip;]<\/p>\n","protected":false},"author":1,"featured_media":97002,"comment_status":"open","ping_status":"closed","sticky":false,"template":"","format":"standard","meta":{"amp_status":"","footnotes":""},"categories":[6,40247],"tags":[68211,115403,111111,115404,115401,115405,115400,115406,35743,115402,112810,112819],"class_list":["post-97001","post","type-post","status-publish","format-standard","has-post-thumbnail","hentry","category-br","category-tecnologia-2","tag-florianopolis","tag-grupo-de-pesquisa-estrategica-em-energia-solar-da-ufsc","tag-mctic","tag-onibus-eletrico","tag-onibus-eletrico-movido-a-energia-solar","tag-onibus-movido-a-energia-solar","tag-primeiro-onibus-eletrico-movido-a-energia-solar-do-brasil","tag-primeiro-onibus-movido-a-energia-solar-do-brasil-vai-entrar-em-operacao","tag-ricardo-ruther","tag-sapiens-parque","tag-ufsc","tag-universidade-federal-de-santa-catarina"],"_links":{"self":[{"href":"https:\/\/aconteceunovale.com.br\/portal\/index.php?rest_route=\/wp\/v2\/posts\/97001","targetHints":{"allow":["GET"]}}],"collection":[{"href":"https:\/\/aconteceunovale.com.br\/portal\/index.php?rest_route=\/wp\/v2\/posts"}],"about":[{"href":"https:\/\/aconteceunovale.com.br\/portal\/index.php?rest_route=\/wp\/v2\/types\/post"}],"author":[{"embeddable":true,"href":"https:\/\/aconteceunovale.com.br\/portal\/index.php?rest_route=\/wp\/v2\/users\/1"}],"replies":[{"embeddable":true,"href":"https:\/\/aconteceunovale.com.br\/portal\/index.php?rest_route=%2Fwp%2Fv2%2Fcomments&post=97001"}],"version-history":[{"count":0,"href":"https:\/\/aconteceunovale.com.br\/portal\/index.php?rest_route=\/wp\/v2\/posts\/97001\/revisions"}],"wp:featuredmedia":[{"embeddable":true,"href":"https:\/\/aconteceunovale.com.br\/portal\/index.php?rest_route=\/wp\/v2\/media\/97002"}],"wp:attachment":[{"href":"https:\/\/aconteceunovale.com.br\/portal\/index.php?rest_route=%2Fwp%2Fv2%2Fmedia&parent=97001"}],"wp:term":[{"taxonomy":"category","embeddable":true,"href":"https:\/\/aconteceunovale.com.br\/portal\/index.php?rest_route=%2Fwp%2Fv2%2Fcategories&post=97001"},{"taxonomy":"post_tag","embeddable":true,"href":"https:\/\/aconteceunovale.com.br\/portal\/index.php?rest_route=%2Fwp%2Fv2%2Ftags&post=97001"}],"curies":[{"name":"wp","href":"https:\/\/api.w.org\/{rel}","templated":true}]}}