{"id":96990,"date":"2016-09-14T20:09:11","date_gmt":"2016-09-14T23:09:11","guid":{"rendered":"http:\/\/aconteceunovale.com.br\/portal\/?p=96990"},"modified":"2016-09-14T20:09:11","modified_gmt":"2016-09-14T23:09:11","slug":"liminar-impede-demolicao-de-barracas-de-praia-em-porto-seguro","status":"publish","type":"post","link":"https:\/\/aconteceunovale.com.br\/portal\/?p=96990","title":{"rendered":"Liminar impede demoli\u00e7\u00e3o de barracas de praia em Porto Seguro"},"content":{"rendered":"<p>Os propriet\u00e1rios dos complexos de lazer Ax\u00e9 Moi e T\u00f4a T\u00f4a, em Porto Seguro, no Extremo Sul da Bahia, conseguiram liminar judicial impedindo a demoli\u00e7\u00e3o das estruturas. O desembargador federal Jo\u00e3o Batista Moreiras, do Tribunal Regional da Primeira Regi\u00e3o (TRF1), em Bras\u00edlia, acatou, parcialmente, o pedido feito pelos departamentos jur\u00eddicos dos empreendimentos. A decis\u00e3o vale enquanto o processo n\u00e3o for analisado pelo relator.<\/p>\n<p>A demoli\u00e7\u00e3o das barracas foi determinada pela Vara \u00danica da Justi\u00e7a Federal em Eun\u00e1polis. O Procurador da Rep\u00fablica Fernando Zelada, autor do pedido, alega que os com\u00e9rcios funcionam de forma irregular na orla norte de Porto Seguro, provocando impactos ambientes. O processo j\u00e1 corre h\u00e1 sete anos na Justi\u00e7a.<\/p>\n<p><strong>Peti\u00e7\u00e3o online<\/strong><\/p>\n<p>Os respons\u00e1veis pelas barracas Ax\u00e9 Moi e T\u00f4a T\u00f4a realizam uma peti\u00e7\u00e3o online contra a demoli\u00e7\u00e3o das estruturas. At\u00e9 o in\u00edcio da noite desta quarta-feira (14\/09\/2016), mais de 13 pessoas j\u00e1 haviam participado. A peti\u00e7\u00e3o est\u00e1 dispon\u00edvel no endere\u00e7o <a href=\"https:\/\/www.change.org\/p\/org\u00e3o-p\u00fablico-de-porto-seguro-n\u00e3o-a-demoli\u00e7\u00e3o-das-barracas-em-porto-seguro\" target=\"_blank\">https:\/\/www.change.org\/p\/org\u00e3o-p\u00fablico-de-porto-seguro-n\u00e3o-a-demoli\u00e7\u00e3o-das-barracas-em-porto-seguro<\/a>.<\/p>\n<p><img decoding=\"async\" src=\"http:\/\/aconteceunovale.com.br\/portal\/wp-content\/uploads\/2016\/09\/barraca_porto_seguro_1.jpg\" alt=\"\" \/><em>Vista a\u00e9rea do Complexo de lazer Ax\u00e9 Moi (Divulga\u00e7\u00e3o)<\/em><br \/>\n<\/br><\/p>\n<p><img decoding=\"async\" src=\"http:\/\/aconteceunovale.com.br\/portal\/wp-content\/uploads\/2016\/09\/barraca_porto_seguro_2.jpg\" alt=\"\" \/><em>Vista a\u00e9rea do Complexo de lazer T\u00f4a T\u00f4a (Divulga\u00e7\u00e3o)<\/em><br \/>\n<\/br><\/p>\n<p><em>(Com informa\u00e7\u00f5es dos sites Radar 64 e A Tarde)<\/em><\/p>\n","protected":false},"excerpt":{"rendered":"<p>Os propriet\u00e1rios dos complexos de lazer Ax\u00e9 Moi e T\u00f4a T\u00f4a, em Porto Seguro, no Extremo Sul da Bahia, conseguiram liminar judicial impedindo a demoli\u00e7\u00e3o das estruturas. O desembargador federal Jo\u00e3o Batista Moreiras, do Tribunal Regional da Primeira Regi\u00e3o (TRF1), em Bras\u00edlia, acatou, parcialmente, o pedido feito pelos departamentos jur\u00eddicos dos empreendimentos. A decis\u00e3o vale [&hellip;]<\/p>\n","protected":false},"author":1,"featured_media":96776,"comment_status":"open","ping_status":"closed","sticky":false,"template":"","format":"standard","meta":{"amp_status":"","footnotes":""},"categories":[6],"tags":[30905,114919,114928,114918,114924,114934,37128,114938,114920,114929,114940,114914,114913,114946,114921,114930,114941,114915,1018,114935,114936,22237,114923,114932,114939,114916,114947,114926,114922,114931,114945,114917,114944,115370,114942,423,114943,114925,114937,114927,114933],"class_list":["post-96990","post","type-post","status-publish","format-standard","has-post-thumbnail","hentry","category-br","tag-axe-moi","tag-barraca-axe-moi","tag-barraca-toa-toa","tag-barracas-de-praia-porto-seguro","tag-beto-nascimento","tag-coloca-em-risco-o-turismo-de-porto-seguro","tag-complexo-de-lazer-axe-moi","tag-das-barracas-de-praia-de-porto-seguro","tag-demolicao-barraca-axe-moi","tag-demolicao-barraca-toa-toa","tag-demolicao-das-barracas-de-praia-de-porto-seguro","tag-demolicao-de-barracas-de-praia-porto-seguro","tag-demolicao-de-duas-barracas-na-cidade-de-porto-seguro","tag-demolicao-do-complexo-de-lazer-axe-moi","tag-derrubada-barraca-axe-moi","tag-derrubada-barraca-toa-toa","tag-derrubada-das-barracas-de-praia-de-porto-seguro","tag-derrubada-de-barracas-de-praia-porto-seguro","tag-destaque","tag-esclarecimento-sobre-as-barracas-de-praia","tag-esclarecimento-sobre-as-barracas-de-praia-de-porto-seguro","tag-eunapolis","tag-fechamento-barraca-axe-moi","tag-fechamento-barraca-toa-toa","tag-fechamento-das-barracas-de-praia-de-porto-seguro","tag-fechamento-de-barracas-de-praia-porto-seguro","tag-fechamento-do-complexo-de-lazer-axe-moi","tag-fernando-zelada","tag-interdicao-barraca-axe-moi","tag-interdicao-barraca-toa-toa","tag-interdicao-complexo-de-lazer-axe-moi","tag-interdicao-de-barracas-de-praia-porto-seguro","tag-justica-federal-manda-derrubar-barracas-de-praia-em-porto-seguro","tag-liminar-impede-demolicao-de-barracas-de-praia-em-porto-seguro","tag-orla-norte-de-porto-seguro","tag-porto-seguro","tag-prefeitura-de-porto-seguro","tag-procurador-federal-em-eunapolis","tag-regularizacao-das-barracas-de-praia-de-porto-seguro","tag-toa-toa","tag-turismo-de-porto-seguro"],"_links":{"self":[{"href":"https:\/\/aconteceunovale.com.br\/portal\/index.php?rest_route=\/wp\/v2\/posts\/96990","targetHints":{"allow":["GET"]}}],"collection":[{"href":"https:\/\/aconteceunovale.com.br\/portal\/index.php?rest_route=\/wp\/v2\/posts"}],"about":[{"href":"https:\/\/aconteceunovale.com.br\/portal\/index.php?rest_route=\/wp\/v2\/types\/post"}],"author":[{"embeddable":true,"href":"https:\/\/aconteceunovale.com.br\/portal\/index.php?rest_route=\/wp\/v2\/users\/1"}],"replies":[{"embeddable":true,"href":"https:\/\/aconteceunovale.com.br\/portal\/index.php?rest_route=%2Fwp%2Fv2%2Fcomments&post=96990"}],"version-history":[{"count":0,"href":"https:\/\/aconteceunovale.com.br\/portal\/index.php?rest_route=\/wp\/v2\/posts\/96990\/revisions"}],"wp:featuredmedia":[{"embeddable":true,"href":"https:\/\/aconteceunovale.com.br\/portal\/index.php?rest_route=\/wp\/v2\/media\/96776"}],"wp:attachment":[{"href":"https:\/\/aconteceunovale.com.br\/portal\/index.php?rest_route=%2Fwp%2Fv2%2Fmedia&parent=96990"}],"wp:term":[{"taxonomy":"category","embeddable":true,"href":"https:\/\/aconteceunovale.com.br\/portal\/index.php?rest_route=%2Fwp%2Fv2%2Fcategories&post=96990"},{"taxonomy":"post_tag","embeddable":true,"href":"https:\/\/aconteceunovale.com.br\/portal\/index.php?rest_route=%2Fwp%2Fv2%2Ftags&post=96990"}],"curies":[{"name":"wp","href":"https:\/\/api.w.org\/{rel}","templated":true}]}}