{"id":96981,"date":"2016-09-14T18:50:59","date_gmt":"2016-09-14T21:50:59","guid":{"rendered":"http:\/\/aconteceunovale.com.br\/portal\/?p=96981"},"modified":"2016-09-14T18:50:59","modified_gmt":"2016-09-14T21:50:59","slug":"dois-sao-detidos-por-envolvimento-na-morte-de-pai-e-filho-em-bocaiuva","status":"publish","type":"post","link":"https:\/\/aconteceunovale.com.br\/portal\/?p=96981","title":{"rendered":"Dois s\u00e3o detidos por envolvimento na morte de pai e filho em Bocaiuva"},"content":{"rendered":"<p>Um homem foi preso e um menor detido nesta quarta-feira (14\/09\/2016) por envolvimento na morte de pai e filho em Bocaiuva, no Norte de Minas. O crime ocorreu no dia quatro de setembro deste ano, no Bairro Alterosa, segundo a Pol\u00edcia Militar (PM).<\/p>\n<p>O delegado da Pol\u00edcia Civil, Leonardo Diniz, afirma que durante as investiga\u00e7\u00f5es os policiais identificaram um homem, de 24 anos, e um adolescente, de 14 anos, como os autores do crime. Eles foram encontrados e detidos nesta quarta-feira.<\/p>\n<p>A investiga\u00e7\u00e3o apontou ainda, segundo o delegado, outro homem como o mandante do crime. \u201cO menor confessou ter efetuados os disparos. Eles alegam que a v\u00edtima, de 24 anos, estava devendo meio quilo de crack para um traficante da cidade, mas a principal suspeita da pol\u00edcia \u00e9 a disputa territorial\u201d, explica o delegado.<\/p>\n<p>Leonardo Diniz n\u00e3o divulgou o nome do suposto mandante do crime, mas afirmou que ir\u00e1 pedir a pris\u00e3o preventiva dele. O delegado afirma que o mandante \u00e9 chefe de uma das quatro fac\u00e7\u00f5es criminosas que atuam em Bocaiuva.<\/p>\n<p>O homem preso foi levado para a delegacia da cidade, mas ser\u00e1 encaminhado ainda nesta quarta-feira para o Pres\u00eddio Regional de Bocaiuva. A Pol\u00edcia Civil afirmou que tenta, junto ao Minist\u00e9rio P\u00fablico, a interna\u00e7\u00e3o do menor apreendido no Centro Socioeducativo Nossa Senhora Aparecida, em Montes Claros. <\/p>\n<p><img decoding=\"async\" src=\"http:\/\/aconteceunovale.com.br\/portal\/wp-content\/uploads\/2015\/04\/bocaiuva_mg.jpg\" alt=\"\" \/><em>Crime ocorreu no bairro Alterosa (Foto: Reprodu\u00e7\u00e3o\/Facebook)<\/em><br \/>\n<\/br><\/p>\n<p><em>(Foto: G1 Grande Minas)<\/em><\/p>\n","protected":false},"excerpt":{"rendered":"<p>Um homem foi preso e um menor detido nesta quarta-feira (14\/09\/2016) por envolvimento na morte de pai e filho em Bocaiuva, no Norte de Minas. O crime ocorreu no dia quatro de setembro deste ano, no Bairro Alterosa, segundo a Pol\u00edcia Militar (PM). O delegado da Pol\u00edcia Civil, Leonardo Diniz, afirma que durante as investiga\u00e7\u00f5es [&hellip;]<\/p>\n","protected":false},"author":1,"featured_media":57698,"comment_status":"open","ping_status":"closed","sticky":false,"template":"","format":"standard","meta":{"amp_status":"","footnotes":""},"categories":[1236],"tags":[115363,645,56763,115366,115360,115362,115367,115368,76353,115361,115364,115365],"class_list":["post-96981","post","type-post","status-publish","format-standard","has-post-thumbnail","hentry","category-norte_de_minas","tag-assassinato-bocaiuva","tag-bocaiuva","tag-delegado-da-policia-civil","tag-dois-sao-detidos-por-envolvimento-na-morte-de-pai-e-filho-em-bocaiuva","tag-duplo-homicidio-bocaiuva","tag-homicidio-bocaiuva","tag-jaime-da-rocha-silva","tag-jaime-manoel-da-rocha","tag-leonardo-diniz","tag-morte-de-pai-e-filho-em-bocaiuva","tag-mortes-bocaiuva","tag-mortos-em-bocaiuva"],"_links":{"self":[{"href":"https:\/\/aconteceunovale.com.br\/portal\/index.php?rest_route=\/wp\/v2\/posts\/96981","targetHints":{"allow":["GET"]}}],"collection":[{"href":"https:\/\/aconteceunovale.com.br\/portal\/index.php?rest_route=\/wp\/v2\/posts"}],"about":[{"href":"https:\/\/aconteceunovale.com.br\/portal\/index.php?rest_route=\/wp\/v2\/types\/post"}],"author":[{"embeddable":true,"href":"https:\/\/aconteceunovale.com.br\/portal\/index.php?rest_route=\/wp\/v2\/users\/1"}],"replies":[{"embeddable":true,"href":"https:\/\/aconteceunovale.com.br\/portal\/index.php?rest_route=%2Fwp%2Fv2%2Fcomments&post=96981"}],"version-history":[{"count":0,"href":"https:\/\/aconteceunovale.com.br\/portal\/index.php?rest_route=\/wp\/v2\/posts\/96981\/revisions"}],"wp:featuredmedia":[{"embeddable":true,"href":"https:\/\/aconteceunovale.com.br\/portal\/index.php?rest_route=\/wp\/v2\/media\/57698"}],"wp:attachment":[{"href":"https:\/\/aconteceunovale.com.br\/portal\/index.php?rest_route=%2Fwp%2Fv2%2Fmedia&parent=96981"}],"wp:term":[{"taxonomy":"category","embeddable":true,"href":"https:\/\/aconteceunovale.com.br\/portal\/index.php?rest_route=%2Fwp%2Fv2%2Fcategories&post=96981"},{"taxonomy":"post_tag","embeddable":true,"href":"https:\/\/aconteceunovale.com.br\/portal\/index.php?rest_route=%2Fwp%2Fv2%2Ftags&post=96981"}],"curies":[{"name":"wp","href":"https:\/\/api.w.org\/{rel}","templated":true}]}}