{"id":96974,"date":"2016-09-14T18:10:08","date_gmt":"2016-09-14T21:10:08","guid":{"rendered":"http:\/\/aconteceunovale.com.br\/portal\/?p=96974"},"modified":"2016-09-15T12:53:47","modified_gmt":"2016-09-15T15:53:47","slug":"carreta-derruba-postes-e-deixa-dezenas-de-casas-sem-energia-em-aracuai","status":"publish","type":"post","link":"https:\/\/aconteceunovale.com.br\/portal\/?p=96974","title":{"rendered":"Carreta derruba postes e deixa dezenas de casas sem energia em Ara\u00e7ua\u00ed"},"content":{"rendered":"<p>Uma carreta carregada com estruturas met\u00e1licas para montagens dos camarotes da Arafolia &#8211; a micareta de Ara\u00e7ua\u00ed, no Vale do Jequitinhonha &#8211; bateu em um poste na Rua Montes Claros, no bairro Santa Teresa, na noite de ter\u00e7a-feira (13\/09). Com o impacto, o poste caiu, deixando pelo menos 30 fam\u00edlias sem energia. O motorista Jos\u00e9 Gaspar dos Santos, de 65 anos, n\u00e3o ficou ferido e nenhum ve\u00edculo foi atingido.<\/p>\n<p>Policiais militares foram acionados e estiveram no local para registrar a ocorr\u00eancia. O condutor informou que a carreta, pertencente a uma empresa de Uberaba, no Tri\u00e2ngulo Mineiro, transportava a carga em altura correta, ou seja, 4 metros e 20 cent\u00edmetros.<\/p>\n<p><img decoding=\"async\" src=\"http:\/\/aconteceunovale.com.br\/portal\/wp-content\/uploads\/2016\/09\/acidente_carreta_aracuai_1.jpg\" alt=\"\" \/><em>Carreta transportava estruturas met\u00e1licas (Foto: Reprodu\u00e7\u00e3o\/Gazeta de Ara\u00e7ua\u00ed)<\/em><br \/>\n<\/br><\/p>\n<p><strong>Cabos danificados<\/strong><\/p>\n<p>Um funcion\u00e1rio da Cemig tamb\u00e9m esteve no local e constatou que foram danificados dois postes, sendo um de madeira e outro de concreto, al\u00e9m do rompimento de 70 metros de cabos de m\u00e9dia tens\u00e3o, e 70 metros de cabos de baixa tens\u00e3o, al\u00e9m de danos nas lumin\u00e1rias.<\/p>\n<p>Um representante de uma provedora internet disse que o acidente provocou o rompimento dos cabos de fibra \u00f3tica da empresa.<\/p>\n<p>De acordo com o morador do bairro, Jos\u00e9 Wilson Celestino, o acidente ocorreu por volta das 21 horas. \u201cA Cemig informou que o servi\u00e7o iria se normalizar no in\u00edcio da madrugada. Quando acordei de manh\u00e3 vi que a situa\u00e7\u00e3o continuava a mesma. Muita gente tomou preju\u00edzo com alimentos que se perderam na geladeira. \u00c9 revoltante a falta de respeito com o consumidor\u201d, disse ele.<\/p>\n<p>A Cemig Informou que a energia iria se normalizar ainda hoje para os moradores da \u00e1rea. Por volta das 13 horas desta quarta-feira, n\u00e3o havia nenhum funcion\u00e1rio da empresa no local e at\u00e9 o fechamento desta reportagem (15 horas) o servi\u00e7o ainda n\u00e3o havia sido realizado.<\/p>\n<p><img decoding=\"async\" src=\"http:\/\/aconteceunovale.com.br\/portal\/wp-content\/uploads\/2016\/09\/acidente_carreta_aracuai_2.jpg\" alt=\"\" \/><em>Cabos de energia e internet foram danificados (Foto: Reprodu\u00e7\u00e3o\/Gazeta de Ara\u00e7ua\u00ed)<\/em><br \/>\n<\/br><\/p>\n<p><strong>Nota da Cemig<\/strong><\/p>\n<p><em>&#8220;A Companhia Energ\u00e9tica de Minas Gerais \u2013 Cemig informa que a falta de energia ocorrida ontem (13\/09), por volta de 21h30min, na rua Montes Claros, em Ara\u00e7ua\u00ed, foi causada por um acidente que derrubou postes e arrebentou cabos de m\u00e9dia e baixa tens\u00e3o.<\/p>\n<p>Assim que identificou o problema, a Cemig realizou manobras operativas para que os clientes ficassem o menor tempo poss\u00edvel sem energia. Por volta de 24h de ontem, 96% dos consumidores afetados j\u00e1 estavam restabelecidos. A previs\u00e3o \u00e9 de que o sistema seja completamente normalizado \u00e0s 18h de hoje (14\/09).  <\/p>\n<p>A Empresa esclarece ainda que em caso de acidente, a Cemig realiza todas as obras necess\u00e1rias para o restabelecimento de energia, \u00e9 registrado um boletim de ocorr\u00eancia e o respons\u00e1vel pelo acidente arca com os gastos.<\/p>\n<p>O respons\u00e1vel por esta ocorr\u00eancia est\u00e1 em apura\u00e7\u00e3o.&#8221;<\/em><\/p>\n<p><em>(Gazeta de Ara\u00e7ua\u00ed)<\/em><\/p>\n","protected":false},"excerpt":{"rendered":"<p>Uma carreta carregada com estruturas met\u00e1licas para montagens dos camarotes da Arafolia &#8211; a micareta de Ara\u00e7ua\u00ed, no Vale do Jequitinhonha &#8211; bateu em um poste na Rua Montes Claros, no bairro Santa Teresa, na noite de ter\u00e7a-feira (13\/09). Com o impacto, o poste caiu, deixando pelo menos 30 fam\u00edlias sem energia. O motorista Jos\u00e9 [&hellip;]<\/p>\n","protected":false},"author":1,"featured_media":96975,"comment_status":"open","ping_status":"closed","sticky":false,"template":"","format":"standard","meta":{"amp_status":"","footnotes":""},"categories":[120],"tags":[115350,115351,115354,115353,115352,186,115356,40094,115355,220],"class_list":["post-96974","post","type-post","status-publish","format-standard","has-post-thumbnail","hentry","category-jequi","tag-acidente-carreta-aracuai","tag-acidente-carreta-arafolia-aracuai","tag-acidente-carreta-de-uberaba-em-aracuai","tag-acidente-poste-aracuai","tag-acidente-poste-de-energia-eletrica-em-aracuai","tag-aracuai","tag-carreta-derruba-postes-e-deixa-dezenas-de-casas-sem-energia-em-aracuai","tag-falta-de-energia-em-aracuai","tag-jose-gaspar-dos-santos","tag-uberaba"],"_links":{"self":[{"href":"https:\/\/aconteceunovale.com.br\/portal\/index.php?rest_route=\/wp\/v2\/posts\/96974","targetHints":{"allow":["GET"]}}],"collection":[{"href":"https:\/\/aconteceunovale.com.br\/portal\/index.php?rest_route=\/wp\/v2\/posts"}],"about":[{"href":"https:\/\/aconteceunovale.com.br\/portal\/index.php?rest_route=\/wp\/v2\/types\/post"}],"author":[{"embeddable":true,"href":"https:\/\/aconteceunovale.com.br\/portal\/index.php?rest_route=\/wp\/v2\/users\/1"}],"replies":[{"embeddable":true,"href":"https:\/\/aconteceunovale.com.br\/portal\/index.php?rest_route=%2Fwp%2Fv2%2Fcomments&post=96974"}],"version-history":[{"count":0,"href":"https:\/\/aconteceunovale.com.br\/portal\/index.php?rest_route=\/wp\/v2\/posts\/96974\/revisions"}],"wp:featuredmedia":[{"embeddable":true,"href":"https:\/\/aconteceunovale.com.br\/portal\/index.php?rest_route=\/wp\/v2\/media\/96975"}],"wp:attachment":[{"href":"https:\/\/aconteceunovale.com.br\/portal\/index.php?rest_route=%2Fwp%2Fv2%2Fmedia&parent=96974"}],"wp:term":[{"taxonomy":"category","embeddable":true,"href":"https:\/\/aconteceunovale.com.br\/portal\/index.php?rest_route=%2Fwp%2Fv2%2Fcategories&post=96974"},{"taxonomy":"post_tag","embeddable":true,"href":"https:\/\/aconteceunovale.com.br\/portal\/index.php?rest_route=%2Fwp%2Fv2%2Ftags&post=96974"}],"curies":[{"name":"wp","href":"https:\/\/api.w.org\/{rel}","templated":true}]}}