{"id":96963,"date":"2016-09-14T17:07:25","date_gmt":"2016-09-14T20:07:25","guid":{"rendered":"http:\/\/aconteceunovale.com.br\/portal\/?p=96963"},"modified":"2016-09-14T17:44:03","modified_gmt":"2016-09-14T20:44:03","slug":"ex-prefeito-de-unai-e-filho-sao-assassinados-em-fazenda-no-estado-de-mato-grosso","status":"publish","type":"post","link":"https:\/\/aconteceunovale.com.br\/portal\/?p=96963","title":{"rendered":"Ex-prefeito de Una\u00ed e filho s\u00e3o assassinados em fazenda no Estado de Mato Grosso"},"content":{"rendered":"<p>O procurador aposentado do Distrito Federal e ex-prefeito de Una\u00ed, no Noroeste de Minas, Saint\u2019Clair Martins Souto, de 78 anos, e o filho Saint\u2019Clair Diniz Martins Souto, de 38, procurador do Rio de Janeiro, foram assassinados. O duplo homic\u00eddio ocorreu em Vila Rica, a 1.276 quil\u00f4metros de Cuiab\u00e1 (MT), na divisa com Par\u00e1 e Tocantins.<\/p>\n<p>Os corpos foram encontrados na manh\u00e3 desta quarta-feira (14\/09\/2016). O caseiro e gerente da propriedade das v\u00edtimas, Jos\u00e9 Bonfim Alves Santana, de 42 anos, foi preso na noite desta ter\u00e7a-feira (13) em Colinas do Tocantins, no norte do estado, e confessou ter matado a dupla com uma arma de fogo, na manh\u00e3 de sexta-feira. Segundo o delegado de Vila Rica, Gutemberg de Lucena, foi Jos\u00e9 Bonfim quem indicou o local onde estavam as v\u00edtimas. <\/p>\n<p>Uma equipe da Per\u00edcia Oficial e Identifica\u00e7\u00e3o T\u00e9cnica (Politec) de Confresa, a 1.160 km de Cuiab\u00e1, foi at\u00e9 o local para fazer o procedimento de per\u00edcia na \u00e1rea onde os corpos foram achados. Ap\u00f3s os trabalhos periciais, realizada nesta manh\u00e3, os corpos foram levados para uma funer\u00e1ria em Vila Rica.<\/p>\n<p><img decoding=\"async\" src=\"http:\/\/aconteceunovale.com.br\/portal\/wp-content\/uploads\/2016\/09\/mortes_unai_1.jpg\" alt=\"\" \/><em>Saint&#8217;Clair Martins Souto (esq) e Saint&#8217;Clair Diniz Souto (dir) &#8211; (Foto: Arquivo pessoal)<\/em><br \/>\n<\/br><\/p>\n<p><strong>O crime<\/strong><\/p>\n<p>A investiga\u00e7\u00e3o aponta que as v\u00edtimas foram mortas na manh\u00e3 da \u00faltima sexta-feira dentro da sede da fazenda. Pai e filho foram executados com um rev\u00f3lver calibre 38, sendo que o funcion\u00e1rio matou primeiro o pai.<\/p>\n<p>Em seguida, Jos\u00e9 Bonfim chamou o filho para dentro da casa, falando que o pai dele havia sofrido uma queda, momento em que matou a segunda v\u00edtima. Depois, o suspeito arrastou os corpos para uma regi\u00e3o de mata pr\u00f3xima a fazenda.<\/p>\n<p>Com a quebra do sigilo banc\u00e1rio, a pol\u00edcia descobriu que a movimenta\u00e7\u00e3o financeira na conta do suspeito nos \u00faltimos meses era bem maior do que sal\u00e1rio que ele recebia, de R$ 1,2 mil por m\u00eas. Ele foi capturado ap\u00f3s fazer um saque em uma ag\u00eancia em Colinas do Tocantins.<\/p>\n<p>Com o suspeito, os policiais apreenderam uma caminhonete, mais de R$ 5 mil e uma arma, que teria sido usada para matar os procuradores. O caseiro era funcion\u00e1rio da fam\u00edlia h\u00e1 oito anos. Um desentendimento por causa da venda de gado teria motivado o crime.<\/p>\n<p>&#8220;Ele cuidava de todo o gado da fazenda. O patr\u00e3o dele ficava cinco meses sem ir ao local. Ele disse que fazia as vendas desse gado. Posteriormente, o patr\u00e3o chegou a verificar que o dinheiro n\u00e3o estava sendo repassado para sua conta e que o gado estava diminuindo na fazenda e come\u00e7ou a cobrar dele&#8221;, afirmou a delegada da Pol\u00edcia Civil do Tocantins, Olodes Maria Freitas.<\/p>\n<p>Segundo o delegado de Vila Rica, na ter\u00e7a-feira uma equipe de policiais foi enviada para o Tocantins e deve levar o suspeito para Mato Grosso, onde ser\u00e1 novamente interrogado. Jos\u00e9 Bonfim ser\u00e1 levado por uma aeronave do Centro Integrado de Opera\u00e7\u00f5es A\u00e9reas (CIOPaer), ainda nesta quarta-feira.<\/p>\n<p><img decoding=\"async\" src=\"http:\/\/aconteceunovale.com.br\/portal\/wp-content\/uploads\/2016\/09\/mortes_unai_3.jpg\" alt=\"\" \/><em>Funcion\u00e1rio da fazenda confessou o crime (Foto: Reprodu\u00e7\u00e3o\/TV Anhanguera)<\/em><br \/>\n<\/br><\/p>\n<p><strong>Apromat<\/strong><\/p>\n<p>Em nota, a Associa\u00e7\u00e3o dos Procuradores do Estado de Mato Grosso (Apromat) manifestou condol\u00eancias \u00e0 fam\u00edlia de Saint&#8217;Clair Martins Souto e Saint&#8217;Clair Souto.<\/p>\n<p><em>\u201cLamentamos, em nome dos procuradores do estado de Mato Grosso, a perda irrepar\u00e1vel de dois grandes profissionais, que engrandeceram a advocacia p\u00fablica, com seu trabalho digno e retid\u00e3o de car\u00e1ter\u201d<\/em>, declarou a associa\u00e7\u00e3o.<\/p>\n<p><strong>ALMG<\/strong><\/p>\n<p>A Assembleia Legislativa de Minas Gerais divulgou nota sobre a morte de Saint\u2019Clair Martins Souto. <em>&#8220;O procurador aposentado e ex-deputado estadual constituinte pelo PMDB, entre os anos de 1987 e 1991, na Assembleia Legislativa de Minas Gerais (ALMG), Saint\u2019Clair Martins Souto, foi assassinado, aos 78 anos, em Vila Rica (MT). O autor do crime foi o caseiro da fam\u00edlia e a motiva\u00e7\u00e3o seria um desentendimento por causa de venda de gado.<\/p>\n<p>O filho do ex-deputado, Saint\u2019Clair Souto, de 38 anos, tamb\u00e9m foi morto, na fazenda que fica a 1.276 km da capital Cuiab\u00e1. Eles estavam desaparecidos desde a \u00faltima sexta-feira (9) e os corpos foram encontrados nesta quarta-feira (14).<\/p>\n<p>Saint\u2019Clair Martins Souto era advogado e nasceu em Una\u00ed (Noroeste de Minas), onde foi prefeito entre os anos de 1977 e 1983. Na ALMG, foi vice-presidente da Mesa Executiva, suplente da Comiss\u00e3o Constitucional e membro efetivo das Comiss\u00f5es de Ci\u00eancia e Tecnologia e de Constitui\u00e7\u00e3o e Justi\u00e7a.<\/p>\n<p>N\u00e3o h\u00e1 informa\u00e7\u00f5es oficiais sobre hor\u00e1rio e local do vel\u00f3rio e enterro do ex-deputado constituinte e seu filho.&#8221;<\/em>, diz a nota oficial divulgada pela ALMG.<\/p>\n<p><img decoding=\"async\" src=\"http:\/\/aconteceunovale.com.br\/portal\/wp-content\/uploads\/2016\/09\/mortes_unai_2.jpg\" alt=\"\" \/><em>Corpos estavam em pastagem perto de fazenda (Foto: Assessoria\/Pol\u00edcia Civil de MT)<\/em><br \/>\n<\/br><\/p>\n<p><img decoding=\"async\" src=\"http:\/\/aconteceunovale.com.br\/portal\/wp-content\/uploads\/2016\/09\/mortes_unai_4.jpg\" alt=\"\" \/><em>Corpos estavam em pastagem perto de fazenda (Foto: Assessoria\/Pol\u00edcia Civil de MT)<\/em><br \/>\n<\/br><\/p>\n<p><img decoding=\"async\" src=\"http:\/\/aconteceunovale.com.br\/portal\/wp-content\/uploads\/2016\/09\/mortes_unai_5.jpg\" alt=\"\" \/><em>Saint&#8217;Clair Martins Souto (dir) e Saint&#8217;Clair Diniz Souto (esq) &#8211; (Foto: Arquivo pessoal)<\/em><br \/>\n<\/br><\/p>\n<p><em>(Com informa\u00e7\u00f5es do G1 MT e ALMG)<\/em><\/p>\n","protected":false},"excerpt":{"rendered":"<p>O procurador aposentado do Distrito Federal e ex-prefeito de Una\u00ed, no Noroeste de Minas, Saint\u2019Clair Martins Souto, de 78 anos, e o filho Saint\u2019Clair Diniz Martins Souto, de 38, procurador do Rio de Janeiro, foram assassinados. O duplo homic\u00eddio ocorreu em Vila Rica, a 1.276 quil\u00f4metros de Cuiab\u00e1 (MT), na divisa com Par\u00e1 e Tocantins. [&hellip;]<\/p>\n","protected":false},"author":1,"featured_media":96965,"comment_status":"open","ping_status":"closed","sticky":false,"template":"","format":"standard","meta":{"amp_status":"","footnotes":""},"categories":[6,123],"tags":[115330,115327,91440,115338,5107,115342,64687,115329,115341,115339,115332,115337,115340,115331,115333,115336,115349,115348,115343,115335,115334,222,115328],"class_list":["post-96963","post","type-post","status-publish","format-standard","has-post-thumbnail","hentry","category-br","category-gerais","tag-assassinato-de-ex-prefeito-de-unai","tag-colinas-do-tocantins","tag-confresa","tag-delegado-de-vila-rica","tag-distrito-federal","tag-dr-saintclair","tag-ex-prefeito-de-unai","tag-ex-prefeito-de-unai-e-filho-sao-assassinados-em-fazenda-no-estado-de-mato-grosso","tag-fazenda-santa-luzia-vila-rica","tag-gutemberg-de-lucena","tag-homicidio-de-ex-prefeito-de-unai","tag-jose-bonfim-alves-santana","tag-morre-o-ex-deputado-santclair-martins-souto","tag-morte-de-ex-prefeito-de-unai","tag-procurador-aposentado-do-distrito-federal-e-ex-prefeito-de-unai","tag-procurador-do-rio-de-janeiro","tag-saint-clair-martins-souto","tag-saint-clair-martins-souto-filho","tag-saintclair","tag-saintclair-diniz-martins-souto","tag-saintclair-martins-souto","tag-unai","tag-vila-rica"],"_links":{"self":[{"href":"https:\/\/aconteceunovale.com.br\/portal\/index.php?rest_route=\/wp\/v2\/posts\/96963","targetHints":{"allow":["GET"]}}],"collection":[{"href":"https:\/\/aconteceunovale.com.br\/portal\/index.php?rest_route=\/wp\/v2\/posts"}],"about":[{"href":"https:\/\/aconteceunovale.com.br\/portal\/index.php?rest_route=\/wp\/v2\/types\/post"}],"author":[{"embeddable":true,"href":"https:\/\/aconteceunovale.com.br\/portal\/index.php?rest_route=\/wp\/v2\/users\/1"}],"replies":[{"embeddable":true,"href":"https:\/\/aconteceunovale.com.br\/portal\/index.php?rest_route=%2Fwp%2Fv2%2Fcomments&post=96963"}],"version-history":[{"count":0,"href":"https:\/\/aconteceunovale.com.br\/portal\/index.php?rest_route=\/wp\/v2\/posts\/96963\/revisions"}],"wp:featuredmedia":[{"embeddable":true,"href":"https:\/\/aconteceunovale.com.br\/portal\/index.php?rest_route=\/wp\/v2\/media\/96965"}],"wp:attachment":[{"href":"https:\/\/aconteceunovale.com.br\/portal\/index.php?rest_route=%2Fwp%2Fv2%2Fmedia&parent=96963"}],"wp:term":[{"taxonomy":"category","embeddable":true,"href":"https:\/\/aconteceunovale.com.br\/portal\/index.php?rest_route=%2Fwp%2Fv2%2Fcategories&post=96963"},{"taxonomy":"post_tag","embeddable":true,"href":"https:\/\/aconteceunovale.com.br\/portal\/index.php?rest_route=%2Fwp%2Fv2%2Ftags&post=96963"}],"curies":[{"name":"wp","href":"https:\/\/api.w.org\/{rel}","templated":true}]}}