{"id":96958,"date":"2016-09-14T16:11:30","date_gmt":"2016-09-14T19:11:30","guid":{"rendered":"http:\/\/aconteceunovale.com.br\/portal\/?p=96958"},"modified":"2016-09-14T16:11:30","modified_gmt":"2016-09-14T19:11:30","slug":"ex-prefeito-que-escapou-de-viatura-da-pf-e-considerado-foragido","status":"publish","type":"post","link":"https:\/\/aconteceunovale.com.br\/portal\/?p=96958","title":{"rendered":"Ex-prefeito que escapou de viatura da PF \u00e9 considerado foragido"},"content":{"rendered":"<p>O ex-prefeito de Janu\u00e1ria (MG), Maur\u00edlio Arruda (PTC), preso na manh\u00e3 de segunda-feira (12\/09\/2016) conseguiu escapar no fim da tarde do mesmo dia. A fuga ocorreu quando ele era transferido, sem algemas, para Montes Claros (MG). J\u00e1 na cidade de destino, Arruda saiu da viatura e foi resgatado por uma pessoa de moto. Segundo a Pol\u00edcia Federal, o ex-prefeito \u00e9 considerado foragido.<\/p>\n<p>Prefeito de Janu\u00e1ria entre 2009 e 2012, Maur\u00edlio Arruda \u00e9 candidato \u00e0 reelei\u00e7\u00e3o este ano. Ele teve a pris\u00e3o tempor\u00e1ria decretada por cinco dias, ap\u00f3s investiga\u00e7\u00f5es da Opera\u00e7\u00e3o Sert\u00e3o Veredas, deflagrada em 2013, indicarem sua participa\u00e7\u00e3o em desvios de verba p\u00fablica, envolvendo contratos de obras que n\u00e3o foram executadas. Os processos licitat\u00f3rios eram direcionados para a empreiteira Af Construtora, que n\u00e3o realizava os servi\u00e7os ou os fazia parcialmente.<\/p>\n<p>As fraudes teriam ocorrido em seis licita\u00e7\u00f5es, cinco delas destinadas a obras de pavimenta\u00e7\u00e3o e drenagem de ruas de Janu\u00e1ria. A outra seria para constru\u00e7\u00e3o de um parque ecol\u00f3gico. Somados, os custos das obras eram superiores a R$ 4 milh\u00f5es. O esquema foi revelado pelo propriet\u00e1rio da empreiteira envolvida por meio de acordo de dela\u00e7\u00e3o premiada, fechado em 2014.<\/p>\n<p><img decoding=\"async\" src=\"http:\/\/aconteceunovale.com.br\/portal\/wp-content\/uploads\/2016\/09\/maurilio_fugitivo.jpg\" alt=\"\" \/><em>Maur\u00edlio Arruda \u00e9 considerado foragido (Foto: Reprodu\u00e7\u00e3o\/Facebook)<\/em><br \/>\n<\/br><\/p>\n<p><strong>Defesa<\/strong><\/p>\n<p>Segundo Ant\u00f4nio Veloso, advogado do ex-prefeito, o depoimento do delator inocenta seu cliente de recebimento de propinas. Ele afirma que Maur\u00edlio Arruda se apresentou espontaneamente na Pol\u00edcia Civil, ap\u00f3s a pris\u00e3o tempor\u00e1ria ter sido decretada. &#8220;O juiz havia decidido que, se n\u00e3o houvesse vaga no pres\u00eddio de Janu\u00e1ria, a pris\u00e3o seria domiciliar. A Pol\u00edcia Civil enviou um of\u00edcio \u00e0 Justi\u00e7a informando que n\u00e3o havia vaga. Ent\u00e3o, aparece a Pol\u00edcia Federal que resolve transferir o ex-prefeito para Montes Claros, passando por cima da ordem judicial e ferindo a integridade f\u00edsica e moral do preso. Ele foi, na verdade, sequestrado pela Pol\u00edcia Federal&#8221;.<\/p>\n<p>O advogado disse acreditar que a fuga foi facilitada. &#8220;Quando os policiais perceberam que estavam cometendo um abuso, permitiram que ele escapasse. S\u00f3 assim se explica que uma pessoa consiga sair de uma viatura com tr\u00eas agentes.&#8221;<\/p>\n<p>Ant\u00f4nio Veloso afirmou que o norte de Minas Gerais vive em clima de terrorismo, patrocinado pela Pol\u00edcia Federal. Ele cita as pris\u00f5es do prefeito Ruy Muniz, de Montes Claros, e do prefeito Warmillon Braga, de Pirapora (MG). &#8220;Todos os candidatos que lideram pesquisas nestas elei\u00e7\u00f5es s\u00e3o alvo de pedidos de pris\u00e3o&#8221;.<\/p>\n<p>Ant\u00f4nio Veloso disse que Maur\u00edlio Arruda est\u00e1 na regi\u00e3o e tem interesse em esclarecer os fatos. O advogado vai pedir hoje (14) um habeas corpus no Tribunal de Justi\u00e7a de Minas Gerais (TJMG) para revogar a pris\u00e3o tempor\u00e1ria. &#8220;Vamos buscar tamb\u00e9m garantir direito do ex-prefeito de ficar calado em eventual depoimento na Pol\u00edcia Federal. Ele s\u00f3 vai falar em ju\u00edzo&#8221;, acrescentou. Tamb\u00e9m ser\u00e1 apresentada uma not\u00edcia-crime contra um delegado da Pol\u00edcia Federal por abuso de autoridade e sequestro, segundo o advogado. Ele n\u00e3o mencionou o nome do delegado.<\/p>\n<p><strong>Pol\u00edcia Federal<\/strong><\/p>\n<p>A Pol\u00edcia Federal comunicou que uma sindic\u00e2ncia interna foi instaurada pela sua corregedoria para apurar as circunst\u00e2ncias da fuga. O epis\u00f3dio foi tamb\u00e9m relatado ao Minist\u00e9rio P\u00fablico e ao Poder Judici\u00e1rio. Os policiais ir\u00e3o empreender novos esfor\u00e7os para localizar e prender o ex-prefeito.<\/p>\n<p>As acusa\u00e7\u00f5es do advogado foram tamb\u00e9m rebatidas pela Pol\u00edcia Federal. A corpora\u00e7\u00e3o disse que o mandado judicial n\u00e3o continha &#8220;nenhuma restri\u00e7\u00e3o com rela\u00e7\u00e3o a pris\u00e3o em outra unidade, bastando apenas que seja em acomoda\u00e7\u00e3o condigna, separada dos demais presos, o que j\u00e1 havia sido providenciada&#8221;.<\/p>\n<p>Maur\u00edlio Arruda j\u00e1 havia sido preso em outras ocasi\u00f5es. Em setembro de 2013, ele foi detido na Opera\u00e7\u00e3o Esopo, que investigou fraudes no Programa Projovem Trabalhador. J\u00e1 em junho de 2014, foi novamente preso por cinco dias devido \u00e0s suspeitas de desvios de verbas do Fundo Nacional de Educa\u00e7\u00e3o B\u00e1sica (Fundeb).<\/p>\n<p>Fraudes em processos licitat\u00f3rios teriam gerado um rombo superior a R$570 mil, segundo as investiga\u00e7\u00f5es da Opera\u00e7\u00e3o Exterminadores do Futuro. Na ocasi\u00e3o, o secret\u00e1rio de educa\u00e7\u00e3o de Janu\u00e1ria, Alexandre de S\u00e1 Rego, tamb\u00e9m foi preso.<\/p>\n<p><em>(Fonte: Ag\u00eancia Brasil)<\/em><\/p>\n","protected":false},"excerpt":{"rendered":"<p>O ex-prefeito de Janu\u00e1ria (MG), Maur\u00edlio Arruda (PTC), preso na manh\u00e3 de segunda-feira (12\/09\/2016) conseguiu escapar no fim da tarde do mesmo dia. A fuga ocorreu quando ele era transferido, sem algemas, para Montes Claros (MG). J\u00e1 na cidade de destino, Arruda saiu da viatura e foi resgatado por uma pessoa de moto. Segundo a [&hellip;]<\/p>\n","protected":false},"author":1,"featured_media":96959,"comment_status":"open","ping_status":"closed","sticky":false,"template":"","format":"standard","meta":{"amp_status":"","footnotes":""},"categories":[1236],"tags":[115098,115099,114953,114888,49771,114952,8757,114892,115318,114889,115317,205,8758,114887,115102,115100,115101,104963,104964,114890,114881,114891,114882,772,114883,114886,114885,114884],"class_list":["post-96958","post","type-post","status-publish","format-standard","has-post-thumbnail","hentry","category-norte_de_minas","tag-advogado-de-defesa-de-maurilio-arruda","tag-antonio-adenilson-rodrigues-veloso","tag-candidato-a-prefeito-em-januaria","tag-corrupcao-em-januaria","tag-desvio-de-recursos-publicos-em-januaria","tag-ex-prefeito-alvo-de-operacao-da-pf-em-januaria-responde-a-dezenas-de-acoes-penais","tag-ex-prefeito-de-januaria","tag-ex-prefeito-e-ex-servidores-sao-alvos-de-operacao-da-pf-em-januaria","tag-ex-prefeito-que-escapou-de-viatura-da-pf-e-considerado-foragido","tag-fraudes-em-januaria","tag-fuga","tag-januaria","tag-maurilio-arruda","tag-maurilio-arruda-e-preso","tag-maurilio-arruda-esta-foragido-apos-escapar-de-viatura-da-pf-no-trajeto-entre-januaria-e-montes-claros","tag-maurilio-arruda-esta-foragido-apos-escapar-de-viatura-no-trajeto-entre-januaria-e-montes-claros","tag-maurilio-neris-de-andrade-arruda","tag-operacao-da-pf-em-januaria","tag-operacao-da-policia-federal-em-januaria","tag-operacao-em-januaria","tag-operacao-rua-da-amargura","tag-operacao-rua-da-amargura-combate-desvios-de-recursos-publicos-em-januaria","tag-operacao-rua-da-amargura-em-januaria","tag-policia-federal","tag-presos-na-operacao-rua-da-amargura","tag-prisao-ex-prefeito-de-januaria","tag-prisao-maurilio-arruda","tag-resultado-da-operacao-rua-da-amargura"],"_links":{"self":[{"href":"https:\/\/aconteceunovale.com.br\/portal\/index.php?rest_route=\/wp\/v2\/posts\/96958","targetHints":{"allow":["GET"]}}],"collection":[{"href":"https:\/\/aconteceunovale.com.br\/portal\/index.php?rest_route=\/wp\/v2\/posts"}],"about":[{"href":"https:\/\/aconteceunovale.com.br\/portal\/index.php?rest_route=\/wp\/v2\/types\/post"}],"author":[{"embeddable":true,"href":"https:\/\/aconteceunovale.com.br\/portal\/index.php?rest_route=\/wp\/v2\/users\/1"}],"replies":[{"embeddable":true,"href":"https:\/\/aconteceunovale.com.br\/portal\/index.php?rest_route=%2Fwp%2Fv2%2Fcomments&post=96958"}],"version-history":[{"count":0,"href":"https:\/\/aconteceunovale.com.br\/portal\/index.php?rest_route=\/wp\/v2\/posts\/96958\/revisions"}],"wp:featuredmedia":[{"embeddable":true,"href":"https:\/\/aconteceunovale.com.br\/portal\/index.php?rest_route=\/wp\/v2\/media\/96959"}],"wp:attachment":[{"href":"https:\/\/aconteceunovale.com.br\/portal\/index.php?rest_route=%2Fwp%2Fv2%2Fmedia&parent=96958"}],"wp:term":[{"taxonomy":"category","embeddable":true,"href":"https:\/\/aconteceunovale.com.br\/portal\/index.php?rest_route=%2Fwp%2Fv2%2Fcategories&post=96958"},{"taxonomy":"post_tag","embeddable":true,"href":"https:\/\/aconteceunovale.com.br\/portal\/index.php?rest_route=%2Fwp%2Fv2%2Ftags&post=96958"}],"curies":[{"name":"wp","href":"https:\/\/api.w.org\/{rel}","templated":true}]}}