{"id":96952,"date":"2016-09-14T13:33:49","date_gmt":"2016-09-14T16:33:49","guid":{"rendered":"http:\/\/aconteceunovale.com.br\/portal\/?p=96952"},"modified":"2016-09-14T13:33:49","modified_gmt":"2016-09-14T16:33:49","slug":"campanha-nacional-de-multivacinacao-tem-inicio-dia-19-de-setembro","status":"publish","type":"post","link":"https:\/\/aconteceunovale.com.br\/portal\/?p=96952","title":{"rendered":"Campanha Nacional de Multivacina\u00e7\u00e3o tem in\u00edcio dia 19 de setembro"},"content":{"rendered":"<p>O cuidado com a sa\u00fade das crian\u00e7as e adolescentes deve come\u00e7ar na preven\u00e7\u00e3o. Por isso, entre os dias 19 e 30 de setembro, todas as crian\u00e7as menores de 5 anos e jovens com idade entre 9 e 14 anos devem participar da Campanha Nacional de Multivacina\u00e7\u00e3o.<\/p>\n<p>O objetivo da campanha \u00e9 atualizar o cart\u00e3o de vacinas dos dois grupos, oferecendo prote\u00e7\u00e3o para 17 doen\u00e7as diferentes. A vacina\u00e7\u00e3o \u00e9 gratuita e \u00e9 disponibilizada pelo Sistema \u00danico de Sa\u00fade (SUS) em todas as Unidades B\u00e1sicas de Sa\u00fade do estado.<\/p>\n<p>De acordo com a Coordenadora Estadual de Imuniza\u00e7\u00e3o da Secretaria de Estado de Sa\u00fade de Minas Gerais (SES-MG), Elaize Maria Gomes de Paula, todas as crian\u00e7as e adolescentes que integram a faixa et\u00e1ria da campanha devem comparecer a uma Unidade B\u00e1sica de Sa\u00fade levando o cart\u00e3o de vacina\u00e7\u00e3o.<\/p>\n<p>\u201c\u00c9 fundamental que todos compare\u00e7am aos servi\u00e7os de sa\u00fade levando o cart\u00e3o de vacina\u00e7\u00e3o, para que os profissionais de sa\u00fade possam avaliar se h\u00e1 alguma vacina que ainda n\u00e3o foi administrada ou se h\u00e1 doses que necessitam ser aplicadas\u201d, explica.<\/p>\n<p><strong>Vacina\u00e7\u00e3o para crian\u00e7as menores de 5 anos<\/strong><\/p>\n<p>Crian\u00e7as menores de cinco anos devem ter o cart\u00e3o de vacina\u00e7\u00e3o atualizado durante a Campanha de Multivacina\u00e7\u00e3o. Para isso, basta que pais, familiares e respons\u00e1veis levem os pequenos \u00e0 Unidade B\u00e1sica de Sa\u00fade mais pr\u00f3xima. Ao todo, 13 vacinas diferentes poder\u00e3o ser atualizadas durante a campanha, incluindo a que oferece prote\u00e7\u00e3o contra a poliomielite.<\/p>\n<p>Sarampo, caxumba, rub\u00e9ola, febre amarela e varicela (catapora) s\u00e3o outras doen\u00e7as que podem ser prevenidas com a atualiza\u00e7\u00e3o do cart\u00e3o de vacinas. Confira quais s\u00e3o as vacinas indicadas para as crian\u00e7as menores de 5 anos. Veja abaixo quais s\u00e3o as vacinas indicadas para este p\u00fablico:<\/p>\n<p>&#8211; BCG (Oferece prote\u00e7\u00e3o contra Tuberculose)<br \/>\n&#8211; Hepatite B (Oferece prote\u00e7\u00e3o contra Hepatite B)<br \/>\n&#8211; Penta (Oferece prote\u00e7\u00e3o contra coqueluche, difteria, t\u00e9tano, hepatite B e Meningite por Haemophilus)<br \/>\n&#8211; VIP (Oferece prote\u00e7\u00e3o contra Poliomielite)<br \/>\n&#8211; VOPb (Vacina oral poliomielite bivalente (poliomielite)<br \/>\n&#8211; Rotav\u00edrus humano (Oferece prote\u00e7\u00e3o contra diarreia e desidrata\u00e7\u00e3o causada por rotav\u00edrus)<br \/>\n&#8211; Pneumoc\u00f3cica 10 valente (Oferece prote\u00e7\u00e3o contra pneumonia, otite, meningite e outras doen\u00e7as causas pelo Pneumococo)<br \/>\n&#8211; Meningoc\u00f3cica C conjugada (Oferece prote\u00e7\u00e3o contra meningite causada pelo meningococo C)<br \/>\n&#8211; Febre amarela (Oferece prote\u00e7\u00e3o contra febre amarela)<br \/>\n&#8211; Tr\u00edplice viral (Oferece prote\u00e7\u00e3o contra sarampo, caxumba e rub\u00e9ola)<br \/>\n&#8211; Tetra viral (Oferece prote\u00e7\u00e3o contra sarampo, caxumba, rub\u00e9ola e varicela (catapora))<br \/>\n&#8211; DTP (Oferece prote\u00e7\u00e3o contra coqueluche, difteria e t\u00e9tano)<br \/>\n&#8211; Hepatite A (Oferece prote\u00e7\u00e3o contra hepatite A).<\/p>\n<p><strong>Vacina\u00e7\u00e3o para crian\u00e7as e adolescentes entre 9 e 14 anos<\/strong><\/p>\n<p>Quem tem entre 9 e 14 anos tamb\u00e9m est\u00e1 contemplado na Campanha Nacional de Multivacina\u00e7\u00e3o.  Com rela\u00e7\u00e3o ao p\u00fablico compreendido dentro dessa faixa et\u00e1ria, as doen\u00e7as preven\u00edveis com a vacina s\u00e3o: hepatite B, febre amarela, sarampo, caxumba, rub\u00e9ola, difteria, t\u00e9tano, coqueluche e, no caso das meninas, HPV. Veja abaixo quais s\u00e3o as vacinas indicadas para este p\u00fablico:<\/p>\n<p>&#8211; Hepatite B (Oferece prote\u00e7\u00e3o contra Hepatite B)<br \/>\n&#8211; Febre amarela (Oferece prote\u00e7\u00e3o contra febre amarela)<br \/>\n&#8211; dT (Oferece prote\u00e7\u00e3o contra Difteria e t\u00e9tano)<br \/>\n&#8211; dTpa (Oferece prote\u00e7\u00e3o contra coqueluche, difteria e t\u00e9tano)<br \/>\n&#8211; HPV (Oferece prote\u00e7\u00e3o contra c\u00e2ncer de colo de \u00fatero pelo HPV, para meninas)<br \/>\n&#8211; Tr\u00edplice viral (Oferece prote\u00e7\u00e3o contra sarampo, caxumba e rub\u00e9ola)<\/p>\n<p><strong>Cart\u00e3o de vacina\u00e7\u00e3o<\/strong><\/p>\n<p>Para quem estiver sem o cart\u00e3o, por motivo de perda ou outro motivo, a orienta\u00e7\u00e3o \u00e9 procurar a unidade b\u00e1sica de sa\u00fade onde a crian\u00e7a ou adolescente costuma se vacinar, pois l\u00e1 ter\u00e1 o cart\u00e3o espelho, documento que fica arquivado com os registros de doses que foram aplicadas, bem como as doses que dever\u00e3o ser administradas. Caso contr\u00e1rio, dever\u00e1 ser iniciado todo um esquema, de acordo com a faixa et\u00e1ria correspondente.<\/p>\n<p>Vale refor\u00e7ar que o cart\u00e3o de vacina\u00e7\u00e3o \u00e9 um documento de grande import\u00e2ncia aos servi\u00e7os de sa\u00fade e, diante disso, precisa ser bem conservado e preservado.<\/p>\n<p>(Ag\u00eancia Minas)<\/p>\n","protected":false},"excerpt":{"rendered":"<p>O cuidado com a sa\u00fade das crian\u00e7as e adolescentes deve come\u00e7ar na preven\u00e7\u00e3o. Por isso, entre os dias 19 e 30 de setembro, todas as crian\u00e7as menores de 5 anos e jovens com idade entre 9 e 14 anos devem participar da Campanha Nacional de Multivacina\u00e7\u00e3o. O objetivo da campanha \u00e9 atualizar o cart\u00e3o de [&hellip;]<\/p>\n","protected":false},"author":1,"featured_media":59681,"comment_status":"open","ping_status":"closed","sticky":false,"template":"","format":"standard","meta":{"amp_status":"","footnotes":""},"categories":[6,40242],"tags":[21164,115297,115294,115293,115295,115296,1018,115298,115299,115300,115303,115301,115304,115302],"class_list":["post-96952","post","type-post","status-publish","format-standard","has-post-thumbnail","hentry","category-br","category-saude-2","tag-campanha-de-vacinacao","tag-campanha-de-vacinacao-de-criancas-e-adolescentes","tag-campanha-nacional-de-multivacinacao","tag-campanha-nacional-de-multivacinacao-tem-inicio-dia-19-de-setembro","tag-campanha-nacional-de-vacinacao","tag-cuidado-com-a-saude-das-criancas-e-adolescentes","tag-destaque","tag-vacinacao-de-criancas-de-adolescentes","tag-vacinacao-para-criancas-e-adolescentes-entre-9-e-14-anos","tag-vacinacao-para-criancas-menores-de-5-anos","tag-vacinas-obrigatorias-para-adolescentes","tag-vacinas-obrigatorias-para-criancas","tag-vacinas-para-adolescentes","tag-vacinas-para-criancas"],"_links":{"self":[{"href":"https:\/\/aconteceunovale.com.br\/portal\/index.php?rest_route=\/wp\/v2\/posts\/96952","targetHints":{"allow":["GET"]}}],"collection":[{"href":"https:\/\/aconteceunovale.com.br\/portal\/index.php?rest_route=\/wp\/v2\/posts"}],"about":[{"href":"https:\/\/aconteceunovale.com.br\/portal\/index.php?rest_route=\/wp\/v2\/types\/post"}],"author":[{"embeddable":true,"href":"https:\/\/aconteceunovale.com.br\/portal\/index.php?rest_route=\/wp\/v2\/users\/1"}],"replies":[{"embeddable":true,"href":"https:\/\/aconteceunovale.com.br\/portal\/index.php?rest_route=%2Fwp%2Fv2%2Fcomments&post=96952"}],"version-history":[{"count":0,"href":"https:\/\/aconteceunovale.com.br\/portal\/index.php?rest_route=\/wp\/v2\/posts\/96952\/revisions"}],"wp:featuredmedia":[{"embeddable":true,"href":"https:\/\/aconteceunovale.com.br\/portal\/index.php?rest_route=\/wp\/v2\/media\/59681"}],"wp:attachment":[{"href":"https:\/\/aconteceunovale.com.br\/portal\/index.php?rest_route=%2Fwp%2Fv2%2Fmedia&parent=96952"}],"wp:term":[{"taxonomy":"category","embeddable":true,"href":"https:\/\/aconteceunovale.com.br\/portal\/index.php?rest_route=%2Fwp%2Fv2%2Fcategories&post=96952"},{"taxonomy":"post_tag","embeddable":true,"href":"https:\/\/aconteceunovale.com.br\/portal\/index.php?rest_route=%2Fwp%2Fv2%2Ftags&post=96952"}],"curies":[{"name":"wp","href":"https:\/\/api.w.org\/{rel}","templated":true}]}}