{"id":96949,"date":"2016-09-14T13:21:41","date_gmt":"2016-09-14T16:21:41","guid":{"rendered":"http:\/\/aconteceunovale.com.br\/portal\/?p=96949"},"modified":"2016-09-14T13:22:07","modified_gmt":"2016-09-14T16:22:07","slug":"estado-apresenta-detalhes-sobre-a-nova-politica-para-as-universidades-mineiras","status":"publish","type":"post","link":"https:\/\/aconteceunovale.com.br\/portal\/?p=96949","title":{"rendered":"Estado apresenta detalhes sobre a nova pol\u00edtica para as universidades mineiras"},"content":{"rendered":"<p>Em coletiva realizada nesta ter\u00e7a-feira (13\/09\/2016) na Universidade Estadual de Montes Claros (Unimontes), o subsecret\u00e1rio de Ensino Superior de Minas Gerais, M\u00e1rcio Rosa Portes, apresentou a nova pol\u00edtica do Estado para as universidades mineiras. O destaque da apresenta\u00e7\u00e3o foram os avan\u00e7os conquistados nos \u00faltimos dois anos, sobretudo para as propostas de estabilidade funcional para o quadro docente na Unimontes \u2013 concurso j\u00e1 realizado com 637 vagas, com 390 empossados e a proje\u00e7\u00e3o de aproximadamente mais 130 nomea\u00e7\u00f5es nas pr\u00f3ximas semanas \u2013 e para a Universidade do Estado de Minas Gerais (UEMG), com a realiza\u00e7\u00e3o de concurso para mais de 1,2 mil vagas nos pr\u00f3ximos dois anos, sendo 519 em 2017 e 723 em 2018.<\/p>\n<p>\u201cSempre \u00e9 importante explanar e esclarecer assuntos importantes no \u00e2mbito da educa\u00e7\u00e3o superior. O Governo do Estado, e falo em nome da Sedectes, entende, reconhece e valoriza a Unimontes e a UEMG como expoentes, a come\u00e7ar pelo aspecto de serem as \u00fanicas institui\u00e7\u00f5es p\u00fablicas de ensino superior que, juntas, t\u00eam atua\u00e7\u00e3o direta em todos os 17 territ\u00f3rios administrativos de Minas Gerais\u201d, destacou M\u00e1rcio Portes.<\/p>\n<p>Segundo o subsecret\u00e1rio, diante de situa\u00e7\u00f5es hist\u00f3ricas e estruturais, as universidades mineiras acumularam car\u00eancias e fragilidades. O ponto de partida, mesmo diante de resist\u00eancias de ordem financeira, foi equacionar estes d\u00e9ficits, a come\u00e7ar pela execu\u00e7\u00e3o plena dos concursos p\u00fablicos e a estabilidade funcional para os professores das duas institui\u00e7\u00f5es. \u201cEm 2015, quando o atual governo tomou posse, as universidades mineiras apresentavam, como m\u00e9dia, apenas 24% de docentes efetivos. Com a realiza\u00e7\u00e3o dos concursos, a meta para 2018 \u00e9 chegar aos 80% em cada uma delas\u201d, completou o subsecret\u00e1rio.<\/p>\n<p>Al\u00e9m dos concursos, as melhorias passam pelos projetos de lei que o Estado encaminhar\u00e1 \u00e0 Assembleia Legislativa para o novo plano de carreira na educa\u00e7\u00e3o superior e para a incorpora\u00e7\u00e3o do \u201cp\u00f3 de giz\u201d e da GDPES, aumento de 40% a 50% na Dedica\u00e7\u00e3o Exclusiva (DE\u2019s) de mestres e doutores \u2013 ap\u00f3s a supera\u00e7\u00e3o das veda\u00e7\u00f5es do impedimento da Lei de Responsabilidade Fiscal (LRF). \u201cEm respeito aos movimentos sindicais, em momento algum o Governo de Minas suspendeu as negocia\u00e7\u00f5es. Foi transparente sobre a realidade do Estado ao propor corre\u00e7\u00f5es com a mesa permanente no ensino superior\u201d, disse M\u00e1rcio Portes.<\/p>\n<p>A qualifica\u00e7\u00e3o docente, conforme a Pol\u00edtica Estadual para o Ensino Superior, passa tamb\u00e9m pela maior articula\u00e7\u00e3o com o Governo Federal e o estabelecimento de um novo marco regulat\u00f3rio no acesso aos fomentos para as \u00e1reas de Ensino, Pesquisa e Extens\u00e3o (Finep, MEC, MCTI, Capes), com a concess\u00e3o permanente de bolsas nestas \u00e1reas.<\/p>\n<p>Outra a\u00e7\u00e3o em andamento est\u00e1 na reorganiza\u00e7\u00e3o da oferta de cursos, com a perspectiva de o Estado, por meio da Unimontes e da UEMG, disponibilizar licenciaturas e bacharelados no per\u00edodo noturno das 13 escolas em constru\u00e7\u00e3o pelo Programa Brasil Profissionalizado. A proposta passa tamb\u00e9m pela Educa\u00e7\u00e3o a Dist\u00e2ncia (EaD), com a oferta pioneira do curso superior de Tecnologia e Sistemas de Internet pela rede Uaitec, com abrang\u00eancia em mais de 100 munic\u00edpios mineiros (300 vagas iniciais), e a capacita\u00e7\u00e3o de 4,6 mil conselheiros tutelares de todos os munic\u00edpios mineiros e de 1,6 mil professores da Educa\u00e7\u00e3o de Jovens e Adultos.<\/p>\n<p>Ao mesmo tempo, o Governo de Minas Gerais trabalha no Programa Estadual de Assist\u00eancia Estudantil, cuja elabora\u00e7\u00e3o teve in\u00edcio a partir de demandas oriundas do grupo de trabalho estabelecido entre a Unimontes, Governo e os alunos da Universidade Estadual de Montes Claros. A primeira conquista concreta foi a concess\u00e3o de 500 novas bolsas de est\u00e1gio para alunos da Unimontes. O pr\u00f3ximo passo est\u00e1 na reformula\u00e7\u00e3o da chamada Lei Estadual de Acesso ao Ensino Superior, com a apresenta\u00e7\u00e3o de propostas para o referido projeto de reforma da legisla\u00e7\u00e3o \u2013 com a garantia de pol\u00edticas de manuten\u00e7\u00e3o do acad\u00eamico na gradua\u00e7\u00e3o \u2013 por crit\u00e9rios socioecon\u00f4micos.<\/p>\n<p><img decoding=\"async\" src=\"http:\/\/aconteceunovale.com.br\/portal\/wp-content\/uploads\/2016\/09\/coletiva_universidade.jpg\" alt=\"\" \/><em>O subsecret\u00e1rio de Ensino Superior, M\u00e1rcio Rosa Portes, e o reitor da Unimontes, Jo\u00e3o dos Reis Canela, durante a coletiva (Foto: Andrey Librelon\/Ascom Unimontes\/Ag\u00eancia Minas)<\/em><br \/>\n<\/br><\/p>\n<p>(Ag\u00eancia Minas)<\/p>\n","protected":false},"excerpt":{"rendered":"<p>Em coletiva realizada nesta ter\u00e7a-feira (13\/09\/2016) na Universidade Estadual de Montes Claros (Unimontes), o subsecret\u00e1rio de Ensino Superior de Minas Gerais, M\u00e1rcio Rosa Portes, apresentou a nova pol\u00edtica do Estado para as universidades mineiras. O destaque da apresenta\u00e7\u00e3o foram os avan\u00e7os conquistados nos \u00faltimos dois anos, sobretudo para as propostas de estabilidade funcional para o [&hellip;]<\/p>\n","protected":false},"author":1,"featured_media":96950,"comment_status":"open","ping_status":"closed","sticky":false,"template":"","format":"standard","meta":{"amp_status":"","footnotes":""},"categories":[40238,123,1236],"tags":[115291,115288,43024,115292,115289,115290,986,763,988,18174],"class_list":["post-96949","post","type-post","status-publish","format-standard","has-post-thumbnail","hentry","category-educacao-2","category-gerais","category-norte_de_minas","tag-ensino-superior-de-minas-gerais","tag-estado-apresenta-detalhes-sobre-a-nova-politica-para-as-universidades-mineiras","tag-marcio-rosa-portes","tag-nova-politica-do-estado-para-as-universidades-mineiras","tag-nova-politica-para-as-universidades-mineiras","tag-politica-para-as-universidades-mineiras","tag-uemg","tag-unimontes","tag-universidade-do-estado-de-minas-gerais","tag-universidade-estadual-de-montes-claros"],"_links":{"self":[{"href":"https:\/\/aconteceunovale.com.br\/portal\/index.php?rest_route=\/wp\/v2\/posts\/96949","targetHints":{"allow":["GET"]}}],"collection":[{"href":"https:\/\/aconteceunovale.com.br\/portal\/index.php?rest_route=\/wp\/v2\/posts"}],"about":[{"href":"https:\/\/aconteceunovale.com.br\/portal\/index.php?rest_route=\/wp\/v2\/types\/post"}],"author":[{"embeddable":true,"href":"https:\/\/aconteceunovale.com.br\/portal\/index.php?rest_route=\/wp\/v2\/users\/1"}],"replies":[{"embeddable":true,"href":"https:\/\/aconteceunovale.com.br\/portal\/index.php?rest_route=%2Fwp%2Fv2%2Fcomments&post=96949"}],"version-history":[{"count":0,"href":"https:\/\/aconteceunovale.com.br\/portal\/index.php?rest_route=\/wp\/v2\/posts\/96949\/revisions"}],"wp:featuredmedia":[{"embeddable":true,"href":"https:\/\/aconteceunovale.com.br\/portal\/index.php?rest_route=\/wp\/v2\/media\/96950"}],"wp:attachment":[{"href":"https:\/\/aconteceunovale.com.br\/portal\/index.php?rest_route=%2Fwp%2Fv2%2Fmedia&parent=96949"}],"wp:term":[{"taxonomy":"category","embeddable":true,"href":"https:\/\/aconteceunovale.com.br\/portal\/index.php?rest_route=%2Fwp%2Fv2%2Fcategories&post=96949"},{"taxonomy":"post_tag","embeddable":true,"href":"https:\/\/aconteceunovale.com.br\/portal\/index.php?rest_route=%2Fwp%2Fv2%2Ftags&post=96949"}],"curies":[{"name":"wp","href":"https:\/\/api.w.org\/{rel}","templated":true}]}}