{"id":96942,"date":"2016-09-14T13:00:40","date_gmt":"2016-09-14T16:00:40","guid":{"rendered":"http:\/\/aconteceunovale.com.br\/portal\/?p=96942"},"modified":"2016-09-14T13:00:40","modified_gmt":"2016-09-14T16:00:40","slug":"atletas-mineiros-embarcam-para-os-jogos-escolares-da-juventude-na-proxima-semana","status":"publish","type":"post","link":"https:\/\/aconteceunovale.com.br\/portal\/?p=96942","title":{"rendered":"Atletas mineiros embarcam para os Jogos Escolares da Juventude na pr\u00f3xima semana"},"content":{"rendered":"<p>Para muitos atletas, o sonho ol\u00edmpico come\u00e7ou ainda na escola e se tornou realidade. \u00c9 o caso dos mineiros N\u00fabia Soares, do atletismo, e Raul Neto, do basquete, que foram revelados nos Jogos Escolares de Minas Gerais (JEMG) e estiveram, no m\u00eas passado, na disputa dos Jogos Rio 2016.<\/p>\n<p>Com o objetivo de repetir o feito daqueles que hoje s\u00e3o profissionais do esporte, a partir do dia 20 de setembro, 165 alunos-atletas de 12 a 14 anos representam Minas Gerais nos Jogos Escolares da Juventude, evento promovido pelo Comit\u00ea Ol\u00edmpico do Brasil (COB) e que tem a participa\u00e7\u00e3o de estudantes dos 26 estados brasileiros e do Distrito Federal.<\/p>\n<p>Na delega\u00e7\u00e3o mineira que viaja para a competi\u00e7\u00e3o nacional, que acontece em Jo\u00e3o Pessoa, na Para\u00edba, at\u00e9 29 de setembro, estar\u00e3o representados 41 munic\u00edpios. Dois deles s\u00e3o estreantes: Santo Ant\u00f4nio do Amparo, do Territ\u00f3rio Oeste, com a equipe de voleibol feminino da Escola Estadual Dr. C\u00edcero Ferreira, e a cidade de Coronel Murta, no Territ\u00f3rio M\u00e9dio e Baixo Jequitinhonha, que enviar\u00e1 as alunas-atletas da Escola Estadual Arthur Ant\u00f4nio Fernandes para a disputa do futsal feminino.<\/p>\n<p>Mel Alves, de 13 anos, \u00e9 uma das integrantes da equipe. Apenas um ano ap\u00f3s come\u00e7ar a praticar a modalidade, a jovem vive a expectativa de disputar sua primeira competi\u00e7\u00e3o de n\u00edvel nacional. \u201cJ\u00e1 estamos nos preparando e sabemos das advers\u00e1rias fortes que teremos pela frente, mas a expectativa \u00e9 trazer a medalha para casa\u201d, garante a f\u00e3 da jogadora Marta, da Sele\u00e7\u00e3o Brasileira.<\/p>\n<p>Entre todas as modalidades do JEMG, a que mais cresceu em 2016 foi o badminton. De 34 inscritos no ano passado, o n\u00famero saltou para 166 alunos-atletas neste ano. Desses, Camila Silva foi a campe\u00e3 da etapa estadual e representar\u00e1 a Escola Estadual Padre Ant\u00f4nio Vieira, de Santos Dumont, nos Jogos Escolares da Juventude.<\/p>\n<p>Apesar do crescimento recente do esporte, Camila pratica o badminton j\u00e1 h\u00e1 dois anos. Ela foi incentivada pelo professor Walter Moraes. Mais do que atleta, a jovem mostra-se uma verdadeira f\u00e3 da modalidade ao declarar quem \u00e9 seu \u00eddolo. \u201c\u00c9 a atleta Liliyana Natsir, da Indon\u00e9sia\u201d, afirma.<\/p>\n<p>Faltando poucos dias para sua estreia em competi\u00e7\u00f5es nacionais, Camila n\u00e3o esconde a ansiedade. \u201cQuero treinar muito at\u00e9 l\u00e1, para chegar preparada para os desafios que vierem\u201d, garante.<\/p>\n<p>A estudante v\u00ea com bons olhos o crescimento do badminton no JEMG. \u201cVer que concorri com tanta gente neste ano e fui campe\u00e3 valoriza ainda mais minha conquista\u201d, ressalta a jovem, que sonha ser atleta ol\u00edmpica.<\/p>\n<p>Outra modalidade que cresceu significativamente no JEMG foi o atletismo. O n\u00famero de inscritos subiu de 1.614 alunos-atletas em 2015, para 2.724 na edi\u00e7\u00e3o de 2016. Um aumento de quase 70%.<\/p>\n<p>Para o secret\u00e1rio de Estado de Esportes, Carlos Henrique, o incentivo \u00e0 pr\u00e1tica esportiva pelos jovens deve ser uma das premissas das pol\u00edticas p\u00fablicas e a forma\u00e7\u00e3o de esportistas de alto rendimento \u00e9 uma consequ\u00eancia desse apoio.<\/p>\n<p>\u201cSe alguns desses adolescentes se tornarem atletas profissionais, chegarem a uma Olimp\u00edada, como foi o caso da N\u00fabia e do Raulzinho, ficaremos imensamente felizes e orgulhosos pelo JEMG ter feito parte dessa trajet\u00f3ria. Mas o simples fato de cada um dos quase 50 mil jovens inscritos nos Jogos Escolares em 2016 ter o esporte como parte do seu dia-a-dia j\u00e1 \u00e9 motivo para comemorar\u201d, afirma o secret\u00e1rio.<\/p>\n<p><strong>Novas etapas<\/strong><\/p>\n<p>Ap\u00f3s a realiza\u00e7\u00e3o dos Jogos Escolares da Juventude para alunos-atletas de 12 a 14 anos, Minas Gerais ter\u00e1 representantes tamb\u00e9m na outra etapa da competi\u00e7\u00e3o nacional. De 10 a 19 de novembro, novamente em Jo\u00e3o Pessoa, na Para\u00edba, \u00e9 a vez de estudantes de 15 a 17 anos participarem das disputas.<\/p>\n<p>J\u00e1 entre 21 e 26 de novembro, 65 alunos-atletas mineiros participam, em S\u00e3o Paulo, das Paralimp\u00edadas Escolares, competi\u00e7\u00e3o realizada pelo Comit\u00ea Paral\u00edmpico Brasileiro.<\/p>\n<p><img decoding=\"async\" src=\"http:\/\/aconteceunovale.com.br\/portal\/wp-content\/uploads\/2016\/09\/badminto_jemg.jpg\" alt=\"\" \/><em>Badminton \u00e9 uma das modalidades do JEMG (Thiago Cicarini\/FEEMG)<\/em><br \/>\n<\/br><\/p>\n<p><em>(Ag\u00eancia Minas)<\/em><\/p>\n","protected":false},"excerpt":{"rendered":"<p>Para muitos atletas, o sonho ol\u00edmpico come\u00e7ou ainda na escola e se tornou realidade. \u00c9 o caso dos mineiros N\u00fabia Soares, do atletismo, e Raul Neto, do basquete, que foram revelados nos Jogos Escolares de Minas Gerais (JEMG) e estiveram, no m\u00eas passado, na disputa dos Jogos Rio 2016. Com o objetivo de repetir o [&hellip;]<\/p>\n","protected":false},"author":1,"featured_media":96943,"comment_status":"open","ping_status":"closed","sticky":false,"template":"","format":"standard","meta":{"amp_status":"","footnotes":""},"categories":[59,123],"tags":[115280,115279,37852,115276,483,101698,115277,115278,858,21045,37541,857,92840,66459,103408,115274,115275,25887,1530],"class_list":["post-96942","post","type-post","status-publish","format-standard","has-post-thumbnail","hentry","category-sports","category-gerais","tag-atletas-mineiros-embarcam-para-os-jogos-escolares-da-juventude-em-joao-pessoa","tag-atletas-mineiros-embarcam-para-os-jogos-escolares-da-juventude-na-proxima-semana","tag-cob","tag-comite-olimpico-do-brasil","tag-coronel-murta","tag-escola-estadual-arthur-antonio-fernandes","tag-escola-estadual-dr-cicero-ferreira","tag-estadual-padre-antonio-vieira","tag-jemg","tag-joao-pessoa","tag-jogos-escolares-da-juventude","tag-jogos-escolares-de-minas-gerais","tag-jogos-rio-2016","tag-minas-gerais-nos-jogos-escolares-da-juventude","tag-nubia-soares","tag-raul-neto","tag-representam-minas-gerais-nos-jogos-escolares-da-juventude","tag-santo-antonio-do-amparo","tag-santos-dumont"],"_links":{"self":[{"href":"https:\/\/aconteceunovale.com.br\/portal\/index.php?rest_route=\/wp\/v2\/posts\/96942","targetHints":{"allow":["GET"]}}],"collection":[{"href":"https:\/\/aconteceunovale.com.br\/portal\/index.php?rest_route=\/wp\/v2\/posts"}],"about":[{"href":"https:\/\/aconteceunovale.com.br\/portal\/index.php?rest_route=\/wp\/v2\/types\/post"}],"author":[{"embeddable":true,"href":"https:\/\/aconteceunovale.com.br\/portal\/index.php?rest_route=\/wp\/v2\/users\/1"}],"replies":[{"embeddable":true,"href":"https:\/\/aconteceunovale.com.br\/portal\/index.php?rest_route=%2Fwp%2Fv2%2Fcomments&post=96942"}],"version-history":[{"count":0,"href":"https:\/\/aconteceunovale.com.br\/portal\/index.php?rest_route=\/wp\/v2\/posts\/96942\/revisions"}],"wp:featuredmedia":[{"embeddable":true,"href":"https:\/\/aconteceunovale.com.br\/portal\/index.php?rest_route=\/wp\/v2\/media\/96943"}],"wp:attachment":[{"href":"https:\/\/aconteceunovale.com.br\/portal\/index.php?rest_route=%2Fwp%2Fv2%2Fmedia&parent=96942"}],"wp:term":[{"taxonomy":"category","embeddable":true,"href":"https:\/\/aconteceunovale.com.br\/portal\/index.php?rest_route=%2Fwp%2Fv2%2Fcategories&post=96942"},{"taxonomy":"post_tag","embeddable":true,"href":"https:\/\/aconteceunovale.com.br\/portal\/index.php?rest_route=%2Fwp%2Fv2%2Ftags&post=96942"}],"curies":[{"name":"wp","href":"https:\/\/api.w.org\/{rel}","templated":true}]}}