{"id":96931,"date":"2016-09-14T10:50:03","date_gmt":"2016-09-14T13:50:03","guid":{"rendered":"http:\/\/aconteceunovale.com.br\/portal\/?p=96931"},"modified":"2016-09-14T10:50:03","modified_gmt":"2016-09-14T13:50:03","slug":"bombeiros-resgatam-crianca-que-ficou-entalada-em-panela-de-pressao","status":"publish","type":"post","link":"https:\/\/aconteceunovale.com.br\/portal\/?p=96931","title":{"rendered":"Bombeiros resgatam crian\u00e7a que ficou entalada em panela de press\u00e3o"},"content":{"rendered":"<p>Uma menina de 1 ano e 4 meses ficou entalada dentro de uma panela de press\u00e3o na manh\u00e3 desta ter\u00e7a-feira (13\/09\/2016), no bairro Jos\u00e9 Moreira, em Brasileia (Acre), cidade distante 232 km de Rio Branco. Homens do 5\u00b0 Batalh\u00e3o do Corpo de Bombeiros precisaram ir at\u00e9 a casa para fazer o resgate da crian\u00e7a.<\/p>\n<p>Durante uma brincadeira, a beb\u00ea entrou na panela e, como dobrou as pernas, ela acabou presa.<\/p>\n<p>A m\u00e3e dela, a dona de casa Maria Rosemeire da Silva, diz que estava arrumando a casa no momento do ocorrido. &#8220;Ela estava brincando. Eu tinha botado a panela no ch\u00e3o e, quando vi, ela j\u00e1 estava gritando. Eu me &#8216;aperreei&#8217; e um vizinho ligou para os bombeiros. Ela est\u00e1 bem.&#8221;<\/p>\n<p>Os bombeiros tiveram que usar uma ferramenta para cortar a panela e liberar a crian\u00e7a. &#8220;Ela ficou presa com a parte do joelho e lombar dentro da panela. Como tem aquelas bordas viradas, tivemos que usar um material para cortar ferro. Fomos cortando e abrindo a borda com cuidado para n\u00e3o machucar a crian\u00e7a&#8221;, contou o sargento \u00c2ngelo, que atendeu a ocorr\u00eancia.<\/p>\n<p>O trabalho de resgate durou, no total, em torno de 10 minutos. &#8220;Conseguimos retirar a crian\u00e7a sem nenhum ferimento, com muito cuidado, porque ela podia se mexer. Tivemos que acalm\u00e1-la e a tiramos com \u00eaxito&#8221;, acrescentou o militar.<\/p>\n<p><img decoding=\"async\" src=\"http:\/\/aconteceunovale.com.br\/portal\/wp-content\/uploads\/2016\/09\/bebe_na_panela_1.jpg\" alt=\"\" \/><em>Menina de um 1 e 4 meses ficou presa \u00e0 panela de press\u00e3o (Foto: Divulga\u00e7\u00e3o\/Bombeiros)<\/em><br \/>\n<\/br><\/p>\n<p><img decoding=\"async\" src=\"http:\/\/aconteceunovale.com.br\/portal\/wp-content\/uploads\/2016\/09\/bebe_na_panela_2.jpg\" alt=\"\" \/><em>Menina de um 1 e 4 meses ficou presa \u00e0 panela de press\u00e3o (Foto: Divulga\u00e7\u00e3o\/Bombeiros)<\/em><br \/>\n<\/br><\/p>\n<p><em>(Fonte: G1 AC\/Caio Fulg\u00eancio)<\/em><\/p>\n","protected":false},"excerpt":{"rendered":"<p>Uma menina de 1 ano e 4 meses ficou entalada dentro de uma panela de press\u00e3o na manh\u00e3 desta ter\u00e7a-feira (13\/09\/2016), no bairro Jos\u00e9 Moreira, em Brasileia (Acre), cidade distante 232 km de Rio Branco. Homens do 5\u00b0 Batalh\u00e3o do Corpo de Bombeiros precisaram ir at\u00e9 a casa para fazer o resgate da crian\u00e7a. Durante [&hellip;]<\/p>\n","protected":false},"author":1,"featured_media":96932,"comment_status":"open","ping_status":"closed","sticky":false,"template":"","format":"standard","meta":{"amp_status":"","footnotes":""},"categories":[6],"tags":[115253,91571,115255,115257,115254,115256,115258,115259,115260],"class_list":["post-96931","post","type-post","status-publish","format-standard","has-post-thumbnail","hentry","category-br","tag-bombeiros-resgatam-crianca-que-ficou-entalada-em-panela-de-pressao","tag-brasileia","tag-crianca-entalada-em-panela-de-pressao-em-brasileia","tag-crianca-entalada-em-panela-de-pressao-no-acre","tag-crianca-que-ficou-entalada-em-panela-de-pressao","tag-entalada-em-panela-de-pressao-em-brasileia","tag-entalada-em-panela-de-pressao-no-acre","tag-maria-rosemeire-da-silva","tag-sargento-angelo"],"_links":{"self":[{"href":"https:\/\/aconteceunovale.com.br\/portal\/index.php?rest_route=\/wp\/v2\/posts\/96931","targetHints":{"allow":["GET"]}}],"collection":[{"href":"https:\/\/aconteceunovale.com.br\/portal\/index.php?rest_route=\/wp\/v2\/posts"}],"about":[{"href":"https:\/\/aconteceunovale.com.br\/portal\/index.php?rest_route=\/wp\/v2\/types\/post"}],"author":[{"embeddable":true,"href":"https:\/\/aconteceunovale.com.br\/portal\/index.php?rest_route=\/wp\/v2\/users\/1"}],"replies":[{"embeddable":true,"href":"https:\/\/aconteceunovale.com.br\/portal\/index.php?rest_route=%2Fwp%2Fv2%2Fcomments&post=96931"}],"version-history":[{"count":0,"href":"https:\/\/aconteceunovale.com.br\/portal\/index.php?rest_route=\/wp\/v2\/posts\/96931\/revisions"}],"wp:featuredmedia":[{"embeddable":true,"href":"https:\/\/aconteceunovale.com.br\/portal\/index.php?rest_route=\/wp\/v2\/media\/96932"}],"wp:attachment":[{"href":"https:\/\/aconteceunovale.com.br\/portal\/index.php?rest_route=%2Fwp%2Fv2%2Fmedia&parent=96931"}],"wp:term":[{"taxonomy":"category","embeddable":true,"href":"https:\/\/aconteceunovale.com.br\/portal\/index.php?rest_route=%2Fwp%2Fv2%2Fcategories&post=96931"},{"taxonomy":"post_tag","embeddable":true,"href":"https:\/\/aconteceunovale.com.br\/portal\/index.php?rest_route=%2Fwp%2Fv2%2Ftags&post=96931"}],"curies":[{"name":"wp","href":"https:\/\/api.w.org\/{rel}","templated":true}]}}