{"id":96929,"date":"2016-09-14T10:40:25","date_gmt":"2016-09-14T13:40:25","guid":{"rendered":"http:\/\/aconteceunovale.com.br\/portal\/?p=96929"},"modified":"2016-09-14T10:40:25","modified_gmt":"2016-09-14T13:40:25","slug":"seis-sao-indiciados-por-matar-gravida-e-arrancar-bebe-da-barriga-em-minas","status":"publish","type":"post","link":"https:\/\/aconteceunovale.com.br\/portal\/?p=96929","title":{"rendered":"Seis s\u00e3o indiciados por matar gr\u00e1vida e arrancar beb\u00ea da barriga em Minas"},"content":{"rendered":"<p>A Pol\u00edcia Civil de Uberl\u00e2ndia, no Tri\u00e2ngulo Mineiro, concluiu na \u00faltima semana o inqu\u00e9rito da morte de Greiciara Belo Vieira, de 19 anos, localizada morta em uma represa de Ituiutaba no dia 21 de agosto. A jovem, que estava gr\u00e1vida, teve a filha arrancada da barriga. Seis pessoas foram indiciadas.<\/p>\n<p>De acordo com a assessoria de imprensa da corpora\u00e7\u00e3o, os presos, sendo uma mulher de 30 anos que teria \u201cencomendado\u201d a crian\u00e7a para evitar o t\u00e9rmino do relacionamento com um homem rico, quatro jovens de 19, 22, 24 e 27, e uma enfermeira de 60 responder\u00e3o por homic\u00eddio triplamente qualificado, sequestro, oculta\u00e7\u00e3o de cad\u00e1ver e subtra\u00e7\u00e3o de incapaz.<\/p>\n<p>Greiciara foi vista pela \u00faltima vez no dia 18 de agosto na casa da m\u00e3e. Ela saiu ap\u00f3s receber uma liga\u00e7\u00e3o de uma pessoa afirmando que tinha roupas de crian\u00e7a para doar. Como a filha n\u00e3o retornou, a m\u00e3e registrou um boletim de desaparecimento.<\/p>\n<p><img decoding=\"async\" src=\"http:\/\/aconteceunovale.com.br\/portal\/wp-content\/uploads\/2016\/08\/vitima_barbaro_ituiutaba.jpg\" alt=\"\" \/><em>Greiciara Belo Vieira tinha 19 anos (Foto: Divulga\u00e7\u00e3o)<\/em><br \/>\n<\/br><\/p>\n<p>Dois dias depois, a v\u00edtima foi encontrada dentro de uma represa com a barriga aberta. Investiga\u00e7\u00f5es apontaram que a jovem foi dopada com um \u00e9ter. Em seguida, a enfermeira fez uma cirurgia improvisada. Logo depois, Greiciara foi envolvida em uma tela, amarrada a uma pedra e jogada na represa.<\/p>\n<p>A mulher que pediu a crian\u00e7a pagaria R$ 2.000, roupas, celular e cortes de cabelo para os envolvidos no crime. A filha da v\u00edtima, Al\u00edcia Marianny, foi achada viva no dia 22 de agosto em uma casa de Uberl\u00e2ndia.<\/p>\n<p>A menina ficou alguns dias internada e passou por exames de DNA para confirmar o parentesco com a av\u00f3 materna. Diante do resultado positivo, Andr\u00e9a Melo, m\u00e3e de Greiciara, conseguiu a guarda definitiva da neta. <\/p>\n<p><img decoding=\"async\" src=\"http:\/\/aconteceunovale.com.br\/portal\/wp-content\/uploads\/2016\/08\/bandidos_ituiutaba.jpg\" alt=\"\" \/><em>Suspeitos presos pela Pol\u00edcia Civil (Foto: Divulga\u00e7\u00e3o\/PCMG)<\/em><br \/>\n<\/br><\/p>\n<p><em>(Fonte: O Tempo\/Carolina Caetano)<\/em><\/p>\n","protected":false},"excerpt":{"rendered":"<p>A Pol\u00edcia Civil de Uberl\u00e2ndia, no Tri\u00e2ngulo Mineiro, concluiu na \u00faltima semana o inqu\u00e9rito da morte de Greiciara Belo Vieira, de 19 anos, localizada morta em uma represa de Ituiutaba no dia 21 de agosto. A jovem, que estava gr\u00e1vida, teve a filha arrancada da barriga. Seis pessoas foram indiciadas. De acordo com a assessoria [&hellip;]<\/p>\n","protected":false},"author":1,"featured_media":95466,"comment_status":"open","ping_status":"closed","sticky":false,"template":"","format":"standard","meta":{"amp_status":"","footnotes":""},"categories":[123],"tags":[1490,112165,112167,112302,112166,112278,111996,111997,112277,111995,111998,112280,111994,112162,203,112273,112276,112274,112164,112275,115251,112279,115252,112163,221],"class_list":["post-96929","post","type-post","status-publish","format-standard","has-post-thumbnail","hentry","category-gerais","tag-araguari","tag-bebe-arrancado-da-barriga-da-mae-e-encontrado-vivo-e-dois-sao-presos-em-minas-gerais","tag-bebe-arrancado-da-barriga-da-mae-em-ituiutaba","tag-bebe-arrancado-da-barriga-da-mae-em-minas-custou-dois-mil-reais-e-um-corte-de-cabelo","tag-bebe-arrancado-da-barriga-da-mae-em-minas-gerais","tag-carlos-antonio-fernandes","tag-crime-barbaro-em-ituiutaba","tag-crime-brutal-em-ituiutaba","tag-delegado-regional-de-ituiutaba","tag-descoberta-de-um-crime-brutal-chocou-moradores-de-ituiutaba","tag-gravida-desaparecida-e-encontrada-morta-e-sem-o-bebe-em-minas","tag-gravida-teve-barriga-cortada-ainda-viva","tag-greiciara-belo-vieira","tag-greiciele-belo","tag-ituiutaba","tag-jacira-santos-de-oliveira","tag-jonathan-martins-ribeiro-de-lima","tag-lucas-mateus-da-silva","tag-lucas-mateus-silva","tag-mirele","tag-policia-civil-de-uberlandia","tag-roberta-silva-borges-ferreira","tag-seis-sao-indiciados-por-matar-gravida-e-arrancar-bebe-da-barriga-em-minas","tag-shirley-de-oliveira-benfica","tag-uberlandia"],"_links":{"self":[{"href":"https:\/\/aconteceunovale.com.br\/portal\/index.php?rest_route=\/wp\/v2\/posts\/96929","targetHints":{"allow":["GET"]}}],"collection":[{"href":"https:\/\/aconteceunovale.com.br\/portal\/index.php?rest_route=\/wp\/v2\/posts"}],"about":[{"href":"https:\/\/aconteceunovale.com.br\/portal\/index.php?rest_route=\/wp\/v2\/types\/post"}],"author":[{"embeddable":true,"href":"https:\/\/aconteceunovale.com.br\/portal\/index.php?rest_route=\/wp\/v2\/users\/1"}],"replies":[{"embeddable":true,"href":"https:\/\/aconteceunovale.com.br\/portal\/index.php?rest_route=%2Fwp%2Fv2%2Fcomments&post=96929"}],"version-history":[{"count":0,"href":"https:\/\/aconteceunovale.com.br\/portal\/index.php?rest_route=\/wp\/v2\/posts\/96929\/revisions"}],"wp:featuredmedia":[{"embeddable":true,"href":"https:\/\/aconteceunovale.com.br\/portal\/index.php?rest_route=\/wp\/v2\/media\/95466"}],"wp:attachment":[{"href":"https:\/\/aconteceunovale.com.br\/portal\/index.php?rest_route=%2Fwp%2Fv2%2Fmedia&parent=96929"}],"wp:term":[{"taxonomy":"category","embeddable":true,"href":"https:\/\/aconteceunovale.com.br\/portal\/index.php?rest_route=%2Fwp%2Fv2%2Fcategories&post=96929"},{"taxonomy":"post_tag","embeddable":true,"href":"https:\/\/aconteceunovale.com.br\/portal\/index.php?rest_route=%2Fwp%2Fv2%2Ftags&post=96929"}],"curies":[{"name":"wp","href":"https:\/\/api.w.org\/{rel}","templated":true}]}}