{"id":96924,"date":"2016-09-14T10:12:25","date_gmt":"2016-09-14T13:12:25","guid":{"rendered":"http:\/\/aconteceunovale.com.br\/portal\/?p=96924"},"modified":"2016-09-14T10:12:25","modified_gmt":"2016-09-14T13:12:25","slug":"presidente-desmente-boatos-sobre-fgts-e-diz-que-beneficio-continuara-financiando-obras","status":"publish","type":"post","link":"https:\/\/aconteceunovale.com.br\/portal\/?p=96924","title":{"rendered":"Presidente desmente boatos sobre FGTS e diz que benef\u00edcio continuar\u00e1 financiando obras"},"content":{"rendered":"<p>O presidente Michel Temer aproveitou as comemora\u00e7\u00f5es de 50 anos do Fundo de Garantia do Tempo de Servi\u00e7o (FGTS) para desmentir boatos de que trabalhadores demitidos sem justa causa poderiam perder o direito ao saque desse benef\u00edcio. Por meio de um v\u00eddeo divulgado hoje (14\/09\/2016) pelo Pal\u00e1cio do Planalto, Temer garantiu que os recursos obtidos a partir desse fundo continuar\u00e3o sendo usados para a amplia\u00e7\u00e3o das obras de saneamento e de moradia.<\/p>\n<p>Na grava\u00e7\u00e3o, Temer lembrou que nos 50 anos de exist\u00eancia do FGTS, muitos dos valores obtidos a partir do fundo foram usados para ampliar o n\u00famero de moradias no pa\u00eds, tend\u00eancia que ser\u00e1 mantida. Segundo ele, mais de 4 mil munic\u00edpios, o que representa 73% dos munic\u00edpios brasileiros, j\u00e1 tiveram obras financiadas pelos recursos do FGTS. \u201cVamos continuar a utilizar esse recursos para ampliar saneamento, moradia e outras atividades do Poder P\u00fablico\u201d, disse o presidente. \u201cSer\u00e3o aplicados mais de R$ 218 bilh\u00f5es em habita\u00e7\u00e3o, saneamento b\u00e1sico e infraestrutura urbana\u201d, acrescentou.<\/p>\n<p>\u201cDe vez em quando se divulgou que quem tivesse perdido o emprego por despedida injusta n\u00e3o poderia sacar os valores do FGTS. N\u00e3o \u00e9 verdade. N\u00e3o h\u00e1 nenhum pensamento a respeito dessa mat\u00e9ria no governo. O FGTS continuar\u00e1 a exercer o seu papel, como vem exercendo ao longo do tempo\u201d.<\/p>\n<p>Ainda nesta manh\u00e3, Temer anunciar\u00e1, juntamente com o ministro Ricardo Barros, a\u00e7\u00f5es de gest\u00e3o na sa\u00fade p\u00fablica. Entre as medidas a serem divulgadas est\u00e3o investimentos em Unidades de Pronto Atendimento e a\u00e7\u00f5es com entidades filantr\u00f3picas. Em seguida, \u00e0s 11h, o presidente dar\u00e1 posse \u00e0 nova advogada-geral da Uni\u00e3o, Grace Mendon\u00e7a. (Ag\u00eancia Brasil)<\/p>\n","protected":false},"excerpt":{"rendered":"<p>O presidente Michel Temer aproveitou as comemora\u00e7\u00f5es de 50 anos do Fundo de Garantia do Tempo de Servi\u00e7o (FGTS) para desmentir boatos de que trabalhadores demitidos sem justa causa poderiam perder o direito ao saque desse benef\u00edcio. Por meio de um v\u00eddeo divulgado hoje (14\/09\/2016) pelo Pal\u00e1cio do Planalto, Temer garantiu que os recursos obtidos [&hellip;]<\/p>\n","protected":false},"author":1,"featured_media":89926,"comment_status":"open","ping_status":"closed","sticky":false,"template":"","format":"standard","meta":{"amp_status":"","footnotes":""},"categories":[6,40236],"tags":[115236,115235,20271,115233,115230,44086,115234,44085,98405,115232,25477,115231,84466,115237],"class_list":["post-96924","post","type-post","status-publish","format-standard","has-post-thumbnail","hentry","category-br","category-empregos-2","tag-50-anos-do-fgts","tag-50-anos-do-fundo-de-garantia-do-tempo-de-servico","tag-boatos","tag-boatos-sobre-fgts","tag-desmentido","tag-fgts","tag-fgts-continuara-financiando-obras","tag-fundo-de-garantia-do-tempo-de-servico","tag-habitacao","tag-presidente-desmente-boatos-sobre-fgts-e-diz-que-beneficio-continuara-financiando-obras","tag-recursos","tag-saneamento","tag-temer","tag-trabalhadores-demitidos-sem-justa-causa-poderiam-perder-o-direito-ao-saque-do-fgts"],"_links":{"self":[{"href":"https:\/\/aconteceunovale.com.br\/portal\/index.php?rest_route=\/wp\/v2\/posts\/96924","targetHints":{"allow":["GET"]}}],"collection":[{"href":"https:\/\/aconteceunovale.com.br\/portal\/index.php?rest_route=\/wp\/v2\/posts"}],"about":[{"href":"https:\/\/aconteceunovale.com.br\/portal\/index.php?rest_route=\/wp\/v2\/types\/post"}],"author":[{"embeddable":true,"href":"https:\/\/aconteceunovale.com.br\/portal\/index.php?rest_route=\/wp\/v2\/users\/1"}],"replies":[{"embeddable":true,"href":"https:\/\/aconteceunovale.com.br\/portal\/index.php?rest_route=%2Fwp%2Fv2%2Fcomments&post=96924"}],"version-history":[{"count":0,"href":"https:\/\/aconteceunovale.com.br\/portal\/index.php?rest_route=\/wp\/v2\/posts\/96924\/revisions"}],"wp:featuredmedia":[{"embeddable":true,"href":"https:\/\/aconteceunovale.com.br\/portal\/index.php?rest_route=\/wp\/v2\/media\/89926"}],"wp:attachment":[{"href":"https:\/\/aconteceunovale.com.br\/portal\/index.php?rest_route=%2Fwp%2Fv2%2Fmedia&parent=96924"}],"wp:term":[{"taxonomy":"category","embeddable":true,"href":"https:\/\/aconteceunovale.com.br\/portal\/index.php?rest_route=%2Fwp%2Fv2%2Fcategories&post=96924"},{"taxonomy":"post_tag","embeddable":true,"href":"https:\/\/aconteceunovale.com.br\/portal\/index.php?rest_route=%2Fwp%2Fv2%2Ftags&post=96924"}],"curies":[{"name":"wp","href":"https:\/\/api.w.org\/{rel}","templated":true}]}}