{"id":96922,"date":"2016-09-14T09:14:59","date_gmt":"2016-09-14T12:14:59","guid":{"rendered":"http:\/\/aconteceunovale.com.br\/portal\/?p=96922"},"modified":"2016-09-14T09:14:59","modified_gmt":"2016-09-14T12:14:59","slug":"previsao-do-tempo-para-minas-gerais-nesta-quarta-feira-14-de-setembro","status":"publish","type":"post","link":"https:\/\/aconteceunovale.com.br\/portal\/?p=96922","title":{"rendered":"Previs\u00e3o do tempo para Minas Gerais, nesta quarta-feira, 14 de setembro"},"content":{"rendered":"<h4><strong><em>Ar seco e quente mant\u00e9m o tempo est\u00e1vel, com baixos \u00edndices de umidade relativa do ar em todo o estado. Temperatura chega a 32 graus na capital.<\/em><\/strong><\/h4>\n<p>Nesta quarta-feira (14\/9) o ar seco e quente ainda mant\u00e9m o tempo est\u00e1vel sobre todas as regi\u00f5es mineiras. Tri\u00e2ngulo, Sul, Zona da Mata, Vale do Rio Doce, Vale do Mucuri e Vale do Jequitinhonha apresentam nebulosidade vari\u00e1vel no decorrer do dia.<\/p>\n<p>No per\u00edodo da tarde os \u00edndices de umidade relativa do ar permanecem abaixo de 30% na maioria das regi\u00f5es do estado.<\/p>\n<p>Na Regi\u00e3o Metropolitana de Belo Horizonte o tempo permanece ensolarado pela manh\u00e3 e poucas nuvens \u00e0 tarde, com os \u00edndices de umidade relativa do ar abaixo de 25%. Temperaturas devem oscilar entre 17\u00b0C e 32\u00b0C, com umidade relativa do ar em torno dos 20% \u00e0 tarde na cidade de Belo Horizonte.<\/p>\n","protected":false},"excerpt":{"rendered":"<p>Ar seco e quente mant\u00e9m o tempo est\u00e1vel, com baixos \u00edndices de umidade relativa do ar em todo o estado. Temperatura chega a 32 graus na capital. Nesta quarta-feira (14\/9) o ar seco e quente ainda mant\u00e9m o tempo est\u00e1vel sobre todas as regi\u00f5es mineiras. Tri\u00e2ngulo, Sul, Zona da Mata, Vale do Rio Doce, Vale [&hellip;]<\/p>\n","protected":false},"author":1,"featured_media":82499,"comment_status":"open","ping_status":"closed","sticky":false,"template":"","format":"standard","meta":{"amp_status":"","footnotes":""},"categories":[123],"tags":[59435,194,131,47774,1956,27340,115229,87201,115228,1839,115226,29094,115225,115227],"class_list":["post-96922","post","type-post","status-publish","format-standard","has-post-thumbnail","hentry","category-gerais","tag-14-de-setembro","tag-belo-horizonte","tag-minas-gerais","tag-nesta-quarta-feira","tag-previsao-do-tempo","tag-previsao-do-tempo-para-belo-horizonte","tag-previsao-do-tempo-para-belo-horizonte-14-de-setembro","tag-previsao-do-tempo-para-belo-horizonte-nesta-quarta-feira","tag-previsao-do-tempo-para-belo-horizonte-nesta-quarta-feira-14-de-setembro","tag-previsao-do-tempo-para-minas-gerais","tag-previsao-do-tempo-para-minas-gerais-14-de-setembro","tag-previsao-do-tempo-para-minas-gerais-nesta-quarta-feira","tag-previsao-do-tempo-para-minas-gerais-nesta-quarta-feira-14-de-setembro","tag-quarta-feira-14-de-setembro"],"_links":{"self":[{"href":"https:\/\/aconteceunovale.com.br\/portal\/index.php?rest_route=\/wp\/v2\/posts\/96922","targetHints":{"allow":["GET"]}}],"collection":[{"href":"https:\/\/aconteceunovale.com.br\/portal\/index.php?rest_route=\/wp\/v2\/posts"}],"about":[{"href":"https:\/\/aconteceunovale.com.br\/portal\/index.php?rest_route=\/wp\/v2\/types\/post"}],"author":[{"embeddable":true,"href":"https:\/\/aconteceunovale.com.br\/portal\/index.php?rest_route=\/wp\/v2\/users\/1"}],"replies":[{"embeddable":true,"href":"https:\/\/aconteceunovale.com.br\/portal\/index.php?rest_route=%2Fwp%2Fv2%2Fcomments&post=96922"}],"version-history":[{"count":0,"href":"https:\/\/aconteceunovale.com.br\/portal\/index.php?rest_route=\/wp\/v2\/posts\/96922\/revisions"}],"wp:featuredmedia":[{"embeddable":true,"href":"https:\/\/aconteceunovale.com.br\/portal\/index.php?rest_route=\/wp\/v2\/media\/82499"}],"wp:attachment":[{"href":"https:\/\/aconteceunovale.com.br\/portal\/index.php?rest_route=%2Fwp%2Fv2%2Fmedia&parent=96922"}],"wp:term":[{"taxonomy":"category","embeddable":true,"href":"https:\/\/aconteceunovale.com.br\/portal\/index.php?rest_route=%2Fwp%2Fv2%2Fcategories&post=96922"},{"taxonomy":"post_tag","embeddable":true,"href":"https:\/\/aconteceunovale.com.br\/portal\/index.php?rest_route=%2Fwp%2Fv2%2Ftags&post=96922"}],"curies":[{"name":"wp","href":"https:\/\/api.w.org\/{rel}","templated":true}]}}