{"id":96913,"date":"2016-09-13T22:26:00","date_gmt":"2016-09-14T01:26:00","guid":{"rendered":"http:\/\/aconteceunovale.com.br\/portal\/?p=96913"},"modified":"2016-09-13T22:26:00","modified_gmt":"2016-09-14T01:26:00","slug":"carreta-carregada-com-botijao-de-gas-tomba-na-mgc-120-e-tres-sao-presos-por-saquear-carga","status":"publish","type":"post","link":"https:\/\/aconteceunovale.com.br\/portal\/?p=96913","title":{"rendered":"Carreta carregada com botij\u00e3o de g\u00e1s tomba na MGC-120 e tr\u00eas s\u00e3o presos por saquear carga"},"content":{"rendered":"<p>Uma carreta carregada com quase mil botij\u00f5es de g\u00e1s tombou na manh\u00e3 desta ter\u00e7a-feira, 13 de setembro de 2016, no km 463 da MGC-120, na localidade de Capoeirana, zona rural de Nova Era (MG). O acidente deixou a rodovia parcialmente interditada. O motorista da carreta Arthur Francisco Assun\u00e7\u00e3o, de 55 anos, teve ferimentos e foi socorrido por uma equipe do Servi\u00e7o de Atendimento M\u00f3vel de Urg\u00eancia (SAMU).<\/p>\n<p>De acordo com a Pol\u00edcia Rodovi\u00e1ria Estadual, Arthur Assun\u00e7\u00e3o disse que seguia com a carreta MAN\/TGX 28.440, cor branca, placa PWE-3278 de Muria\u00e9 (MG), pela rodovia em dire\u00e7\u00e3o \u00e0 Itabira, quando em uma curva, a carga puxou e fez com que a carreta tombasse para o lado esquerdo.<\/p>\n<p>O SAMU e o Corpo de Bombeiros receberam o chamado para socorrer a v\u00edtima, que se encontrava presa nas ferragens da cabine. Quando os militares chegaram, o motorista j\u00e1 havia sido retirado por populares e estava recebendo atendimento da equipe do SAMU. Arthur Assun\u00e7\u00e3o foi socorrido para o Pronto-Socorro em Itabira com algumas escoria\u00e7\u00f5es pelo corpo e com prov\u00e1vel fratura no bra\u00e7o esquerdo.<\/p>\n<p>Devido ao acidente, a rodovia ficou parcialmente interditada. O tr\u00e2nsito estava fluindo lentamente, mas segundo a Pol\u00edcia Rodovi\u00e1ria de Jo\u00e3o Monlevade, que registrou a ocorr\u00eancia, houve congestionamento somente no momento em que foi feita a retirada do ve\u00edculo acidentado.<\/p>\n<p>Os bombeiros, com intuito de evitar novos acidentes, permaneceram na cena do acidente at\u00e9 que a carreta fosse removida para que pudessem fazer a conten\u00e7\u00e3o do \u00f3leo que derramou e deixou a pista escorregadia.<\/p>\n<p><img decoding=\"async\" src=\"http:\/\/aconteceunovale.com.br\/portal\/wp-content\/uploads\/2016\/09\/nova_era_carreta_acidente_1.jpg\" alt=\"\" \/><em>Tr\u00eas foram presos por saquear carga (Foto: Thales Ben\u00edcio\/ItabiraNet.com)<\/em><br \/>\n<\/br><\/p>\n<p><strong>Tr\u00eas presos<\/strong><\/p>\n<p>Tr\u00eas pessoas foram presas acusadas de terem tentado saquear parte dos botij\u00f5es de g\u00e1s. De acordo com a Pol\u00edcia Militar (PM), a guarni\u00e7\u00e3o que foi empenhada para o registro da ocorr\u00eancia, assim que chegou ao local, deparou com v\u00e1rios indiv\u00edduos saqueando a carga da carreta. Ao avistarem a viatura da pol\u00edcia, os criminosos sa\u00edram correndo, mas no meio de toda confus\u00e3o dois homens e uma mulher acabaram presos.<\/p>\n<p>No local os militares apreenderam dois ve\u00edculos, um VW Voyage GL, cor azul, placa GSO-1314, no qual havia v\u00e1rios botij\u00f5es de g\u00e1s no seu interior e um VW Gol CL 1.8 MI, cor vermelha, placa JNN-3229 de Uruc\u00e2nia. Os carros rebocados para o p\u00e1tio credenciado em Jo\u00e3o Monlevade pertencem aos homens detidos. Eles foram encaminhados at\u00e9 uma delegacia de Pol\u00edcia Civil para serem apresentados ao delegado de plant\u00e3o.<\/p>\n<p><strong>Agress\u00e3o contra os militares<\/strong><\/p>\n<p>Durante os trabalhos de conten\u00e7\u00e3o do vazamento de combust\u00edvel, v\u00e1rias pessoas aglomeraram no local e receberam ordem para que se afastassem, devido o risco de inc\u00eandio ou at\u00e9 mesmo uma explos\u00e3o. No entanto, alguns indiv\u00edduos passaram a insultar e amea\u00e7ar os militares, al\u00e9m de invadirem a carroceria do caminh\u00e3o para subtrair os botij\u00f5es.<\/p>\n<p>Segundo os policiais, um dos criminosos chegou a agredir uma militar, mas com a chegada da pol\u00edcia, o homem, que n\u00e3o foi identificado, saiu correndo no meio da multid\u00e3o e n\u00e3o teve coragem de permanecer para que fosse responsabilizado pelo seu ato. <\/p>\n<p>A ocorr\u00eancia dos bombeiros ser\u00e1 encaminhada para a delegacia de Pol\u00edcia Civil juntamente com filmagem que aparece o autor, para que o seja identificado, preso e punido conforme a lei.<\/p>\n<p><img decoding=\"async\" src=\"http:\/\/aconteceunovale.com.br\/portal\/wp-content\/uploads\/2016\/09\/nova_era_carreta_acidente_2.jpg\" alt=\"\" \/><em>Tr\u00eas foram presos por saquear carga (Foto: Thales Ben\u00edcio\/ItabiraNet.com)<\/em><br \/>\n<\/br><\/p>\n<p><img decoding=\"async\" src=\"http:\/\/aconteceunovale.com.br\/portal\/wp-content\/uploads\/2016\/09\/nova_era_carreta_acidente_3.jpg\" alt=\"\" \/><em>Tr\u00eas foram presos por saquear carga (Foto: Thales Ben\u00edcio\/ItabiraNet.com)<\/em><br \/>\n<\/br><\/p>\n<p><img decoding=\"async\" src=\"http:\/\/aconteceunovale.com.br\/portal\/wp-content\/uploads\/2016\/09\/nova_era_carreta_acidente_4.jpg\" alt=\"\" \/><em>Tr\u00eas foram presos por saquear carga (Foto: Thales Ben\u00edcio\/ItabiraNet.com)<\/em><br \/>\n<\/br><\/p>\n<p><em>(Fonte: Defato Online \/ ItabiraNet.com)<\/em><\/p>\n","protected":false},"excerpt":{"rendered":"<p>Uma carreta carregada com quase mil botij\u00f5es de g\u00e1s tombou na manh\u00e3 desta ter\u00e7a-feira, 13 de setembro de 2016, no km 463 da MGC-120, na localidade de Capoeirana, zona rural de Nova Era (MG). O acidente deixou a rodovia parcialmente interditada. O motorista da carreta Arthur Francisco Assun\u00e7\u00e3o, de 55 anos, teve ferimentos e foi [&hellip;]<\/p>\n","protected":false},"author":1,"featured_media":96915,"comment_status":"open","ping_status":"closed","sticky":false,"template":"","format":"standard","meta":{"amp_status":"","footnotes":""},"categories":[123],"tags":[115217,20919,115216,115215,115211,115210,202,22095,1502,1103,115214,115213,115212],"class_list":["post-96913","post","type-post","status-publish","format-standard","has-post-thumbnail","hentry","category-gerais","tag-acidente-carreta-de-gas-em-nova-era","tag-acidente-em-nova-era","tag-arthur-francisco-assuncao","tag-carreta-carregada-com-botijao-de-gas-tomba-na-mgc-120-e-tres-sao-presos-por-saquear-carga","tag-carreta-carregada-com-botijoes-de-gas-tomba-na-mgc-120","tag-carreta-carregada-com-botijoes-de-gas-tomba-na-mgc-120-e-tres-sao-presos-por-saquear-carga","tag-itabira","tag-mgc-120","tag-muriae","tag-nova-era","tag-presos-por-roubo-de-botijoes-de-gas","tag-presos-por-saquear-botijoes-de-gas-na-mgc-120","tag-presos-por-saquear-carga-de-botijoes-de-gas-na-mgc-120"],"_links":{"self":[{"href":"https:\/\/aconteceunovale.com.br\/portal\/index.php?rest_route=\/wp\/v2\/posts\/96913","targetHints":{"allow":["GET"]}}],"collection":[{"href":"https:\/\/aconteceunovale.com.br\/portal\/index.php?rest_route=\/wp\/v2\/posts"}],"about":[{"href":"https:\/\/aconteceunovale.com.br\/portal\/index.php?rest_route=\/wp\/v2\/types\/post"}],"author":[{"embeddable":true,"href":"https:\/\/aconteceunovale.com.br\/portal\/index.php?rest_route=\/wp\/v2\/users\/1"}],"replies":[{"embeddable":true,"href":"https:\/\/aconteceunovale.com.br\/portal\/index.php?rest_route=%2Fwp%2Fv2%2Fcomments&post=96913"}],"version-history":[{"count":0,"href":"https:\/\/aconteceunovale.com.br\/portal\/index.php?rest_route=\/wp\/v2\/posts\/96913\/revisions"}],"wp:featuredmedia":[{"embeddable":true,"href":"https:\/\/aconteceunovale.com.br\/portal\/index.php?rest_route=\/wp\/v2\/media\/96915"}],"wp:attachment":[{"href":"https:\/\/aconteceunovale.com.br\/portal\/index.php?rest_route=%2Fwp%2Fv2%2Fmedia&parent=96913"}],"wp:term":[{"taxonomy":"category","embeddable":true,"href":"https:\/\/aconteceunovale.com.br\/portal\/index.php?rest_route=%2Fwp%2Fv2%2Fcategories&post=96913"},{"taxonomy":"post_tag","embeddable":true,"href":"https:\/\/aconteceunovale.com.br\/portal\/index.php?rest_route=%2Fwp%2Fv2%2Ftags&post=96913"}],"curies":[{"name":"wp","href":"https:\/\/api.w.org\/{rel}","templated":true}]}}