{"id":96887,"date":"2016-09-13T18:27:51","date_gmt":"2016-09-13T21:27:51","guid":{"rendered":"http:\/\/aconteceunovale.com.br\/portal\/?p=96887"},"modified":"2016-09-13T18:27:51","modified_gmt":"2016-09-13T21:27:51","slug":"dois-homens-morrem-em-acidentes-na-br-116-em-teofilo-otoni","status":"publish","type":"post","link":"https:\/\/aconteceunovale.com.br\/portal\/?p=96887","title":{"rendered":"Dois homens morrem em acidentes na BR-116, em Te\u00f3filo Otoni"},"content":{"rendered":"<p>Duas pessoas morreram em dois acidentes registrados nesta ter\u00e7a-feira, 13 de agosto de 2016, na BR-116, munic\u00edpio de Te\u00f3filo Otoni, no Vale do Mucuri. Durante a madrugada, Ant\u00f4nio Lino Neto, de 66 anos, ap\u00f3s uma colis\u00e3o frontal envolvendo um carro e uma carreta nas proximidades do distrito de Mucuri. A v\u00edtima conduzia o ve\u00edculo menor.<\/p>\n<p>Segundo o Corpo de Bombeiros, no carro estavam o idoso e a esposa dele, de 69 anos. Com o impacto da batida, Ant\u00f4nio Lino n\u00e3o resistiu aos graves ferimentos e veio a \u00f3bito no local. A mulher ficou ferida e foi levada pelo Servi\u00e7o de Atendimento M\u00f3vel de Urg\u00eancia (SAMU) ao hospital da cidade. O motorista do caminh\u00e3o n\u00e3o se feriu. <\/p>\n<p>A Per\u00edcia T\u00e9cnica da Pol\u00edcia Civil foi acionada e ap\u00f3s os trabalhos de praxe, o corpo do idoso foi removido ao Instituto M\u00e9dico Legal (IML) em Te\u00f3filo Otoni. As causas do acidente ser\u00e3o apuradas.<\/p>\n<p><img decoding=\"async\" src=\"http:\/\/aconteceunovale.com.br\/portal\/wp-content\/uploads\/2016\/09\/acidente_teo_13setembro_1.jpg\" alt=\"\" \/><em>Ant\u00f4nio Lino Neto tinha 66 anos (Foto: Divulga\u00e7\u00e3o)<\/em><br \/>\n<\/br><\/p>\n<p><strong>Colis\u00e3o entre moto e carreta<\/strong><\/p>\n<p>Outro grave acidente aconteceu na altura do quil\u00f4metro 269, pr\u00f3ximo ao Posto Nicoletti. Segundo informa\u00e7\u00f5es da Pol\u00edcia Rodovi\u00e1ria Federal (PRF), uma motocicleta Yamaha Fazer YS250, placa HNB-0906 de Belo Horizonte, colidiu violentamente contra o primeiro eixo de uma carreta.<\/p>\n<p>Com o impacto do acidente, de acordo com a equipe do SAMU, Junilson de Jesus, de 27 anos, sofreu lacera\u00e7\u00e3o da pelve com les\u00e3o de grandes vasos. A v\u00edtima foi entubada, mas n\u00e3o resistiu aos graves ferimentos e faleceu antes de ser colocado na ambul\u00e2ncia.<\/p>\n<p>O corpo foi removido ao IML de Te\u00f3filo Otoni. As causas do acidente ser\u00e3o apuradas pela Pol\u00edcia. <\/p>\n<p><img decoding=\"async\" src=\"http:\/\/aconteceunovale.com.br\/portal\/wp-content\/uploads\/2016\/09\/acidente_teo_13setembro_2.jpg\" alt=\"\" \/><em>Acidente aconteceu no km 269 da BR-116 (Foto: Reprodu\u00e7\u00e3o\/WhatsApp)<\/em><br \/>\n<\/br><\/p>\n<p><img decoding=\"async\" src=\"http:\/\/aconteceunovale.com.br\/portal\/wp-content\/uploads\/2016\/09\/acidente_teo_13setembro_3.jpg\" alt=\"\" \/><em>Acidente aconteceu no km 269 da BR-116 (Foto: Reprodu\u00e7\u00e3o\/WhatsApp)<\/em><br \/>\n<\/br><\/p>\n<p><img decoding=\"async\" src=\"http:\/\/aconteceunovale.com.br\/portal\/wp-content\/uploads\/2016\/09\/acidente_teo_13setembro_4.jpg\" alt=\"\" \/><em>Junilson de Jesus tinha 27 anos (Foto: Divulga\u00e7\u00e3o)<\/em><br \/>\n<\/br><\/p>\n<p><em>(Com informa\u00e7\u00f5es da PRF, SAMU e G1 dos Vales)<\/em><\/p>\n","protected":false},"excerpt":{"rendered":"<p>Duas pessoas morreram em dois acidentes registrados nesta ter\u00e7a-feira, 13 de agosto de 2016, na BR-116, munic\u00edpio de Te\u00f3filo Otoni, no Vale do Mucuri. Durante a madrugada, Ant\u00f4nio Lino Neto, de 66 anos, ap\u00f3s uma colis\u00e3o frontal envolvendo um carro e uma carreta nas proximidades do distrito de Mucuri. A v\u00edtima conduzia o ve\u00edculo menor. [&hellip;]<\/p>\n","protected":false},"author":1,"featured_media":96890,"comment_status":"open","ping_status":"closed","sticky":false,"template":"","format":"standard","meta":{"amp_status":"","footnotes":""},"categories":[122],"tags":[84590,86676,31846,62768,23211,115165,115169,23497,115166,112563,115163,194,1018,115167,115168,115164,58435,19432,115170,164],"class_list":["post-96887","post","type-post","status-publish","format-standard","has-post-thumbnail","hentry","category-mucuri","tag-acidente-entre-carro-e-caminhao-em-teofilo-otoni","tag-acidente-entre-moto-e-carreta-em-teofilo-otoni","tag-acidente-na-br-116-em-teofilo-otoni","tag-acidente-no-municipio-de-teofilo-otoni","tag-acidente-perto-de-teofilo-otoni","tag-acidente-perto-do-posto-nicoletti-teofilo-otoni","tag-acidente-proximo-ao-posto-nicoletti","tag-acidente-teofilo-otoni","tag-acidentes-br-116-em-teofilo-otoni","tag-acidentes-teofilo-otoni","tag-antonio-lino-neto","tag-belo-horizonte","tag-destaque","tag-dois-homens-morrem-em-acidentes-na-br-116","tag-dois-homens-morrem-em-acidentes-na-br-116-em-teofilo-otoni","tag-dois-homens-morrem-em-acidentes-no-municipio-de-teofilo-otoni","tag-em-teofilo-otoni","tag-iml-de-teofilo-otoni","tag-junilson-de-jesus","tag-teofilo-otoni"],"yoast_head":"<!-- This site is optimized with the Yoast SEO plugin v28.3 - https:\/\/yoast.com\/product\/yoast-seo-wordpress\/ -->\n<title>Dois homens morrem em acidentes na BR-116, em Te\u00f3filo Otoni - Aconteceu no Vale<\/title>\n<meta name=\"robots\" content=\"index, follow, max-snippet:-1, max-image-preview:large, max-video-preview:-1\" \/>\n<link rel=\"canonical\" href=\"https:\/\/aconteceunovale.com.br\/portal\/?p=96887\" \/>\n<meta property=\"og:locale\" content=\"pt_BR\" \/>\n<meta property=\"og:type\" content=\"article\" \/>\n<meta property=\"og:title\" content=\"Dois homens morrem em acidentes na BR-116, em Te\u00f3filo Otoni - Aconteceu no Vale\" \/>\n<meta property=\"og:description\" content=\"Duas pessoas morreram em dois acidentes registrados nesta ter\u00e7a-feira, 13 de agosto de 2016, na BR-116, munic\u00edpio de Te\u00f3filo Otoni, no Vale do Mucuri. Durante a madrugada, Ant\u00f4nio Lino Neto, de 66 anos, ap\u00f3s uma colis\u00e3o frontal envolvendo um carro e uma carreta nas proximidades do distrito de Mucuri. A v\u00edtima conduzia o ve\u00edculo menor. [&hellip;]\" \/>\n<meta property=\"og:url\" content=\"https:\/\/aconteceunovale.com.br\/portal\/?p=96887\" \/>\n<meta property=\"og:site_name\" content=\"Aconteceu no Vale\" \/>\n<meta property=\"article:publisher\" content=\"https:\/\/www.facebook.com\/aconteceunovale\/\" \/>\n<meta property=\"article:published_time\" content=\"2016-09-13T21:27:51+00:00\" \/>\n<meta property=\"og:image\" content=\"https:\/\/aconteceunovale.com.br\/portal\/wp-content\/uploads\/2016\/09\/acidente_teo_13setembro_3.jpg\" \/>\n\t<meta property=\"og:image:width\" content=\"678\" \/>\n\t<meta property=\"og:image:height\" content=\"405\" \/>\n\t<meta property=\"og:image:type\" content=\"image\/jpeg\" \/>\n<meta name=\"author\" content=\"Aconteceu no Vale\" \/>\n<meta name=\"twitter:card\" content=\"summary_large_image\" \/>\n<meta name=\"twitter:creator\" content=\"@noticiadosvales\" \/>\n<meta name=\"twitter:site\" content=\"@noticiadosvales\" \/>\n<meta name=\"twitter:label1\" content=\"Escrito por\" \/>\n\t<meta name=\"twitter:data1\" content=\"Aconteceu no Vale\" \/>\n\t<meta name=\"twitter:label2\" content=\"Est. tempo de leitura\" \/>\n\t<meta name=\"twitter:data2\" content=\"2 minutos\" \/>\n<script type=\"application\/ld+json\" class=\"yoast-schema-graph\">{\"@context\":\"https:\\\/\\\/schema.org\",\"@graph\":[{\"@type\":\"Article\",\"@id\":\"https:\\\/\\\/aconteceunovale.com.br\\\/portal\\\/?p=96887#article\",\"isPartOf\":{\"@id\":\"https:\\\/\\\/aconteceunovale.com.br\\\/portal\\\/?p=96887\"},\"author\":{\"name\":\"Aconteceu no Vale\",\"@id\":\"https:\\\/\\\/aconteceunovale.com.br\\\/portal\\\/#\\\/schema\\\/person\\\/633529146f2c94272bef50ac2953d589\"},\"headline\":\"Dois homens morrem em acidentes na BR-116, em Te\u00f3filo Otoni\",\"datePublished\":\"2016-09-13T21:27:51+00:00\",\"mainEntityOfPage\":{\"@id\":\"https:\\\/\\\/aconteceunovale.com.br\\\/portal\\\/?p=96887\"},\"wordCount\":344,\"commentCount\":0,\"image\":{\"@id\":\"https:\\\/\\\/aconteceunovale.com.br\\\/portal\\\/?p=96887#primaryimage\"},\"thumbnailUrl\":\"https:\\\/\\\/aconteceunovale.com.br\\\/portal\\\/wp-content\\\/uploads\\\/2016\\\/09\\\/acidente_teo_13setembro_3.jpg\",\"keywords\":[\"acidente entre carro e caminh\u00e3o em Te\u00f3filo Otoni\",\"acidente entre moto e carreta em Te\u00f3filo Otoni\",\"acidente na br 116 em te\u00f3filo otoni\",\"acidente no munic\u00edpio de Te\u00f3filo Otoni\",\"acidente perto de te\u00f3filo otoni\",\"Acidente perto do posto nicoletti Te\u00f3filo Otoni\",\"Acidente pr\u00f3ximo ao Posto Nicoletti\",\"acidente te\u00f3filo otoni\",\"Acidentes br 116 em Te\u00f3filo Otoni\",\"Acidentes Te\u00f3filo Otoni\",\"Ant\u00f4nio Lino Neto\",\"Belo Horizonte\",\"destaque\",\"Dois homens morrem em acidentes na BR-116\",\"Dois homens morrem em acidentes na BR-116 em Te\u00f3filo Otoni\",\"Dois homens morrem em acidentes no munic\u00edpio de Te\u00f3filo Otoni\",\"em Te\u00f3filo Otoni\",\"IML de Te\u00f3filo Otoni\",\"Junilson de Jesus\",\"Te\u00f3filo Otoni\"],\"articleSection\":[\"Vale do Mucuri\"],\"inLanguage\":\"pt-BR\",\"potentialAction\":[{\"@type\":\"CommentAction\",\"name\":\"Comment\",\"target\":[\"https:\\\/\\\/aconteceunovale.com.br\\\/portal\\\/?p=96887#respond\"]}]},{\"@type\":\"WebPage\",\"@id\":\"https:\\\/\\\/aconteceunovale.com.br\\\/portal\\\/?p=96887\",\"url\":\"https:\\\/\\\/aconteceunovale.com.br\\\/portal\\\/?p=96887\",\"name\":\"Dois homens morrem em acidentes na BR-116, em Te\u00f3filo Otoni - Aconteceu no Vale\",\"isPartOf\":{\"@id\":\"https:\\\/\\\/aconteceunovale.com.br\\\/portal\\\/#website\"},\"primaryImageOfPage\":{\"@id\":\"https:\\\/\\\/aconteceunovale.com.br\\\/portal\\\/?p=96887#primaryimage\"},\"image\":{\"@id\":\"https:\\\/\\\/aconteceunovale.com.br\\\/portal\\\/?p=96887#primaryimage\"},\"thumbnailUrl\":\"https:\\\/\\\/aconteceunovale.com.br\\\/portal\\\/wp-content\\\/uploads\\\/2016\\\/09\\\/acidente_teo_13setembro_3.jpg\",\"datePublished\":\"2016-09-13T21:27:51+00:00\",\"author\":{\"@id\":\"https:\\\/\\\/aconteceunovale.com.br\\\/portal\\\/#\\\/schema\\\/person\\\/633529146f2c94272bef50ac2953d589\"},\"breadcrumb\":{\"@id\":\"https:\\\/\\\/aconteceunovale.com.br\\\/portal\\\/?p=96887#breadcrumb\"},\"inLanguage\":\"pt-BR\",\"potentialAction\":[{\"@type\":\"ReadAction\",\"target\":[\"https:\\\/\\\/aconteceunovale.com.br\\\/portal\\\/?p=96887\"]}]},{\"@type\":\"ImageObject\",\"inLanguage\":\"pt-BR\",\"@id\":\"https:\\\/\\\/aconteceunovale.com.br\\\/portal\\\/?p=96887#primaryimage\",\"url\":\"https:\\\/\\\/aconteceunovale.com.br\\\/portal\\\/wp-content\\\/uploads\\\/2016\\\/09\\\/acidente_teo_13setembro_3.jpg\",\"contentUrl\":\"https:\\\/\\\/aconteceunovale.com.br\\\/portal\\\/wp-content\\\/uploads\\\/2016\\\/09\\\/acidente_teo_13setembro_3.jpg\",\"width\":678,\"height\":405},{\"@type\":\"BreadcrumbList\",\"@id\":\"https:\\\/\\\/aconteceunovale.com.br\\\/portal\\\/?p=96887#breadcrumb\",\"itemListElement\":[{\"@type\":\"ListItem\",\"position\":1,\"name\":\"In\u00edcio\",\"item\":\"https:\\\/\\\/aconteceunovale.com.br\\\/portal\\\/\"},{\"@type\":\"ListItem\",\"position\":2,\"name\":\"Dois homens morrem em acidentes na BR-116, em Te\u00f3filo Otoni\"}]},{\"@type\":\"WebSite\",\"@id\":\"https:\\\/\\\/aconteceunovale.com.br\\\/portal\\\/#website\",\"url\":\"https:\\\/\\\/aconteceunovale.com.br\\\/portal\\\/\",\"name\":\"Aconteceu no Vale\",\"description\":\"Portal de Not\u00edcias\",\"potentialAction\":[{\"@type\":\"SearchAction\",\"target\":{\"@type\":\"EntryPoint\",\"urlTemplate\":\"https:\\\/\\\/aconteceunovale.com.br\\\/portal\\\/?s={search_term_string}\"},\"query-input\":{\"@type\":\"PropertyValueSpecification\",\"valueRequired\":true,\"valueName\":\"search_term_string\"}}],\"inLanguage\":\"pt-BR\"},{\"@type\":\"Person\",\"@id\":\"https:\\\/\\\/aconteceunovale.com.br\\\/portal\\\/#\\\/schema\\\/person\\\/633529146f2c94272bef50ac2953d589\",\"name\":\"Aconteceu no Vale\",\"description\":\"Equipe de reportagem do Aconteceu no Vale, portal de not\u00edcias do Vale do Jequitinhonha, em Minas Gerais. Cobrimos as 51 cidades do Vale desde 2013. Sugest\u00f5es de pauta e pedidos de corre\u00e7\u00e3o: contato@aconteceunovale.com.br\",\"sameAs\":[\"http:\\\/\\\/www.aconteceunovale.com.br\"],\"url\":\"https:\\\/\\\/aconteceunovale.com.br\\\/portal\\\/?author=1\"}]}<\/script>\n<!-- \/ Yoast SEO plugin. -->","yoast_head_json":{"title":"Dois homens morrem em acidentes na BR-116, em Te\u00f3filo Otoni - Aconteceu no Vale","robots":{"index":"index","follow":"follow","max-snippet":"max-snippet:-1","max-image-preview":"max-image-preview:large","max-video-preview":"max-video-preview:-1"},"canonical":"https:\/\/aconteceunovale.com.br\/portal\/?p=96887","og_locale":"pt_BR","og_type":"article","og_title":"Dois homens morrem em acidentes na BR-116, em Te\u00f3filo Otoni - Aconteceu no Vale","og_description":"Duas pessoas morreram em dois acidentes registrados nesta ter\u00e7a-feira, 13 de agosto de 2016, na BR-116, munic\u00edpio de Te\u00f3filo Otoni, no Vale do Mucuri. Durante a madrugada, Ant\u00f4nio Lino Neto, de 66 anos, ap\u00f3s uma colis\u00e3o frontal envolvendo um carro e uma carreta nas proximidades do distrito de Mucuri. A v\u00edtima conduzia o ve\u00edculo menor. [&hellip;]","og_url":"https:\/\/aconteceunovale.com.br\/portal\/?p=96887","og_site_name":"Aconteceu no Vale","article_publisher":"https:\/\/www.facebook.com\/aconteceunovale\/","article_published_time":"2016-09-13T21:27:51+00:00","og_image":[{"width":678,"height":405,"url":"https:\/\/aconteceunovale.com.br\/portal\/wp-content\/uploads\/2016\/09\/acidente_teo_13setembro_3.jpg","type":"image\/jpeg"}],"author":"Aconteceu no Vale","twitter_card":"summary_large_image","twitter_creator":"@noticiadosvales","twitter_site":"@noticiadosvales","twitter_misc":{"Escrito por":"Aconteceu no Vale","Est. tempo de leitura":"2 minutos"},"schema":{"@context":"https:\/\/schema.org","@graph":[{"@type":"Article","@id":"https:\/\/aconteceunovale.com.br\/portal\/?p=96887#article","isPartOf":{"@id":"https:\/\/aconteceunovale.com.br\/portal\/?p=96887"},"author":{"name":"Aconteceu no Vale","@id":"https:\/\/aconteceunovale.com.br\/portal\/#\/schema\/person\/633529146f2c94272bef50ac2953d589"},"headline":"Dois homens morrem em acidentes na BR-116, em Te\u00f3filo Otoni","datePublished":"2016-09-13T21:27:51+00:00","mainEntityOfPage":{"@id":"https:\/\/aconteceunovale.com.br\/portal\/?p=96887"},"wordCount":344,"commentCount":0,"image":{"@id":"https:\/\/aconteceunovale.com.br\/portal\/?p=96887#primaryimage"},"thumbnailUrl":"https:\/\/aconteceunovale.com.br\/portal\/wp-content\/uploads\/2016\/09\/acidente_teo_13setembro_3.jpg","keywords":["acidente entre carro e caminh\u00e3o em Te\u00f3filo Otoni","acidente entre moto e carreta em Te\u00f3filo Otoni","acidente na br 116 em te\u00f3filo otoni","acidente no munic\u00edpio de Te\u00f3filo Otoni","acidente perto de te\u00f3filo otoni","Acidente perto do posto nicoletti Te\u00f3filo Otoni","Acidente pr\u00f3ximo ao Posto Nicoletti","acidente te\u00f3filo otoni","Acidentes br 116 em Te\u00f3filo Otoni","Acidentes Te\u00f3filo Otoni","Ant\u00f4nio Lino Neto","Belo Horizonte","destaque","Dois homens morrem em acidentes na BR-116","Dois homens morrem em acidentes na BR-116 em Te\u00f3filo Otoni","Dois homens morrem em acidentes no munic\u00edpio de Te\u00f3filo Otoni","em Te\u00f3filo Otoni","IML de Te\u00f3filo Otoni","Junilson de Jesus","Te\u00f3filo Otoni"],"articleSection":["Vale do Mucuri"],"inLanguage":"pt-BR","potentialAction":[{"@type":"CommentAction","name":"Comment","target":["https:\/\/aconteceunovale.com.br\/portal\/?p=96887#respond"]}]},{"@type":"WebPage","@id":"https:\/\/aconteceunovale.com.br\/portal\/?p=96887","url":"https:\/\/aconteceunovale.com.br\/portal\/?p=96887","name":"Dois homens morrem em acidentes na BR-116, em Te\u00f3filo Otoni - Aconteceu no Vale","isPartOf":{"@id":"https:\/\/aconteceunovale.com.br\/portal\/#website"},"primaryImageOfPage":{"@id":"https:\/\/aconteceunovale.com.br\/portal\/?p=96887#primaryimage"},"image":{"@id":"https:\/\/aconteceunovale.com.br\/portal\/?p=96887#primaryimage"},"thumbnailUrl":"https:\/\/aconteceunovale.com.br\/portal\/wp-content\/uploads\/2016\/09\/acidente_teo_13setembro_3.jpg","datePublished":"2016-09-13T21:27:51+00:00","author":{"@id":"https:\/\/aconteceunovale.com.br\/portal\/#\/schema\/person\/633529146f2c94272bef50ac2953d589"},"breadcrumb":{"@id":"https:\/\/aconteceunovale.com.br\/portal\/?p=96887#breadcrumb"},"inLanguage":"pt-BR","potentialAction":[{"@type":"ReadAction","target":["https:\/\/aconteceunovale.com.br\/portal\/?p=96887"]}]},{"@type":"ImageObject","inLanguage":"pt-BR","@id":"https:\/\/aconteceunovale.com.br\/portal\/?p=96887#primaryimage","url":"https:\/\/aconteceunovale.com.br\/portal\/wp-content\/uploads\/2016\/09\/acidente_teo_13setembro_3.jpg","contentUrl":"https:\/\/aconteceunovale.com.br\/portal\/wp-content\/uploads\/2016\/09\/acidente_teo_13setembro_3.jpg","width":678,"height":405},{"@type":"BreadcrumbList","@id":"https:\/\/aconteceunovale.com.br\/portal\/?p=96887#breadcrumb","itemListElement":[{"@type":"ListItem","position":1,"name":"In\u00edcio","item":"https:\/\/aconteceunovale.com.br\/portal\/"},{"@type":"ListItem","position":2,"name":"Dois homens morrem em acidentes na BR-116, em Te\u00f3filo Otoni"}]},{"@type":"WebSite","@id":"https:\/\/aconteceunovale.com.br\/portal\/#website","url":"https:\/\/aconteceunovale.com.br\/portal\/","name":"Aconteceu no Vale","description":"Portal de Not\u00edcias","potentialAction":[{"@type":"SearchAction","target":{"@type":"EntryPoint","urlTemplate":"https:\/\/aconteceunovale.com.br\/portal\/?s={search_term_string}"},"query-input":{"@type":"PropertyValueSpecification","valueRequired":true,"valueName":"search_term_string"}}],"inLanguage":"pt-BR"},{"@type":"Person","@id":"https:\/\/aconteceunovale.com.br\/portal\/#\/schema\/person\/633529146f2c94272bef50ac2953d589","name":"Aconteceu no Vale","description":"Equipe de reportagem do Aconteceu no Vale, portal de not\u00edcias do Vale do Jequitinhonha, em Minas Gerais. Cobrimos as 51 cidades do Vale desde 2013. Sugest\u00f5es de pauta e pedidos de corre\u00e7\u00e3o: contato@aconteceunovale.com.br","sameAs":["http:\/\/www.aconteceunovale.com.br"],"url":"https:\/\/aconteceunovale.com.br\/portal\/?author=1"}]}},"_links":{"self":[{"href":"https:\/\/aconteceunovale.com.br\/portal\/index.php?rest_route=\/wp\/v2\/posts\/96887","targetHints":{"allow":["GET"]}}],"collection":[{"href":"https:\/\/aconteceunovale.com.br\/portal\/index.php?rest_route=\/wp\/v2\/posts"}],"about":[{"href":"https:\/\/aconteceunovale.com.br\/portal\/index.php?rest_route=\/wp\/v2\/types\/post"}],"author":[{"embeddable":true,"href":"https:\/\/aconteceunovale.com.br\/portal\/index.php?rest_route=\/wp\/v2\/users\/1"}],"replies":[{"embeddable":true,"href":"https:\/\/aconteceunovale.com.br\/portal\/index.php?rest_route=%2Fwp%2Fv2%2Fcomments&post=96887"}],"version-history":[{"count":0,"href":"https:\/\/aconteceunovale.com.br\/portal\/index.php?rest_route=\/wp\/v2\/posts\/96887\/revisions"}],"wp:featuredmedia":[{"embeddable":true,"href":"https:\/\/aconteceunovale.com.br\/portal\/index.php?rest_route=\/wp\/v2\/media\/96890"}],"wp:attachment":[{"href":"https:\/\/aconteceunovale.com.br\/portal\/index.php?rest_route=%2Fwp%2Fv2%2Fmedia&parent=96887"}],"wp:term":[{"taxonomy":"category","embeddable":true,"href":"https:\/\/aconteceunovale.com.br\/portal\/index.php?rest_route=%2Fwp%2Fv2%2Fcategories&post=96887"},{"taxonomy":"post_tag","embeddable":true,"href":"https:\/\/aconteceunovale.com.br\/portal\/index.php?rest_route=%2Fwp%2Fv2%2Ftags&post=96887"}],"curies":[{"name":"wp","href":"https:\/\/api.w.org\/{rel}","templated":true}]}}