{"id":96873,"date":"2016-09-13T12:22:09","date_gmt":"2016-09-13T15:22:09","guid":{"rendered":"http:\/\/aconteceunovale.com.br\/portal\/?p=96873"},"modified":"2016-09-13T12:22:09","modified_gmt":"2016-09-13T15:22:09","slug":"edital-do-iepha-mg-recebe-propostas-para-restauracao-do-vapor-benjamim-guimaraes","status":"publish","type":"post","link":"https:\/\/aconteceunovale.com.br\/portal\/?p=96873","title":{"rendered":"Edital do Iepha-MG recebe propostas para restaura\u00e7\u00e3o do Vapor Benjamim Guimar\u00e3es"},"content":{"rendered":"<p>A\u00a0Secretaria de Estado de Cultura (SEC), por meio do\u00a0Instituto Estadual do Patrim\u00f4nio Hist\u00f3rico de Minas Gerais (Iepha-MG), est\u00e1 com edital de licita\u00e7\u00e3o aberto para a contrata\u00e7\u00e3o do projeto executivo de reforma e restaura\u00e7\u00e3o do Vapor Benjamim Guimar\u00e3es, embarca\u00e7\u00e3o protegida por tombamento pelo Iepha-MG desde agosto de 1985. Para a realiza\u00e7\u00e3o do projeto executivo, ser\u00e3o investidos pelo\u00a0Governo do Estado\u00a0cerca de R$ 85 mil.<\/p>\n<p>A recupera\u00e7\u00e3o do centen\u00e1rio Vapor,\u00a0situado na cidade de Pirapora, no Territ\u00f3rio Norte, foi\u00a0uma determina\u00e7\u00e3o do governador\u00a0Fernando Pimentel, em atendimento\u00a0a uma demanda da comunidade da regi\u00e3o.\u00a0Ap\u00f3s a contrata\u00e7\u00e3o de uma empresa para cuidar do projeto executivo, ser\u00e1 a vez, na segunda etapa, da licita\u00e7\u00e3o para\u00a0contratar servi\u00e7os t\u00e9cnicos especializados de engenharia naval.<\/p>\n<p>Entre os reparos necess\u00e1rios\u00a0est\u00e3o\u00a0a recupera\u00e7\u00e3o do casco, do sistema de esgoto dos por\u00f5es, revis\u00e3o do gerador, pintura geral, entre outros. A estimativa de custos da interven\u00e7\u00e3o \u00e9 de R$ 3 milh\u00f5es.<\/p>\n<p>As empresas interessadas em participar da licita\u00e7\u00e3o para o projeto executivo encontram\u00a0<a href=\"http:\/\/iepha.mg.gov.br\/licitacoes\" target=\"_blank\">detalhes do edital 1\/2016 na p\u00e1gina do Iepha-MG (www.iepha.mg.gov.br\/licitacoes)<\/a>. A abertura das propostas est\u00e1 prevista para o dia 19 de setembro (segunda-feira), \u00e0s 10h.<\/p>\n<p><strong>Vapor Benjamim Guimar\u00e3es<\/strong><\/p>\n<p>A embarca\u00e7\u00e3o foi constru\u00edda nos Estados Unidos, no Vale do Mississipi, e trazida ao Brasil em 1913, para a bacia do Rio Amazonas. Na d\u00e9cada de 20 passou a navegar no Rio S\u00e3o Francisco onde recebeu o nome de Benjamim Guimar\u00e3es em homenagem ao patriarca da firma que adquiriu o vapor.<\/p>\n<p>Reconhecido oficialmente como patrim\u00f4nio cultural municipal e estadual, o vapor foi tombado pelo Iepha-MG em 1985 e incorporado ao patrim\u00f4nio hist\u00f3rico do munic\u00edpio de Pirapora em 1997. Respons\u00e1vel pela atra\u00e7\u00e3o de um grande n\u00famero de turistas para a regi\u00e3o, a embarca\u00e7\u00e3o movimenta a economia local e \u00e9 um referencial na navega\u00e7\u00e3o comercial do Rio S\u00e3o Francisco.<\/p>\n<p>O Benjamim Guimar\u00e3es possui capacidade para 140 pessoas e \u00e9 um dos \u00faltimos exemplares de embarca\u00e7\u00e3o a vapor ainda em funcionamento no Brasil, com sistema movido a lenha e caldeira, impulsionado a vapor e roda-popa.<\/p>\n<p>Por sua import\u00e2ncia hist\u00f3rica e cultural para o vale do Rio S\u00e3o Francisco, o vapor j\u00e1 foi palco de grava\u00e7\u00f5es de novelas de televis\u00e3o, em rede nacional, e ultimamente tem sido usado como palco para apresenta\u00e7\u00f5es art\u00edsticas e culturais, como a orquestra sinf\u00f4nica, entre outros.<\/p>\n<p><img decoding=\"async\" src=\"http:\/\/aconteceunovale.com.br\/portal\/wp-content\/uploads\/2015\/01\/benjamim_guimaraes.jpg\" alt=\"\" \/><em>Vapor Benjamim Guimar\u00e3es (Foto: Divulga\u00e7\u00e3o)<\/em><br \/>\n<\/br><\/p>\n<p><em>(Fonte: Ag\u00eancia Minas)<\/em><\/p>\n","protected":false},"excerpt":{"rendered":"<p>A\u00a0Secretaria de Estado de Cultura (SEC), por meio do\u00a0Instituto Estadual do Patrim\u00f4nio Hist\u00f3rico de Minas Gerais (Iepha-MG), est\u00e1 com edital de licita\u00e7\u00e3o aberto para a contrata\u00e7\u00e3o do projeto executivo de reforma e restaura\u00e7\u00e3o do Vapor Benjamim Guimar\u00e3es, embarca\u00e7\u00e3o protegida por tombamento pelo Iepha-MG desde agosto de 1985. Para a realiza\u00e7\u00e3o do projeto executivo, ser\u00e3o investidos [&hellip;]<\/p>\n","protected":false},"author":1,"featured_media":50181,"comment_status":"open","ping_status":"closed","sticky":false,"template":"","format":"standard","meta":{"amp_status":"","footnotes":""},"categories":[1236],"tags":[115126,115125,76057,115123,254,115124,92440,16430],"class_list":["post-96873","post","type-post","status-publish","format-standard","has-post-thumbnail","hentry","category-norte_de_minas","tag-edital-do-iepha-mg-recebe-propostas-para-restauracao-do-vapor-benjamim-guimaraes","tag-empresas-tem-a-oportunidade-de-participar-da-licitacao-para-o-projeto-executivo-de-restauracao-do-vapor-benjamim-guimaraes","tag-iepha-mg","tag-instituto-estadual-do-patrimonio-historico-de-minas-gerais","tag-pirapora","tag-reforma-do-vapor-benjamim-guimaraes","tag-restauracao-do-vapor-benjamim-guimaraes","tag-vapor-benjamim-guimaraes"],"_links":{"self":[{"href":"https:\/\/aconteceunovale.com.br\/portal\/index.php?rest_route=\/wp\/v2\/posts\/96873","targetHints":{"allow":["GET"]}}],"collection":[{"href":"https:\/\/aconteceunovale.com.br\/portal\/index.php?rest_route=\/wp\/v2\/posts"}],"about":[{"href":"https:\/\/aconteceunovale.com.br\/portal\/index.php?rest_route=\/wp\/v2\/types\/post"}],"author":[{"embeddable":true,"href":"https:\/\/aconteceunovale.com.br\/portal\/index.php?rest_route=\/wp\/v2\/users\/1"}],"replies":[{"embeddable":true,"href":"https:\/\/aconteceunovale.com.br\/portal\/index.php?rest_route=%2Fwp%2Fv2%2Fcomments&post=96873"}],"version-history":[{"count":0,"href":"https:\/\/aconteceunovale.com.br\/portal\/index.php?rest_route=\/wp\/v2\/posts\/96873\/revisions"}],"wp:featuredmedia":[{"embeddable":true,"href":"https:\/\/aconteceunovale.com.br\/portal\/index.php?rest_route=\/wp\/v2\/media\/50181"}],"wp:attachment":[{"href":"https:\/\/aconteceunovale.com.br\/portal\/index.php?rest_route=%2Fwp%2Fv2%2Fmedia&parent=96873"}],"wp:term":[{"taxonomy":"category","embeddable":true,"href":"https:\/\/aconteceunovale.com.br\/portal\/index.php?rest_route=%2Fwp%2Fv2%2Fcategories&post=96873"},{"taxonomy":"post_tag","embeddable":true,"href":"https:\/\/aconteceunovale.com.br\/portal\/index.php?rest_route=%2Fwp%2Fv2%2Ftags&post=96873"}],"curies":[{"name":"wp","href":"https:\/\/api.w.org\/{rel}","templated":true}]}}