{"id":96869,"date":"2016-09-13T09:10:25","date_gmt":"2016-09-13T12:10:25","guid":{"rendered":"http:\/\/aconteceunovale.com.br\/portal\/?p=96869"},"modified":"2016-09-13T09:10:25","modified_gmt":"2016-09-13T12:10:25","slug":"eduardo-cunha-responsabiliza-governo-temer-pela-perda-do-mandato-na-camara","status":"publish","type":"post","link":"https:\/\/aconteceunovale.com.br\/portal\/?p=96869","title":{"rendered":"Eduardo Cunha responsabiliza governo Temer pela perda do mandato na C\u00e2mara"},"content":{"rendered":"<p>Ap\u00f3s ter seu mandato cassado pela C\u00e2mara, o ex-deputado Eduardo Cunha (RJ) responsabilizou o governo do presidente Michel Temer pelo resultado da vota\u00e7\u00e3o. O peemedebista negou ainda que tenha a inten\u00e7\u00e3o de fazer dela\u00e7\u00e3o premiada, mas prometeu escrever um livro relatando todos os di\u00e1logos que teve durante o processo de\u00a0<em>impeachment\u00a0<\/em>da ex-presidenta Dilma Rousseff.<\/p>\n<p>Para o ex-presidente da C\u00e2mara,\u00a0 o governo Temer teve responsabilidade na cassa\u00e7\u00e3o do seu mandato por ter apoiado a elei\u00e7\u00e3o do Rodrigo Maia (DEM-RJ) \u00e0 presid\u00eancia da Casa, com apoio do PT.<\/p>\n<p>\u201cQuem elegeu o presidente da Casa foi o governo, quem derrotou o candidato Rog\u00e9rio Rosso foi o governo. Todo mundo sabe que o governo hoje tem uma emin\u00eancia parda e quem comanda o governo \u00e9 o Moreira Franco, que \u00e9 o sogro do presidente da casa [Rodrigo Maia]. Todo mundo sabe que o sogro do presidente da casa comandou uma articula\u00e7\u00e3o e fez com que fosse feita uma alian\u00e7a com o PT e, consequentemente, com isso a minha cassa\u00e7\u00e3o estava na pauta\u201d, disse Cunha.<\/p>\n<p>Perguntado se tinha a inten\u00e7\u00e3o de assinar dela\u00e7\u00e3o premiada, j\u00e1 que \u00e9 alvo da Opera\u00e7\u00e3o Lava Jato, Cunha disse n\u00e3o ser criminoso para fazer dela\u00e7\u00e3o. \u201cS\u00f3 faz dela\u00e7\u00e3o quem \u00e9 criminoso. Eu n\u00e3o sou criminoso, n\u00e3o tenho que fazer dela\u00e7\u00e3o\u201d. O peemedebista, contudo, disse que pretende escrever um livro sobre o\u00a0<em>impeachment\u00a0<\/em>de Dilma Rousseff<\/p>\n<p>\u201cVou contar tudo que aconteceu, di\u00e1logo com todos os personagens que participaram de di\u00e1logos comigo. Eles ser\u00e3o tornados p\u00fablicos, na sua integralidade. Todo mundo que conversou comigo, todos, todos\u201d, disse Cunha.<\/p>\n<p>Apesar da promessa de escrever um livro de mem\u00f3rias, Cunha negou que fa\u00e7a amea\u00e7as. \u201cN\u00e3o sou pessoa de fazer qualquer tipo de amea\u00e7a, velada ou n\u00e3o. N\u00e3o fa\u00e7o amea\u00e7a. O livro n\u00e3o \u00e9 amea\u00e7a. Quero contar os fatos, contribuir para a hist\u00f3ria. A sociedade merece conhecer todos os detalhes. At\u00e9 porque uns ficam falando que \u00e9 golpe e hoje v\u00e3o querer perpetuar esse discurso de golpe com a\u00a0 minha cassa\u00e7\u00e3o. N\u00e3o tenho nada a revelar sobre ningu\u00e9m. O dia que o tiver, eu o farei\u201d.<\/p>\n<p><img decoding=\"async\" src=\"http:\/\/aconteceunovale.com.br\/portal\/wp-content\/uploads\/2016\/09\/eduardo_cunha.jpg\" alt=\"\" \/><em>Cunha responsabiliza governo Temer pela perda do mandato (Antonio Cruz\/Ag\u00eancia Brasil)<\/em><br \/>\n<\/br><\/p>\n<p><strong>Pris\u00e3o<\/strong><\/p>\n<p>O ex-deputado, que \u00e9 alvo de pedido de pris\u00e3o feito pelo Minist\u00e9rio P\u00fablico Federal e que aguarda decis\u00e3o do Supremo Tribunal Federal, disse n\u00e3o ter medo de ser preso e nem do juiz federal S\u00e9rgio Moro, respons\u00e1vel pelos inqu\u00e9ritos da Lava Jato na primeira inst\u00e2ncia.<\/p>\n<p>\u201cN\u00e3o tenho que temer ningu\u00e9m. Tenho que temer a Deus. S\u00f3 temo a Deus. Vou me defender, como estou me defendendo. N\u00e3o tenho preocupa\u00e7\u00e3o com isso. Me sinto inocente e vou me defender\u201d.<\/p>\n<p><strong>Arrependido<\/strong><\/p>\n<p>Depois de defender no plen\u00e1rio da Casa que sua cassa\u00e7\u00e3o era resultado da atua\u00e7\u00e3o que teve no processo de\u00a0<em>impeachment<\/em>, Cunha afirmou, ap\u00f3s perder o mandato, que se arrepende de n\u00e3o ter aceitado antes a den\u00fancia contra Dilma Rousseff. \u201cMe arrependo de n\u00e3o ter feito antes, do dia que coloquei [a decis\u00e3o sobre a abertura do processo do\u00a0<em>impeachment<\/em>] na gaveta trancada, com medo de qualquer coisa e j\u00e1 n\u00e3o ter anunciado naquele momento\u201d.<\/p>\n<p>Cunha reconheceu que cometeu alguns erros, mas n\u00e3o o usado por seus advers\u00e1rios para cass\u00e1-lo. \u201cCometi muitos erros, eu sou um ser humano que errou muitas vezes, mas n\u00e3o foram os meus erros que me levaram \u00e0 cassa\u00e7\u00e3o. O que me levou \u00e0 cassa\u00e7\u00e3o \u00e9 a pol\u00edtica. Fui v\u00edtima de uma vingan\u00e7a pol\u00edtica no meio do processo eleitoral\u201d.<\/p>\n<p><em>(Fonte: Ag\u00eancia Brasil)<\/em><\/p>\n","protected":false},"excerpt":{"rendered":"<p>Ap\u00f3s ter seu mandato cassado pela C\u00e2mara, o ex-deputado Eduardo Cunha (RJ) responsabilizou o governo do presidente Michel Temer pelo resultado da vota\u00e7\u00e3o. O peemedebista negou ainda que tenha a inten\u00e7\u00e3o de fazer dela\u00e7\u00e3o premiada, mas prometeu escrever um livro relatando todos os di\u00e1logos que teve durante o processo de\u00a0impeachment\u00a0da ex-presidenta Dilma Rousseff. Para o [&hellip;]<\/p>\n","protected":false},"author":1,"featured_media":96870,"comment_status":"open","ping_status":"closed","sticky":false,"template":"","format":"standard","meta":{"amp_status":"","footnotes":""},"categories":[6,40240],"tags":[20922,115103,99117,109071,115105,115106,1018,27864,115122,115104,115107,115108,48373],"class_list":["post-96869","post","type-post","status-publish","format-standard","has-post-thumbnail","hentry","category-br","category-politica-2","tag-camara-dos-deputados","tag-camara-dos-deputados-cassa-mandato-de-eduardo-cunha-por-450-votos-a-favor-e-dez-contra","tag-cassacao-de-eduardo-cunha","tag-cassacao-do-mandato-do-deputado-afastado-eduardo-cunha","tag-cassacao-eduardo-cunha","tag-cassacao-mandato-eduardo-cunha","tag-destaque","tag-eduardo-cunha","tag-eduardo-cunha-responsabiliza-governo-temer-pela-perda-do-mandato-na-camara","tag-julgamento-eduardo-cunha","tag-processo-cassacao-eduardo-cunha","tag-processo-de-cassacao-de-eduardo-cunha","tag-rodrigo-maia"],"_links":{"self":[{"href":"https:\/\/aconteceunovale.com.br\/portal\/index.php?rest_route=\/wp\/v2\/posts\/96869","targetHints":{"allow":["GET"]}}],"collection":[{"href":"https:\/\/aconteceunovale.com.br\/portal\/index.php?rest_route=\/wp\/v2\/posts"}],"about":[{"href":"https:\/\/aconteceunovale.com.br\/portal\/index.php?rest_route=\/wp\/v2\/types\/post"}],"author":[{"embeddable":true,"href":"https:\/\/aconteceunovale.com.br\/portal\/index.php?rest_route=\/wp\/v2\/users\/1"}],"replies":[{"embeddable":true,"href":"https:\/\/aconteceunovale.com.br\/portal\/index.php?rest_route=%2Fwp%2Fv2%2Fcomments&post=96869"}],"version-history":[{"count":0,"href":"https:\/\/aconteceunovale.com.br\/portal\/index.php?rest_route=\/wp\/v2\/posts\/96869\/revisions"}],"wp:featuredmedia":[{"embeddable":true,"href":"https:\/\/aconteceunovale.com.br\/portal\/index.php?rest_route=\/wp\/v2\/media\/96870"}],"wp:attachment":[{"href":"https:\/\/aconteceunovale.com.br\/portal\/index.php?rest_route=%2Fwp%2Fv2%2Fmedia&parent=96869"}],"wp:term":[{"taxonomy":"category","embeddable":true,"href":"https:\/\/aconteceunovale.com.br\/portal\/index.php?rest_route=%2Fwp%2Fv2%2Fcategories&post=96869"},{"taxonomy":"post_tag","embeddable":true,"href":"https:\/\/aconteceunovale.com.br\/portal\/index.php?rest_route=%2Fwp%2Fv2%2Ftags&post=96869"}],"curies":[{"name":"wp","href":"https:\/\/api.w.org\/{rel}","templated":true}]}}