{"id":96867,"date":"2016-09-13T08:57:30","date_gmt":"2016-09-13T11:57:30","guid":{"rendered":"http:\/\/aconteceunovale.com.br\/portal\/?p=96867"},"modified":"2016-09-13T08:57:30","modified_gmt":"2016-09-13T11:57:30","slug":"decisao-judicial-determina-a-estruturacao-e-regularizacao-de-parques-estaduais-no-vale-do-jequitinhonha","status":"publish","type":"post","link":"https:\/\/aconteceunovale.com.br\/portal\/?p=96867","title":{"rendered":"Decis\u00e3o judicial determina a estrutura\u00e7\u00e3o e regulariza\u00e7\u00e3o de parques estaduais no Vale do Jequitinhonha"},"content":{"rendered":"<p>O Minist\u00e9rio P\u00fablico de Minas Gerais (MPMG), por meio da Promotoria de Justi\u00e7a de Defesa do Meio Ambiente em Diamantina, obteve duas decis\u00f5es judiciais que determinam a estrutura\u00e7\u00e3o e a regulariza\u00e7\u00e3o fundi\u00e1ria dos parques estaduais do Biribiri e do Rio Preto nos munic\u00edpios de Diamantina e S\u00e3o Gon\u00e7alo do Rio Preto, no Vale do Jequitinhonha. <\/p>\n<p>As a\u00e7\u00f5es, ajuizadas em 2014, argumentam que, anos ap\u00f3s a cria\u00e7\u00e3o, os parques permaneciam sem Planos de Manejo adequados, carentes de estrutura f\u00edsica e de pessoal, al\u00e9m de n\u00e3o ter sido realizada a regulariza\u00e7\u00e3o fundi\u00e1ria. Com a decis\u00e3o judicial,  o estado de Minas Gerais ter\u00e1 que tomar todas essas medidas.<\/p>\n<p>As a\u00e7\u00f5es fazem parte de um projeto estadual, coordenado pelo MPMG, por meio do Centro de Apoio Operacional das Promotorias de Justi\u00e7a de Defesa do Meio Ambiente (Caoma) e da Promotoria Estadual de Defesa do Patrim\u00f4nio Cultural e Tur\u00edstico, de adequa\u00e7\u00e3o de todas as unidades de conserva\u00e7\u00e3o de prote\u00e7\u00e3o integral de Minas Gerais. (MPMG)<\/p>\n","protected":false},"excerpt":{"rendered":"<p>O Minist\u00e9rio P\u00fablico de Minas Gerais (MPMG), por meio da Promotoria de Justi\u00e7a de Defesa do Meio Ambiente em Diamantina, obteve duas decis\u00f5es judiciais que determinam a estrutura\u00e7\u00e3o e a regulariza\u00e7\u00e3o fundi\u00e1ria dos parques estaduais do Biribiri e do Rio Preto nos munic\u00edpios de Diamantina e S\u00e3o Gon\u00e7alo do Rio Preto, no Vale do Jequitinhonha. [&hellip;]<\/p>\n","protected":false},"author":1,"featured_media":13508,"comment_status":"open","ping_status":"closed","sticky":false,"template":"","format":"standard","meta":{"amp_status":"","footnotes":""},"categories":[120],"tags":[115115,198,115119,115118,115121,114957,16252,20760,115117,115116,115120,936,783],"class_list":["post-96867","post","type-post","status-publish","format-standard","has-post-thumbnail","hentry","category-jequi","tag-decisao-judicial-determina-a-estruturacao-e-regularizacao-de-parques-estaduais-no-vale-do-jequitinhonha","tag-diamantina","tag-estruturacao-do-parque-do-biribiri","tag-estruturacao-do-parque-estadual-do-biribiri","tag-estruturacao-do-parque-estadual-do-rio-preto","tag-parque-do-biribiri","tag-parque-estadual-do-biribiri","tag-parque-estadual-do-rio-preto","tag-regularizacao-fundiaria-do-parque-do-biribiri","tag-regularizacao-fundiaria-do-parque-estadual-do-biribiri","tag-regularizacao-fundiaria-do-parque-estadual-do-rio-preto","tag-rio-preto","tag-sao-goncalo-do-rio-preto"],"_links":{"self":[{"href":"https:\/\/aconteceunovale.com.br\/portal\/index.php?rest_route=\/wp\/v2\/posts\/96867","targetHints":{"allow":["GET"]}}],"collection":[{"href":"https:\/\/aconteceunovale.com.br\/portal\/index.php?rest_route=\/wp\/v2\/posts"}],"about":[{"href":"https:\/\/aconteceunovale.com.br\/portal\/index.php?rest_route=\/wp\/v2\/types\/post"}],"author":[{"embeddable":true,"href":"https:\/\/aconteceunovale.com.br\/portal\/index.php?rest_route=\/wp\/v2\/users\/1"}],"replies":[{"embeddable":true,"href":"https:\/\/aconteceunovale.com.br\/portal\/index.php?rest_route=%2Fwp%2Fv2%2Fcomments&post=96867"}],"version-history":[{"count":0,"href":"https:\/\/aconteceunovale.com.br\/portal\/index.php?rest_route=\/wp\/v2\/posts\/96867\/revisions"}],"wp:featuredmedia":[{"embeddable":true,"href":"https:\/\/aconteceunovale.com.br\/portal\/index.php?rest_route=\/wp\/v2\/media\/13508"}],"wp:attachment":[{"href":"https:\/\/aconteceunovale.com.br\/portal\/index.php?rest_route=%2Fwp%2Fv2%2Fmedia&parent=96867"}],"wp:term":[{"taxonomy":"category","embeddable":true,"href":"https:\/\/aconteceunovale.com.br\/portal\/index.php?rest_route=%2Fwp%2Fv2%2Fcategories&post=96867"},{"taxonomy":"post_tag","embeddable":true,"href":"https:\/\/aconteceunovale.com.br\/portal\/index.php?rest_route=%2Fwp%2Fv2%2Ftags&post=96867"}],"curies":[{"name":"wp","href":"https:\/\/api.w.org\/{rel}","templated":true}]}}