{"id":96865,"date":"2016-09-13T08:27:23","date_gmt":"2016-09-13T11:27:23","guid":{"rendered":"http:\/\/aconteceunovale.com.br\/portal\/?p=96865"},"modified":"2016-09-13T08:27:23","modified_gmt":"2016-09-13T11:27:23","slug":"previsao-do-tempo-para-minas-gerais-nesta-terca-feira-13-de-setembro","status":"publish","type":"post","link":"https:\/\/aconteceunovale.com.br\/portal\/?p=96865","title":{"rendered":"Previs\u00e3o do tempo para Minas Gerais, nesta ter\u00e7a-feira, 13 de setembro"},"content":{"rendered":"<h4><strong><em>Ar seco e quente mant\u00e9m o tempo est\u00e1vel em todo o estado. Umidade relativa do ar atinge n\u00edveis muito baixos, chegando a 15% em algumas regi\u00f5es.<\/em><\/strong><\/h4>\n<p>Nesta ter\u00e7a-feira (13\/9) o ar seco e quente favorece mais um dia de tempo est\u00e1vel em Minas Gerais. Nebulosidade vari\u00e1vel no Vale do Rio Doce, Vale do Mucuri e Jequitinhonha. Os \u00edndices de umidade relativa do ar ficam abaixo de 30% \u00e0 tarde na maioria das regi\u00f5es mineiras. No Norte, Noroeste, Central e Tri\u00e2ngulo\/Alto do Parana\u00edba os \u00edndices de umidade podem atingir valores abaixo de 15%.<\/p>\n<p>Na Regi\u00e3o Metropolitana de Belo Horizonte o tempo fica ensolarado pela manh\u00e3 e com pouca varia\u00e7\u00e3o de nuvens \u00e0 tarde. Os \u00edndices de umidade relativa do ar tamb\u00e9m ficam baixos. Temperaturas devem oscilar entre 15\u00b0C e 31\u00b0C, com umidade relativa do ar em torno dos 25% \u00e0 tarde na capital.<\/p>\n","protected":false},"excerpt":{"rendered":"<p>Ar seco e quente mant\u00e9m o tempo est\u00e1vel em todo o estado. Umidade relativa do ar atinge n\u00edveis muito baixos, chegando a 15% em algumas regi\u00f5es. Nesta ter\u00e7a-feira (13\/9) o ar seco e quente favorece mais um dia de tempo est\u00e1vel em Minas Gerais. Nebulosidade vari\u00e1vel no Vale do Rio Doce, Vale do Mucuri e [&hellip;]<\/p>\n","protected":false},"author":1,"featured_media":82499,"comment_status":"open","ping_status":"closed","sticky":false,"template":"","format":"standard","meta":{"amp_status":"","footnotes":""},"categories":[123],"tags":[115109,194,131,36891,1956,27340,115114,87017,115113,1839,115111,28255,115110,115112],"class_list":["post-96865","post","type-post","status-publish","format-standard","has-post-thumbnail","hentry","category-gerais","tag-13-de-setembro","tag-belo-horizonte","tag-minas-gerais","tag-nesta-terca-feira","tag-previsao-do-tempo","tag-previsao-do-tempo-para-belo-horizonte","tag-previsao-do-tempo-para-belo-horizonte-13-de-setembro","tag-previsao-do-tempo-para-belo-horizonte-nesta-terca-feira","tag-previsao-do-tempo-para-belo-horizonte-nesta-terca-feira-13-de-setembro","tag-previsao-do-tempo-para-minas-gerais","tag-previsao-do-tempo-para-minas-gerais-13-de-setembro","tag-previsao-do-tempo-para-minas-gerais-nesta-terca-feira","tag-previsao-do-tempo-para-minas-gerais-nesta-terca-feira-13-de-setembro","tag-terca-feira-13-de-setembro"],"_links":{"self":[{"href":"https:\/\/aconteceunovale.com.br\/portal\/index.php?rest_route=\/wp\/v2\/posts\/96865","targetHints":{"allow":["GET"]}}],"collection":[{"href":"https:\/\/aconteceunovale.com.br\/portal\/index.php?rest_route=\/wp\/v2\/posts"}],"about":[{"href":"https:\/\/aconteceunovale.com.br\/portal\/index.php?rest_route=\/wp\/v2\/types\/post"}],"author":[{"embeddable":true,"href":"https:\/\/aconteceunovale.com.br\/portal\/index.php?rest_route=\/wp\/v2\/users\/1"}],"replies":[{"embeddable":true,"href":"https:\/\/aconteceunovale.com.br\/portal\/index.php?rest_route=%2Fwp%2Fv2%2Fcomments&post=96865"}],"version-history":[{"count":0,"href":"https:\/\/aconteceunovale.com.br\/portal\/index.php?rest_route=\/wp\/v2\/posts\/96865\/revisions"}],"wp:featuredmedia":[{"embeddable":true,"href":"https:\/\/aconteceunovale.com.br\/portal\/index.php?rest_route=\/wp\/v2\/media\/82499"}],"wp:attachment":[{"href":"https:\/\/aconteceunovale.com.br\/portal\/index.php?rest_route=%2Fwp%2Fv2%2Fmedia&parent=96865"}],"wp:term":[{"taxonomy":"category","embeddable":true,"href":"https:\/\/aconteceunovale.com.br\/portal\/index.php?rest_route=%2Fwp%2Fv2%2Fcategories&post=96865"},{"taxonomy":"post_tag","embeddable":true,"href":"https:\/\/aconteceunovale.com.br\/portal\/index.php?rest_route=%2Fwp%2Fv2%2Ftags&post=96865"}],"curies":[{"name":"wp","href":"https:\/\/api.w.org\/{rel}","templated":true}]}}