{"id":96859,"date":"2016-09-13T00:07:16","date_gmt":"2016-09-13T03:07:16","guid":{"rendered":"http:\/\/aconteceunovale.com.br\/portal\/?p=96859"},"modified":"2016-09-13T19:38:32","modified_gmt":"2016-09-13T22:38:32","slug":"maurilio-arruda-esta-foragido-apos-escapar-de-viatura-no-trajeto-entre-januaria-e-montes-claros","status":"publish","type":"post","link":"https:\/\/aconteceunovale.com.br\/portal\/?p=96859","title":{"rendered":"Maur\u00edlio Arruda est\u00e1 foragido ap\u00f3s escapar de viatura da PF no trajeto entre Janu\u00e1ria e Montes Claros"},"content":{"rendered":"<p>O ex-prefeito de Janu\u00e1ria, Maur\u00edlio Neris de Andrade Arruda, preso pela Pol\u00edcia Federal (PF) na manh\u00e3 dessa segunda-feira (12\/09\/2016) na &#8220;Opera\u00e7\u00e3o Rua da Amargura&#8221;, conseguiu fugir, no in\u00edcio da noite, de dentro de uma viatura durante o trajeto para a Delegacia em Montes Claros.<\/p>\n<p>Arruda e outros quatro investigados s\u00e3o suspeitos de desviar mais de R$ 1 milh\u00e3o em obras de pavimenta\u00e7\u00e3o e drenagem de ruas de Janu\u00e1ria. <\/p>\n<p>Por meio de nota, a Pol\u00edcia Federal alegou que o transporte do pol\u00edtico preso da cidade de Janu\u00e1ria para Montes Claros foi escoltado por agentes federais, sem algemas, sendo a transfer\u00eancia realizada em viatura ostensiva, no banco traseiro do ve\u00edculo.<\/p>\n<p>Contudo, a corpora\u00e7\u00e3o confessou que a &#8220;viatura n\u00e3o possu\u00eda predisposi\u00e7\u00e3o para transporte de presos&#8221;.<\/p>\n<p>A fuga se deu, por volta das 18h10, quando a viatura da PF parou em um sem\u00e1foro de tr\u00e2nsito. O ex-prefeito desceu correndo do carro, montou em uma moto, e fugiu em dire\u00e7\u00e3o ao bairro de Todos os Santos.<\/p>\n<p>Os agentes da PF chegaram a perseguir o suspeito e a fazer um rastreamento na regi\u00e3o, mas ele n\u00e3o foi encontrado at\u00e9 a manh\u00e3 desta ter\u00e7a (13).<\/p>\n<p><img decoding=\"async\" src=\"http:\/\/aconteceunovale.com.br\/portal\/wp-content\/uploads\/2016\/09\/maurilio_arruda_1.jpg\" alt=\"\" \/><em>Maur\u00edlio Arruda est\u00e1 foragido, afirma PF (Foto: Reprodu\u00e7\u00e3o\/Facebook)<\/em><br \/>\n<\/br><\/p>\n<p><strong>Defesa<\/strong><\/p>\n<p>O advogado Ant\u00f4nio Adenilson Rodrigues Veloso, que representa o ex-prefeito, alega que seu cliente n\u00e3o fugiu da viatura, mas ele tamb\u00e9m n\u00e3o esclareceu se o pol\u00edtico foi liberado de &#8220;livre e espont\u00e2nea&#8221; vontade pelos agentes da Pol\u00edcia Federal.  <\/p>\n<p>&#8220;Se n\u00e3o teve resist\u00eancia dos policiais, \u00e9 porque ele n\u00e3o fugiu. Essa \u00e9 uma hist\u00f3ria do conto da &#8220;Carochinha&#8221;. Como um pol\u00edtico conseguiria ludibriar policias treinados?&#8221;, questiona o advogado de defesa. <\/p>\n<p>Para Veloso, seu cliente est\u00e1 sendo v\u00edtima de persegui\u00e7\u00e3o pol\u00edtica. &#8220;Aqui em Montes Claros est\u00e1 um terrorismo geral. Todos os candidatos que est\u00e3o na frente, liderando as elei\u00e7\u00f5es, eles t\u00eam uma pris\u00e3o decretada. Essa \u00e9 uma estranha coincid\u00eancia. N\u00e3o h\u00e1 motivo nenhum para a pris\u00e3o tempor\u00e1ria. Porque ele nunca atrapalhou as investiga\u00e7\u00f5es. Ele tamb\u00e9m sempre colaborou com a Justi\u00e7a&#8221;, argumentou Veloso.<\/p>\n<p>Foragido, o ex-prefeito j\u00e1 entrou em contato com o advogado, por\u00e9m, ele n\u00e3o ir\u00e1 se apresentar \u00e0 Delegacia de Pol\u00edcia Federal. &#8220;N\u00f3s estamos entrando com habeas corpus ainda hoje para revogar a pris\u00e3o&#8221;, encerrou o advogado.<\/p>\n<p><strong>Opera\u00e7\u00e3o<\/strong><\/p>\n<p>Na manh\u00e3 dessa segunda, a Pol\u00edcia Federal cumpriu cinco mandados de pris\u00e3o expedidos pelo ju\u00edzo da 2\u00aa Vara da Comarca de Janu\u00e1ria. Quatro dos alvos foram presos, mas o ex-prefeito Arruda conseguiu fugir. Um dos investigados segue foragido.<\/p>\n<p><strong>Veja nota da PF na \u00edntegra<\/strong><\/p>\n<p><em>&#8220;Montes Claros\/MG \u2013 Em refer\u00eancia \u00e0 fuga do ex-prefeito de Janu\u00e1ria\/MG, preso quando da deflagra\u00e7\u00e3o da Opera\u00e7\u00e3o RUA DA AMARGURA, ocorrida na data de 12.09.2016, a Pol\u00edcia Federal esclarece:<\/p>\n<p>1 &#8211; \u00c0s 06 hs de ontem, 12\/09, a PF deu cumprimento a 03 dos 05 mandados de pris\u00e3o expedidos pelo ju\u00edzo da 2\u00aa Vara da Comarca de Janu\u00e1ria\/MG. Um dos investigados, ex-prefeito daquela cidade e candidato no pleito que se aproxima, foi preso com o aux\u00edlio da egr\u00e9gia PM\/MG, no final da manh\u00e3 daquele mesmo dia;<\/p>\n<p>2 &#8211; Durante o transporte da cidade de Janu\u00e1ria\/MG para Montes Claros\/MG, o ex-prefeito foi escoltado por Agentes federais, sem algemas, sendo a transfer\u00eancia realizada em viatura ostensiva, no banco traseiro do ve\u00edculo;<\/p>\n<p>3 &#8211; A viatura utilizada n\u00e3o possu\u00eda, assim, predisposi\u00e7\u00e3o para transporte de presos;<\/p>\n<p>4 &#8211; Por volta das 18:10 hs, j\u00e1 nesta cidade de Montes Claros\/MG, o preso empreendeu fuga, tomando dire\u00e7\u00e3o ao bairro Todos os Santos;<\/p>\n<p>5 &#8211; Houve persegui\u00e7\u00e3o dos policiais, sem sucesso na recaptura, j\u00e1 que o preso logrou \u00eaxito em montar em uma motocicleta que passava pelo bairro, tomando rumo ignorado;<\/p>\n<p>6 &#8211; Consigna-se que, de acordo com a s\u00famula 11 do STF, o uso de algemas n\u00e3o est\u00e1 completamente proibido. No entanto, sua utiliza\u00e7\u00e3o exige que o policial circunstancie o ato, mediante termo pr\u00f3prio, em que devem ser pormenorizadas as justificativas que exigiram o uso do instrumento, sob pena de responsabiliza\u00e7\u00e3o e nulidade da pris\u00e3o;<\/p>\n<p>7 &#8211; A decis\u00e3o, assim, n\u00e3o \u00e9 t\u00e3o simples. O policial caminha entre dois extremos, pass\u00edveis de graves conseq\u00fc\u00eancias, n\u00e3o raras vezes em detrimento de seu patrim\u00f4nio ou de sua pr\u00f3pria integridade f\u00edsica. Veja-se, \u00e0 guisa de exemplo, recente decis\u00e3o da 5\u00aa Turma do Tribunal Regional Federal da 1\u00aa Regi\u00e3o, que condenou a Uni\u00e3o \u00e0 repara\u00e7\u00e3o de dano moral pelo uso de algemas no ato de pris\u00e3o ocorrida nesta cidade, envolvendo policiais federais lotados justamente na Delegacia de Montes Claros\/MG (processo n\u00ba 2005.38.07.009453-9\/MG);<\/p>\n<p>8 &#8211; Sem excluir a responsabilidade de quem quer que seja, j\u00e1 que provid\u00eancias est\u00e3o sendo tomadas a respeito dos fatos, a situa\u00e7\u00e3o ocorrida resgata a discuss\u00e3o a respeito do transporte de presos em todo o pa\u00eds, mormente sobre o uso de algemas, a predisposi\u00e7\u00e3o pr\u00f3pria em ve\u00edculos policiais, al\u00e9m da imprescind\u00edvel seguran\u00e7a de policiais, terceiros e do pr\u00f3prio conduzido.<\/p>\n<p>9 &#8211; As buscas prosseguem e o ex-prefeito de Janu\u00e1ria\/MG \u00e9 considerado um foragido da justi\u00e7a de nosso pa\u00eds.&#8221;<\/em><\/p>\n<p><em>(Fonte: O Tempo\/Camila Kifer)<\/em><\/p>\n","protected":false},"excerpt":{"rendered":"<p>O ex-prefeito de Janu\u00e1ria, Maur\u00edlio Neris de Andrade Arruda, preso pela Pol\u00edcia Federal (PF) na manh\u00e3 dessa segunda-feira (12\/09\/2016) na &#8220;Opera\u00e7\u00e3o Rua da Amargura&#8221;, conseguiu fugir, no in\u00edcio da noite, de dentro de uma viatura durante o trajeto para a Delegacia em Montes Claros. Arruda e outros quatro investigados s\u00e3o suspeitos de desviar mais de [&hellip;]<\/p>\n","protected":false},"author":1,"featured_media":96786,"comment_status":"open","ping_status":"closed","sticky":false,"template":"","format":"standard","meta":{"amp_status":"","footnotes":""},"categories":[1236,40240],"tags":[115098,115099,114953,114888,1018,49771,114952,8757,114892,114889,8758,114887,115102,115100,115101,104963,104964,114890,114881,114891,114882,114883,114886,114885,114884],"class_list":["post-96859","post","type-post","status-publish","format-standard","has-post-thumbnail","hentry","category-norte_de_minas","category-politica-2","tag-advogado-de-defesa-de-maurilio-arruda","tag-antonio-adenilson-rodrigues-veloso","tag-candidato-a-prefeito-em-januaria","tag-corrupcao-em-januaria","tag-destaque","tag-desvio-de-recursos-publicos-em-januaria","tag-ex-prefeito-alvo-de-operacao-da-pf-em-januaria-responde-a-dezenas-de-acoes-penais","tag-ex-prefeito-de-januaria","tag-ex-prefeito-e-ex-servidores-sao-alvos-de-operacao-da-pf-em-januaria","tag-fraudes-em-januaria","tag-maurilio-arruda","tag-maurilio-arruda-e-preso","tag-maurilio-arruda-esta-foragido-apos-escapar-de-viatura-da-pf-no-trajeto-entre-januaria-e-montes-claros","tag-maurilio-arruda-esta-foragido-apos-escapar-de-viatura-no-trajeto-entre-januaria-e-montes-claros","tag-maurilio-neris-de-andrade-arruda","tag-operacao-da-pf-em-januaria","tag-operacao-da-policia-federal-em-januaria","tag-operacao-em-januaria","tag-operacao-rua-da-amargura","tag-operacao-rua-da-amargura-combate-desvios-de-recursos-publicos-em-januaria","tag-operacao-rua-da-amargura-em-januaria","tag-presos-na-operacao-rua-da-amargura","tag-prisao-ex-prefeito-de-januaria","tag-prisao-maurilio-arruda","tag-resultado-da-operacao-rua-da-amargura"],"_links":{"self":[{"href":"https:\/\/aconteceunovale.com.br\/portal\/index.php?rest_route=\/wp\/v2\/posts\/96859","targetHints":{"allow":["GET"]}}],"collection":[{"href":"https:\/\/aconteceunovale.com.br\/portal\/index.php?rest_route=\/wp\/v2\/posts"}],"about":[{"href":"https:\/\/aconteceunovale.com.br\/portal\/index.php?rest_route=\/wp\/v2\/types\/post"}],"author":[{"embeddable":true,"href":"https:\/\/aconteceunovale.com.br\/portal\/index.php?rest_route=\/wp\/v2\/users\/1"}],"replies":[{"embeddable":true,"href":"https:\/\/aconteceunovale.com.br\/portal\/index.php?rest_route=%2Fwp%2Fv2%2Fcomments&post=96859"}],"version-history":[{"count":0,"href":"https:\/\/aconteceunovale.com.br\/portal\/index.php?rest_route=\/wp\/v2\/posts\/96859\/revisions"}],"wp:featuredmedia":[{"embeddable":true,"href":"https:\/\/aconteceunovale.com.br\/portal\/index.php?rest_route=\/wp\/v2\/media\/96786"}],"wp:attachment":[{"href":"https:\/\/aconteceunovale.com.br\/portal\/index.php?rest_route=%2Fwp%2Fv2%2Fmedia&parent=96859"}],"wp:term":[{"taxonomy":"category","embeddable":true,"href":"https:\/\/aconteceunovale.com.br\/portal\/index.php?rest_route=%2Fwp%2Fv2%2Fcategories&post=96859"},{"taxonomy":"post_tag","embeddable":true,"href":"https:\/\/aconteceunovale.com.br\/portal\/index.php?rest_route=%2Fwp%2Fv2%2Ftags&post=96859"}],"curies":[{"name":"wp","href":"https:\/\/api.w.org\/{rel}","templated":true}]}}