{"id":96856,"date":"2016-09-12T23:51:48","date_gmt":"2016-09-13T02:51:48","guid":{"rendered":"http:\/\/aconteceunovale.com.br\/portal\/?p=96856"},"modified":"2016-09-12T23:51:48","modified_gmt":"2016-09-13T02:51:48","slug":"delegado-de-ipatinga-se-apresenta-a-policia-e-e-preso-por-suspeita-de-concussao","status":"publish","type":"post","link":"https:\/\/aconteceunovale.com.br\/portal\/?p=96856","title":{"rendered":"Delegado de Ipatinga se apresenta \u00e0 pol\u00edcia e \u00e9 preso por suspeita de concuss\u00e3o"},"content":{"rendered":"<p>O delegado de Pol\u00edcia Civil de Ipatinga, Ricardo Cesari Borges Bastos de Oliveira, de 32 anos, se apresentou nesta segunda-feira (12\/09\/2016) \u00e0 Corregedoria Geral da PC, em Belo Horizonte. O delegado \u00e9 suspeito do crime de concuss\u00e3o, quando um funcion\u00e1rio p\u00fablico exige, para si ou para outra pessoa, vantagem indevida, e teve mandado de pris\u00e3o preventiva expedido pela Justi\u00e7a na \u00faltima quarta-feira (7).<\/p>\n<p>Segundo a assessoria de comunica\u00e7\u00e3o da PC, ele chegou \u00e0 Corregedoria acompanhado do advogado e foi levado \u00e0 casa de cust\u00f3dia<br \/>\nda Pol\u00edcia Civil na capital. Ainda de acordo com a assessoria, n\u00e3o existe um prazo certo de quanto tempo Ricardo Cesari Borges deve ficar detido. As investiga\u00e7\u00f5es do caso prosseguem.<\/p>\n<p><strong>Entenda o caso<\/strong><\/p>\n<p>O pedido de pris\u00e3o preventiva do delegado foi confirmado oficialmente pela Pol\u00edcia Civil de Minas Gerais na \u00faltima quinta-feira (8). No dia anterior, a Justi\u00e7a expediu o mandado, mas o delegado n\u00e3o foi localizado.<\/p>\n<p>No dia seis de setembro, a PC prendeu, em flagrante, tamb\u00e9m em Ipatinga, um investigador da pol\u00edcia na cidade, suspeito do mesmo crime. O policial, de 44 anos, foi flagrado pela corregedoria praticando o crime de concuss\u00e3o e foi encaminhado para a casa de cust\u00f3dia da Pol\u00edcia Civil em Belo Horizonte.<\/p>\n<p>Em 2013, o policial havia sido transferido para Venda Nova, na regi\u00e3o Metropolitana de BH, acusado de envolvimento em cobran\u00e7a de propina e fraudes. Ele retornou para a delegacia de Ipatinga no in\u00edcio do ano.<\/p>\n<p>Segundo a assessoria de comunica\u00e7\u00e3o da PC, as investiga\u00e7\u00f5es do caso est\u00e3o sendo feitas pela Corregedoria Geral de Pol\u00edcia Civil e pelo Minist\u00e9rio P\u00fablico de Minas Gerais (MPMG), em Ipatinga, e ter\u00e3o prosseguimento no intuito de identificar outros poss\u00edveis envolvidos.<\/p>\n<p><img decoding=\"async\" src=\"http:\/\/aconteceunovale.com.br\/portal\/wp-content\/uploads\/2016\/09\/crimes_pcs_ipatinga.jpg\" alt=\"\" \/><em>O delegado de pol\u00edcia Ricardo Cesari Borges Bastos de Oliveira e o investigador Flavio Cordeiro de Souza s\u00e3o suspeitos de concuss\u00e3o (Foto: Divulga\u00e7\u00e3o)<\/em><br \/>\n<\/br><\/p>\n<p><em>(Fonte: G1 dos Vales)<\/em><\/p>\n","protected":false},"excerpt":{"rendered":"<p>O delegado de Pol\u00edcia Civil de Ipatinga, Ricardo Cesari Borges Bastos de Oliveira, de 32 anos, se apresentou nesta segunda-feira (12\/09\/2016) \u00e0 Corregedoria Geral da PC, em Belo Horizonte. O delegado \u00e9 suspeito do crime de concuss\u00e3o, quando um funcion\u00e1rio p\u00fablico exige, para si ou para outra pessoa, vantagem indevida, e teve mandado de pris\u00e3o [&hellip;]<\/p>\n","protected":false},"author":1,"featured_media":96569,"comment_status":"open","ping_status":"closed","sticky":false,"template":"","format":"standard","meta":{"amp_status":"","footnotes":""},"categories":[121],"tags":[114466,114467,114468,114464,115097,115095,114469,201,114471,114465,114470,114463,114462,114461,115096,114460],"class_list":["post-96856","post","type-post","status-publish","format-standard","has-post-thumbnail","hentry","category-leste","tag-crime-de-concussao","tag-crime-de-concussao-delegado-de-ipatinga","tag-crime-de-concussao-policiais-de-ipatinga","tag-delegado-de-ipatinga","tag-delegado-de-ipatinga-se-apresenta-a-policia-e-e-preso-por-suspeita-de-concussao","tag-delegado-de-policia-civil-de-ipatinga","tag-flavio-cordeiro-de-souza","tag-ipatinga","tag-policia-civil-investiga-delegado-e-investigador-suspeitos-de-concussao-em-ipatinga","tag-prisao-de-delegado-de-ipatinga","tag-prisao-de-flavio-cordeiro-de-souza","tag-prisao-de-ricardo-cesari","tag-prisao-de-ricardo-cesari-borges-bastos-de-oliveira","tag-ricardo-cesari","tag-ricardo-cesari-borges","tag-ricardo-cesari-borges-bastos-de-oliveira"],"_links":{"self":[{"href":"https:\/\/aconteceunovale.com.br\/portal\/index.php?rest_route=\/wp\/v2\/posts\/96856","targetHints":{"allow":["GET"]}}],"collection":[{"href":"https:\/\/aconteceunovale.com.br\/portal\/index.php?rest_route=\/wp\/v2\/posts"}],"about":[{"href":"https:\/\/aconteceunovale.com.br\/portal\/index.php?rest_route=\/wp\/v2\/types\/post"}],"author":[{"embeddable":true,"href":"https:\/\/aconteceunovale.com.br\/portal\/index.php?rest_route=\/wp\/v2\/users\/1"}],"replies":[{"embeddable":true,"href":"https:\/\/aconteceunovale.com.br\/portal\/index.php?rest_route=%2Fwp%2Fv2%2Fcomments&post=96856"}],"version-history":[{"count":0,"href":"https:\/\/aconteceunovale.com.br\/portal\/index.php?rest_route=\/wp\/v2\/posts\/96856\/revisions"}],"wp:featuredmedia":[{"embeddable":true,"href":"https:\/\/aconteceunovale.com.br\/portal\/index.php?rest_route=\/wp\/v2\/media\/96569"}],"wp:attachment":[{"href":"https:\/\/aconteceunovale.com.br\/portal\/index.php?rest_route=%2Fwp%2Fv2%2Fmedia&parent=96856"}],"wp:term":[{"taxonomy":"category","embeddable":true,"href":"https:\/\/aconteceunovale.com.br\/portal\/index.php?rest_route=%2Fwp%2Fv2%2Fcategories&post=96856"},{"taxonomy":"post_tag","embeddable":true,"href":"https:\/\/aconteceunovale.com.br\/portal\/index.php?rest_route=%2Fwp%2Fv2%2Ftags&post=96856"}],"curies":[{"name":"wp","href":"https:\/\/api.w.org\/{rel}","templated":true}]}}