{"id":96853,"date":"2016-09-12T23:46:15","date_gmt":"2016-09-13T02:46:15","guid":{"rendered":"http:\/\/aconteceunovale.com.br\/portal\/?p=96853"},"modified":"2016-09-12T23:46:15","modified_gmt":"2016-09-13T02:46:15","slug":"veiculo-pega-fogo-em-posto-de-combustiveis-em-mantena","status":"publish","type":"post","link":"https:\/\/aconteceunovale.com.br\/portal\/?p=96853","title":{"rendered":"Ve\u00edculo pega fogo em posto de combust\u00edveis em Mantena"},"content":{"rendered":"<p>Um ve\u00edculo pegou fogo em posto de combust\u00edvel na tarde desta segunda-feira (12\/09\/2016) em Mantena, no Vale do Rio Doce. Segundo a Pol\u00edcia Militar (PM), o motorista ouviu um barulho de explos\u00e3o quando ligou o carro, sendo avisado, em seguida, por uma frentista de que a traseira do ve\u00edculo estava pegando fogo.<\/p>\n<p>O condutor e a esposa deixaram o ve\u00edculo e inicialmente tentaram apagar as chamas com um extintor de inc\u00eandio, mas n\u00e3o tiveram sucesso. Policiais e funcion\u00e1rios de uma empresa de abastecimento de \u00e1gua tamb\u00e9m ajudaram a conter as chamas. O Corpo de Bombeiros de Barra de S\u00e3o Francisco (ES) foi acionado para realizar o rescaldo do ve\u00edculo.<\/p>\n<p>Devido ao calor, parte do teto do posto de combust\u00edvel cedeu e caiu. Em ambas as situa\u00e7\u00f5es ningu\u00e9m ficou ferido.<\/p>\n<p><img decoding=\"async\" src=\"http:\/\/aconteceunovale.com.br\/portal\/wp-content\/uploads\/2016\/09\/fogo_mantena.jpg\" alt=\"\" \/><em>Policiais e testemunhas ajudaram a conter as chamas no ve\u00edculo (Foto: PM\/Divulga\u00e7\u00e3o)<\/em><br \/>\n<\/br><\/p>\n<p><em>(G1 dos Vales)<\/em><\/p>\n","protected":false},"excerpt":{"rendered":"<p>Um ve\u00edculo pegou fogo em posto de combust\u00edvel na tarde desta segunda-feira (12\/09\/2016) em Mantena, no Vale do Rio Doce. Segundo a Pol\u00edcia Militar (PM), o motorista ouviu um barulho de explos\u00e3o quando ligou o carro, sendo avisado, em seguida, por uma frentista de que a traseira do ve\u00edculo estava pegando fogo. O condutor e [&hellip;]<\/p>\n","protected":false},"author":1,"featured_media":96854,"comment_status":"open","ping_status":"closed","sticky":false,"template":"","format":"standard","meta":{"amp_status":"","footnotes":""},"categories":[121],"tags":[115093,115090,115092,115091,1516,115094],"class_list":["post-96853","post","type-post","status-publish","format-standard","has-post-thumbnail","hentry","category-leste","tag-combate-incendio-mantena","tag-incendio-kombi-mantena","tag-incendio-posto-de-combustiveis-mantena","tag-incendio-posto-mantena","tag-mantena","tag-veiculo-pega-fogo-em-posto-de-combustiveis-em-mantena"],"_links":{"self":[{"href":"https:\/\/aconteceunovale.com.br\/portal\/index.php?rest_route=\/wp\/v2\/posts\/96853","targetHints":{"allow":["GET"]}}],"collection":[{"href":"https:\/\/aconteceunovale.com.br\/portal\/index.php?rest_route=\/wp\/v2\/posts"}],"about":[{"href":"https:\/\/aconteceunovale.com.br\/portal\/index.php?rest_route=\/wp\/v2\/types\/post"}],"author":[{"embeddable":true,"href":"https:\/\/aconteceunovale.com.br\/portal\/index.php?rest_route=\/wp\/v2\/users\/1"}],"replies":[{"embeddable":true,"href":"https:\/\/aconteceunovale.com.br\/portal\/index.php?rest_route=%2Fwp%2Fv2%2Fcomments&post=96853"}],"version-history":[{"count":0,"href":"https:\/\/aconteceunovale.com.br\/portal\/index.php?rest_route=\/wp\/v2\/posts\/96853\/revisions"}],"wp:featuredmedia":[{"embeddable":true,"href":"https:\/\/aconteceunovale.com.br\/portal\/index.php?rest_route=\/wp\/v2\/media\/96854"}],"wp:attachment":[{"href":"https:\/\/aconteceunovale.com.br\/portal\/index.php?rest_route=%2Fwp%2Fv2%2Fmedia&parent=96853"}],"wp:term":[{"taxonomy":"category","embeddable":true,"href":"https:\/\/aconteceunovale.com.br\/portal\/index.php?rest_route=%2Fwp%2Fv2%2Fcategories&post=96853"},{"taxonomy":"post_tag","embeddable":true,"href":"https:\/\/aconteceunovale.com.br\/portal\/index.php?rest_route=%2Fwp%2Fv2%2Ftags&post=96853"}],"curies":[{"name":"wp","href":"https:\/\/api.w.org\/{rel}","templated":true}]}}