{"id":96850,"date":"2016-09-12T23:41:32","date_gmt":"2016-09-13T02:41:32","guid":{"rendered":"http:\/\/aconteceunovale.com.br\/portal\/?p=96850"},"modified":"2016-09-12T23:41:32","modified_gmt":"2016-09-13T02:41:32","slug":"motorista-de-caminhao-morre-carbonizado-apos-acidente-na-br-418-no-vale-do-mucuri","status":"publish","type":"post","link":"https:\/\/aconteceunovale.com.br\/portal\/?p=96850","title":{"rendered":"Motorista de caminh\u00e3o morre carbonizado ap\u00f3s acidente na BR-418, no Vale do Mucuri"},"content":{"rendered":"<p>Um homem de 43 anos morreu nesta segunda-feira (12) em um acidente na altura do quil\u00f4metro 127 da BR-418, munic\u00edpio de Te\u00f3filo Otoni, no Vale do Mucuri. Segundo a Pol\u00edcia Rodovi\u00e1ria Estadual (PRE), o ve\u00edculo Ford Cargo 2422 E, com placa DJF-2805 de S\u00e3o Paulo (SP), seguia sentido a Carlos Chagas quando, provavelmente, o motorista perdeu o controle, atravessou a pista e caiu em uma ribanceira de aproximadamente 50 metros.<\/p>\n<p>A PRE foi acionada no fim da manh\u00e3, mas uma testemunha contou aos policiais que o acidente ocorreu durante a madrugada. Logo ap\u00f3s a queda, o ve\u00edculo se incendiou. O motorista morreu carbonizado.<\/p>\n<p>A per\u00edcia da Pol\u00edcia Civil esteve no local analisando as circunst\u00e2ncias do acidente. O corpo do caminhoneiro foi removido ao Instituto M\u00e9dico Legal (IML) em Te\u00f3filo Otoni. Toda a carga foi destru\u00edda pelo fogo. (G1)<\/p>\n","protected":false},"excerpt":{"rendered":"<p>Um homem de 43 anos morreu nesta segunda-feira (12) em um acidente na altura do quil\u00f4metro 127 da BR-418, munic\u00edpio de Te\u00f3filo Otoni, no Vale do Mucuri. Segundo a Pol\u00edcia Rodovi\u00e1ria Estadual (PRE), o ve\u00edculo Ford Cargo 2422 E, com placa DJF-2805 de S\u00e3o Paulo (SP), seguia sentido a Carlos Chagas quando, provavelmente, o motorista [&hellip;]<\/p>\n","protected":false},"author":1,"featured_media":96851,"comment_status":"open","ping_status":"closed","sticky":false,"template":"","format":"standard","meta":{"amp_status":"","footnotes":""},"categories":[122],"tags":[115085,115089,115086,38542,40588,115084,115087,115088,2382,164],"class_list":["post-96850","post","type-post","status-publish","format-standard","has-post-thumbnail","hentry","category-mucuri","tag-acidente-br-418","tag-acidente-com-caminhao-de-sao-paulo","tag-acidente-com-caminhao-na-br-418","tag-acidente-em-ataleia","tag-acidente-na-br-418-em-teofilo-otoni","tag-marcelo-soares-de-almeida","tag-motorista-de-caminhao-morre-carbonizado-apos-acidente-na-br-418","tag-motorista-de-caminhao-morre-carbonizado-apos-acidente-na-br-418-em-teofilo-otoni","tag-sao-paulo","tag-teofilo-otoni"],"_links":{"self":[{"href":"https:\/\/aconteceunovale.com.br\/portal\/index.php?rest_route=\/wp\/v2\/posts\/96850","targetHints":{"allow":["GET"]}}],"collection":[{"href":"https:\/\/aconteceunovale.com.br\/portal\/index.php?rest_route=\/wp\/v2\/posts"}],"about":[{"href":"https:\/\/aconteceunovale.com.br\/portal\/index.php?rest_route=\/wp\/v2\/types\/post"}],"author":[{"embeddable":true,"href":"https:\/\/aconteceunovale.com.br\/portal\/index.php?rest_route=\/wp\/v2\/users\/1"}],"replies":[{"embeddable":true,"href":"https:\/\/aconteceunovale.com.br\/portal\/index.php?rest_route=%2Fwp%2Fv2%2Fcomments&post=96850"}],"version-history":[{"count":0,"href":"https:\/\/aconteceunovale.com.br\/portal\/index.php?rest_route=\/wp\/v2\/posts\/96850\/revisions"}],"wp:featuredmedia":[{"embeddable":true,"href":"https:\/\/aconteceunovale.com.br\/portal\/index.php?rest_route=\/wp\/v2\/media\/96851"}],"wp:attachment":[{"href":"https:\/\/aconteceunovale.com.br\/portal\/index.php?rest_route=%2Fwp%2Fv2%2Fmedia&parent=96850"}],"wp:term":[{"taxonomy":"category","embeddable":true,"href":"https:\/\/aconteceunovale.com.br\/portal\/index.php?rest_route=%2Fwp%2Fv2%2Fcategories&post=96850"},{"taxonomy":"post_tag","embeddable":true,"href":"https:\/\/aconteceunovale.com.br\/portal\/index.php?rest_route=%2Fwp%2Fv2%2Ftags&post=96850"}],"curies":[{"name":"wp","href":"https:\/\/api.w.org\/{rel}","templated":true}]}}