{"id":96841,"date":"2016-09-12T22:56:18","date_gmt":"2016-09-13T01:56:18","guid":{"rendered":"http:\/\/aconteceunovale.com.br\/portal\/?p=96841"},"modified":"2016-09-12T22:56:18","modified_gmt":"2016-09-13T01:56:18","slug":"policial-militar-da-soco-na-boca-de-medica-apos-assedia-la-durante-show-em-minas","status":"publish","type":"post","link":"https:\/\/aconteceunovale.com.br\/portal\/?p=96841","title":{"rendered":"Policial militar d\u00e1 soco na boca de m\u00e9dica ap\u00f3s assedi\u00e1-la durante show em Minas"},"content":{"rendered":"<p>Uma m\u00e9dica de 28 anos denuncia ter sido agredida por um tenente da Pol\u00edcia Militar (PM) com um soco na boca, na noite do \u00faltimo s\u00e1bado (10\/09\/2016), ap\u00f3s ter jogado um copo de suco em seu rosto ao reagir por ter sido agarrada e assediada sexualmente por ele em um dos camarotes do festival sertanejo Festeja, no Mega Space, em Santa Luzia, na regi\u00e3o metropolitana da capital.<\/p>\n<p>A mulher, que vive em Belo Horizonte e foi ao show acompanhada do marido e de um amigo, conta que estava no camarote &#8220;principal&#8221; quando, por volta das 23h, o seu companheiro saiu para comprar algo para eles comerem. &#8220;Estava com meu amigo quando esse homem chegou, do nada, e me agarrou. Ele me assediou, senti passando a m\u00e3o de baixo do meu short e minha rea\u00e7\u00e3o foi jogar o suco. S\u00f3 que ele revidou me dando um soco na cara&#8221;, denuncia.<\/p>\n<p>De acordo com ela, sua boca come\u00e7ou a sangrar imediatamente e a pancada a deixou tonta. Quando o amigo que estava com ela reagiu e partiu para cima do agressor, o homem sacou sua arma e teria tentado fugir correndo, sendo contido pelos presentes na festa. &#8220;S\u00f3 j\u00e1 do lado de fora, conduzidos pelos seguran\u00e7as que acionaram a PM, descobrimos que ele era um tenente de 29 anos, lotado em Sete Lagoas&#8221;, continua a m\u00e9dica.<\/p>\n<p>Entretanto, ainda de acordo com a den\u00fancia da v\u00edtima, os problemas continuaram mesmo ap\u00f3s uma viatura do batalh\u00e3o de Rondas Ostensivas T\u00e1ticas Metropolitanas (Rotam) que atuava no evento ser acionada para registrar a agress\u00e3o. &#8220;Ele ficou solto o tempo inteiro, brincando, rindo com os policiais que vieram nos atender. Um tenente, inclusive, falou diversas vezes para ele ficar tranquilo, que n\u00e3o precisava se preocupar, como se n\u00e3o fosse dar em nada para ele&#8221;, lembra.<\/p>\n<p>Revoltados com o que viam, a mulher, seu marido e o amigo teriam tirado satisfa\u00e7\u00e3o, questionando se nada seria feito, sendo que eles se exaltaram e acabaram algemados e detidos por desacato. Ainda de acordo com a m\u00e9dica, os militares chegaram a agredir o seu amigo com o cassetete e ele precisou ser levado para a Unidade de Pronto-Atendimento (UPA) S\u00e3o Benedito.<\/p>\n<p>&#8220;Na delegacia os policiais civis me receberam muito bem, fizeram o Boletim de Ocorr\u00eancia da agress\u00e3o e, nesta ter\u00e7a-feira (13), farei o exame de corpo delito. O problema \u00e9 que o tenente foi embora da delegacia antes da gente, por conta da ocorr\u00eancia de desacato&#8221;, conta a m\u00e9dica. Ainda conforme a denunciante, uma audi\u00eancia na Justi\u00e7a sobre a agress\u00e3o est\u00e1 marcada para o pr\u00f3ximo dia 10 de outubro. &#8220;Minha boca ainda est\u00e1 muito inchada, mas o pior \u00e9 essa sensa\u00e7\u00e3o de que ele pode sair impune ap\u00f3s bater em uma mulher&#8221;, finalizou.<\/p>\n<p><img decoding=\"async\" src=\"http:\/\/aconteceunovale.com.br\/portal\/wp-content\/uploads\/2016\/09\/medica_agredida_pm.jpg\" alt=\"\" \/><em>M\u00e9dica sofreu corte no l\u00e1bio superior com o soco desferido pelo PM (Foto: Arquivo pessoal)<\/em><br \/>\n<\/br><\/p>\n<p><strong>Militar responder\u00e1 na Justi\u00e7a comum<\/strong><\/p>\n<p>De acordo com o comandante do 25\u00ba Batalh\u00e3o da PM, que atende a Sete Lagoas, tenente-coronel Ant\u00f4nio Librelon de Oliveira, como o fato ocorreu em um momento em que o militar n\u00e3o estava em servi\u00e7o, ele foi registrado como crime comum, e o policial envolvido responder\u00e1 na Justi\u00e7a.<\/p>\n<p>Questionado se uma agress\u00e3o contra uma mulher n\u00e3o deveria ser punida administrativamente, mesmo tendo ocorrido no per\u00edodo de folga do agente, o militar disse aguardar um relat\u00f3rio do 36\u00ba Batalh\u00e3o, de Santa Luzia. &#8220;Como eles que registraram o ocorrido, estamos aguardando o relat\u00f3rio para vermos se tem alguma outra transgress\u00e3o a ser punida pela corpora\u00e7\u00e3o&#8221;, alegou o comandante.<\/p>\n<p>Al\u00e9m disso, a assessoria de imprensa da PM tamb\u00e9m foi procurada para tratar sobre a den\u00fancia de que os policiais que atenderam a ocorr\u00eancia teriam &#8220;beneficiado&#8221; o colega, por\u00e9m, devido ao hor\u00e1rio, informaram que s\u00f3 poderiam se posicionar a partir desta ter\u00e7a-feira (13).<\/p>\n<p><em>(Fonte: O Tempo\/Jos\u00e9 Vitor Camilo)<\/em><\/p>\n","protected":false},"excerpt":{"rendered":"<p>Uma m\u00e9dica de 28 anos denuncia ter sido agredida por um tenente da Pol\u00edcia Militar (PM) com um soco na boca, na noite do \u00faltimo s\u00e1bado (10\/09\/2016), ap\u00f3s ter jogado um copo de suco em seu rosto ao reagir por ter sido agarrada e assediada sexualmente por ele em um dos camarotes do festival sertanejo [&hellip;]<\/p>\n","protected":false},"author":1,"featured_media":96842,"comment_status":"open","ping_status":"closed","sticky":false,"template":"","format":"standard","meta":{"amp_status":"","footnotes":""},"categories":[123],"tags":[115075,115076,115067,115070,115068,115071,115073,115072,115074,115066,115069,115078,115079,115077,1498,1532],"class_list":["post-96841","post","type-post","status-publish","format-standard","has-post-thumbnail","hentry","category-gerais","tag-25o-batalhao-da-pm","tag-36o-batalhao","tag-agredida-no-festeja","tag-agredida-no-festeja-santa-luzia","tag-agredida-por-militar-no-festeja","tag-agredida-por-militar-no-festeja-santa-luzia","tag-agredida-por-pm-no-festeja","tag-agredida-por-pm-no-festeja-santa-luzia","tag-antonio-librelon-de-oliveira","tag-festeja","tag-festeja-santa-luzia","tag-medica-agredida-no-festeja","tag-medica-agredida-por-pm-no-festeja","tag-policial-militar-da-soco-na-boca-de-medica-apos-assedia-la-durante-show-em-minas","tag-santa-luzia","tag-sete-lagoas"],"_links":{"self":[{"href":"https:\/\/aconteceunovale.com.br\/portal\/index.php?rest_route=\/wp\/v2\/posts\/96841","targetHints":{"allow":["GET"]}}],"collection":[{"href":"https:\/\/aconteceunovale.com.br\/portal\/index.php?rest_route=\/wp\/v2\/posts"}],"about":[{"href":"https:\/\/aconteceunovale.com.br\/portal\/index.php?rest_route=\/wp\/v2\/types\/post"}],"author":[{"embeddable":true,"href":"https:\/\/aconteceunovale.com.br\/portal\/index.php?rest_route=\/wp\/v2\/users\/1"}],"replies":[{"embeddable":true,"href":"https:\/\/aconteceunovale.com.br\/portal\/index.php?rest_route=%2Fwp%2Fv2%2Fcomments&post=96841"}],"version-history":[{"count":0,"href":"https:\/\/aconteceunovale.com.br\/portal\/index.php?rest_route=\/wp\/v2\/posts\/96841\/revisions"}],"wp:featuredmedia":[{"embeddable":true,"href":"https:\/\/aconteceunovale.com.br\/portal\/index.php?rest_route=\/wp\/v2\/media\/96842"}],"wp:attachment":[{"href":"https:\/\/aconteceunovale.com.br\/portal\/index.php?rest_route=%2Fwp%2Fv2%2Fmedia&parent=96841"}],"wp:term":[{"taxonomy":"category","embeddable":true,"href":"https:\/\/aconteceunovale.com.br\/portal\/index.php?rest_route=%2Fwp%2Fv2%2Fcategories&post=96841"},{"taxonomy":"post_tag","embeddable":true,"href":"https:\/\/aconteceunovale.com.br\/portal\/index.php?rest_route=%2Fwp%2Fv2%2Ftags&post=96841"}],"curies":[{"name":"wp","href":"https:\/\/api.w.org\/{rel}","templated":true}]}}