{"id":96791,"date":"2016-09-12T15:03:42","date_gmt":"2016-09-12T18:03:42","guid":{"rendered":"http:\/\/aconteceunovale.com.br\/portal\/?p=96791"},"modified":"2026-09-02T12:51:37","modified_gmt":"2026-09-02T15:51:37","slug":"diamantina-sedia-o-iii-startup-talks","status":"publish","type":"post","link":"https:\/\/aconteceunovale.com.br\/portal\/?p=96791","title":{"rendered":"Diamantina sedia o III Startup Talks"},"content":{"rendered":"<p>O Sebrae Minas realizar\u00e1 o III Startup Talks, em Diamantina, dia 13 de setembro, \u00e0s 19h30. O evento, que acontece no audit\u00f3rio do Centro Administrativo da Prefeitura, faz parte de um amplo projeto para desenvolvimento de ecossistemas de inova\u00e7\u00e3o e fomento a startups. O tema desta edi\u00e7\u00e3o \u00e9 direcionado \u00e0 \u00e1rea do Direito. R\u00f4mulo Lima, advogado e fundador do aplicativo \u201cAdvogar\u201d &#8211; aplicativo que auxilia profissionais do Direito com publica\u00e7\u00f5es jur\u00eddicas oriundas dos tribunais de justi\u00e7a com agilidade e seguran\u00e7a &#8211; ser\u00e1 o palestrante<\/p>\n<p>As inscri\u00e7\u00f5es s\u00e3o gratuitas e podem ser feitas pelo site <a href=\"https:\/\/www.sympla.com.br\/startup-talks__86864\" target=\"_blank\">https:\/\/www.sympla.com.br\/startup-talks__86864<\/a>.<\/p>\n<p>O objetivo \u00e9 estimular o empreendedorismo por meio de um bate-papo com empreendedores j\u00e1 estabelecidos no mercado. Eles v\u00e3o contar suas experi\u00eancias e os desafios que enfrentaram para conseguir superar obst\u00e1culos, buscando inspirar outros potenciais empreendedores. Os p\u00fablicos-alvo s\u00e3o estudantes universit\u00e1rios, empres\u00e1rios e quaisquer outros interessados.<\/p>\n<p>SERVI\u00c7O:<\/p>\n<p>III Startup Talks <\/p>\n<p>Data: 13 de setembro <\/p>\n<p>Hor\u00e1rio: 19h<\/p>\n<p>Local: Centro Administrativo da Prefeitura de Diamantina &#8211;  Rua da Gl\u00f3ria, 394 \u2013 Centro<\/p>\n<p>Palestrante: R\u00f4mulo Lima<\/p>\n","protected":false},"excerpt":{"rendered":"<p>O Sebrae Minas realizar\u00e1 o III Startup Talks, em Diamantina, dia 13 de setembro, \u00e0s 19h30. O evento, que acontece no audit\u00f3rio do Centro Administrativo da Prefeitura, faz parte de um amplo projeto para desenvolvimento de ecossistemas de inova\u00e7\u00e3o e fomento a startups. O tema desta edi\u00e7\u00e3o \u00e9 direcionado \u00e0 \u00e1rea do Direito. R\u00f4mulo Lima, [&hellip;]<\/p>\n","protected":false},"author":1,"featured_media":96792,"comment_status":"open","ping_status":"closed","sticky":false,"template":"","format":"standard","meta":{"amp_status":"","footnotes":""},"categories":[272543,125,120],"tags":[198,114965,114962,114963,114964],"class_list":["post-96791","post","type-post","status-publish","format-standard","has-post-thumbnail","hentry","category-diamantina","category-noticias","category-jequi","tag-diamantina","tag-diamantina-sedia-o-iii-startup-talks","tag-iii-startup-talks","tag-iii-startup-talks-em-diamantina","tag-startup-talks"],"yoast_head":"<!-- This site is optimized with the Yoast SEO plugin v28.3 - https:\/\/yoast.com\/product\/yoast-seo-wordpress\/ -->\n<title>Diamantina sedia o III Startup Talks - Aconteceu no Vale<\/title>\n<meta name=\"robots\" content=\"index, follow, max-snippet:-1, max-image-preview:large, max-video-preview:-1\" \/>\n<link rel=\"canonical\" href=\"https:\/\/aconteceunovale.com.br\/portal\/?p=96791\" \/>\n<meta property=\"og:locale\" content=\"pt_BR\" \/>\n<meta property=\"og:type\" content=\"article\" \/>\n<meta property=\"og:title\" content=\"Diamantina sedia o III Startup Talks - Aconteceu no Vale\" \/>\n<meta property=\"og:description\" content=\"O Sebrae Minas realizar\u00e1 o III Startup Talks, em Diamantina, dia 13 de setembro, \u00e0s 19h30. O evento, que acontece no audit\u00f3rio do Centro Administrativo da Prefeitura, faz parte de um amplo projeto para desenvolvimento de ecossistemas de inova\u00e7\u00e3o e fomento a startups. O tema desta edi\u00e7\u00e3o \u00e9 direcionado \u00e0 \u00e1rea do Direito. R\u00f4mulo Lima, [&hellip;]\" \/>\n<meta property=\"og:url\" content=\"https:\/\/aconteceunovale.com.br\/portal\/?p=96791\" \/>\n<meta property=\"og:site_name\" content=\"Aconteceu no Vale\" \/>\n<meta property=\"article:publisher\" content=\"https:\/\/www.facebook.com\/aconteceunovale\/\" \/>\n<meta property=\"article:published_time\" content=\"2016-09-12T18:03:42+00:00\" \/>\n<meta property=\"article:modified_time\" content=\"2026-09-02T15:51:37+00:00\" \/>\n<meta property=\"og:image\" content=\"https:\/\/aconteceunovale.com.br\/portal\/wp-content\/uploads\/2016\/09\/startup_talks_dtna.jpg\" \/>\n\t<meta property=\"og:image:width\" content=\"609\" \/>\n\t<meta property=\"og:image:height\" content=\"366\" \/>\n\t<meta property=\"og:image:type\" content=\"image\/jpeg\" \/>\n<meta name=\"author\" content=\"Aconteceu no Vale\" \/>\n<meta name=\"twitter:card\" content=\"summary_large_image\" \/>\n<meta name=\"twitter:creator\" content=\"@noticiadosvales\" \/>\n<meta name=\"twitter:site\" content=\"@noticiadosvales\" \/>\n<meta name=\"twitter:label1\" content=\"Escrito por\" \/>\n\t<meta name=\"twitter:data1\" content=\"Aconteceu no Vale\" \/>\n\t<meta name=\"twitter:label2\" content=\"Est. tempo de leitura\" \/>\n\t<meta name=\"twitter:data2\" content=\"1 minuto\" \/>\n<script type=\"application\/ld+json\" class=\"yoast-schema-graph\">{\"@context\":\"https:\\\/\\\/schema.org\",\"@graph\":[{\"@type\":\"Article\",\"@id\":\"https:\\\/\\\/aconteceunovale.com.br\\\/portal\\\/?p=96791#article\",\"isPartOf\":{\"@id\":\"https:\\\/\\\/aconteceunovale.com.br\\\/portal\\\/?p=96791\"},\"author\":{\"name\":\"Aconteceu no Vale\",\"@id\":\"https:\\\/\\\/aconteceunovale.com.br\\\/portal\\\/#\\\/schema\\\/person\\\/633529146f2c94272bef50ac2953d589\"},\"headline\":\"Diamantina sedia o III Startup Talks\",\"datePublished\":\"2016-09-12T18:03:42+00:00\",\"dateModified\":\"2026-09-02T15:51:37+00:00\",\"mainEntityOfPage\":{\"@id\":\"https:\\\/\\\/aconteceunovale.com.br\\\/portal\\\/?p=96791\"},\"wordCount\":193,\"commentCount\":0,\"image\":{\"@id\":\"https:\\\/\\\/aconteceunovale.com.br\\\/portal\\\/?p=96791#primaryimage\"},\"thumbnailUrl\":\"https:\\\/\\\/aconteceunovale.com.br\\\/portal\\\/wp-content\\\/uploads\\\/2016\\\/09\\\/startup_talks_dtna.jpg\",\"keywords\":[\"Diamantina\",\"Diamantina sedia o III Startup Talks\",\"III Startup Talks\",\"III Startup Talks em Diamantina\",\"Startup Talks\"],\"articleSection\":[\"Diamantina\",\"Eventos\",\"Vale do Jequitinhonha\"],\"inLanguage\":\"pt-BR\",\"potentialAction\":[{\"@type\":\"CommentAction\",\"name\":\"Comment\",\"target\":[\"https:\\\/\\\/aconteceunovale.com.br\\\/portal\\\/?p=96791#respond\"]}]},{\"@type\":\"WebPage\",\"@id\":\"https:\\\/\\\/aconteceunovale.com.br\\\/portal\\\/?p=96791\",\"url\":\"https:\\\/\\\/aconteceunovale.com.br\\\/portal\\\/?p=96791\",\"name\":\"Diamantina sedia o III Startup Talks - Aconteceu no Vale\",\"isPartOf\":{\"@id\":\"https:\\\/\\\/aconteceunovale.com.br\\\/portal\\\/#website\"},\"primaryImageOfPage\":{\"@id\":\"https:\\\/\\\/aconteceunovale.com.br\\\/portal\\\/?p=96791#primaryimage\"},\"image\":{\"@id\":\"https:\\\/\\\/aconteceunovale.com.br\\\/portal\\\/?p=96791#primaryimage\"},\"thumbnailUrl\":\"https:\\\/\\\/aconteceunovale.com.br\\\/portal\\\/wp-content\\\/uploads\\\/2016\\\/09\\\/startup_talks_dtna.jpg\",\"datePublished\":\"2016-09-12T18:03:42+00:00\",\"dateModified\":\"2026-09-02T15:51:37+00:00\",\"author\":{\"@id\":\"https:\\\/\\\/aconteceunovale.com.br\\\/portal\\\/#\\\/schema\\\/person\\\/633529146f2c94272bef50ac2953d589\"},\"breadcrumb\":{\"@id\":\"https:\\\/\\\/aconteceunovale.com.br\\\/portal\\\/?p=96791#breadcrumb\"},\"inLanguage\":\"pt-BR\",\"potentialAction\":[{\"@type\":\"ReadAction\",\"target\":[\"https:\\\/\\\/aconteceunovale.com.br\\\/portal\\\/?p=96791\"]}]},{\"@type\":\"ImageObject\",\"inLanguage\":\"pt-BR\",\"@id\":\"https:\\\/\\\/aconteceunovale.com.br\\\/portal\\\/?p=96791#primaryimage\",\"url\":\"https:\\\/\\\/aconteceunovale.com.br\\\/portal\\\/wp-content\\\/uploads\\\/2016\\\/09\\\/startup_talks_dtna.jpg\",\"contentUrl\":\"https:\\\/\\\/aconteceunovale.com.br\\\/portal\\\/wp-content\\\/uploads\\\/2016\\\/09\\\/startup_talks_dtna.jpg\",\"width\":609,\"height\":366},{\"@type\":\"BreadcrumbList\",\"@id\":\"https:\\\/\\\/aconteceunovale.com.br\\\/portal\\\/?p=96791#breadcrumb\",\"itemListElement\":[{\"@type\":\"ListItem\",\"position\":1,\"name\":\"In\u00edcio\",\"item\":\"https:\\\/\\\/aconteceunovale.com.br\\\/portal\\\/\"},{\"@type\":\"ListItem\",\"position\":2,\"name\":\"Diamantina sedia o III Startup Talks\"}]},{\"@type\":\"WebSite\",\"@id\":\"https:\\\/\\\/aconteceunovale.com.br\\\/portal\\\/#website\",\"url\":\"https:\\\/\\\/aconteceunovale.com.br\\\/portal\\\/\",\"name\":\"Aconteceu no Vale\",\"description\":\"Portal de Not\u00edcias\",\"potentialAction\":[{\"@type\":\"SearchAction\",\"target\":{\"@type\":\"EntryPoint\",\"urlTemplate\":\"https:\\\/\\\/aconteceunovale.com.br\\\/portal\\\/?s={search_term_string}\"},\"query-input\":{\"@type\":\"PropertyValueSpecification\",\"valueRequired\":true,\"valueName\":\"search_term_string\"}}],\"inLanguage\":\"pt-BR\"},{\"@type\":\"Person\",\"@id\":\"https:\\\/\\\/aconteceunovale.com.br\\\/portal\\\/#\\\/schema\\\/person\\\/633529146f2c94272bef50ac2953d589\",\"name\":\"Aconteceu no Vale\",\"description\":\"Equipe de reportagem do Aconteceu no Vale, portal de not\u00edcias do Vale do Jequitinhonha, em Minas Gerais. Cobrimos as 51 cidades do Vale desde 2013. Sugest\u00f5es de pauta e pedidos de corre\u00e7\u00e3o: contato@aconteceunovale.com.br\",\"sameAs\":[\"http:\\\/\\\/www.aconteceunovale.com.br\"],\"url\":\"https:\\\/\\\/aconteceunovale.com.br\\\/portal\\\/?author=1\"}]}<\/script>\n<!-- \/ Yoast SEO plugin. -->","yoast_head_json":{"title":"Diamantina sedia o III Startup Talks - Aconteceu no Vale","robots":{"index":"index","follow":"follow","max-snippet":"max-snippet:-1","max-image-preview":"max-image-preview:large","max-video-preview":"max-video-preview:-1"},"canonical":"https:\/\/aconteceunovale.com.br\/portal\/?p=96791","og_locale":"pt_BR","og_type":"article","og_title":"Diamantina sedia o III Startup Talks - Aconteceu no Vale","og_description":"O Sebrae Minas realizar\u00e1 o III Startup Talks, em Diamantina, dia 13 de setembro, \u00e0s 19h30. O evento, que acontece no audit\u00f3rio do Centro Administrativo da Prefeitura, faz parte de um amplo projeto para desenvolvimento de ecossistemas de inova\u00e7\u00e3o e fomento a startups. O tema desta edi\u00e7\u00e3o \u00e9 direcionado \u00e0 \u00e1rea do Direito. R\u00f4mulo Lima, [&hellip;]","og_url":"https:\/\/aconteceunovale.com.br\/portal\/?p=96791","og_site_name":"Aconteceu no Vale","article_publisher":"https:\/\/www.facebook.com\/aconteceunovale\/","article_published_time":"2016-09-12T18:03:42+00:00","article_modified_time":"2026-09-02T15:51:37+00:00","og_image":[{"width":609,"height":366,"url":"https:\/\/aconteceunovale.com.br\/portal\/wp-content\/uploads\/2016\/09\/startup_talks_dtna.jpg","type":"image\/jpeg"}],"author":"Aconteceu no Vale","twitter_card":"summary_large_image","twitter_creator":"@noticiadosvales","twitter_site":"@noticiadosvales","twitter_misc":{"Escrito por":"Aconteceu no Vale","Est. tempo de leitura":"1 minuto"},"schema":{"@context":"https:\/\/schema.org","@graph":[{"@type":"Article","@id":"https:\/\/aconteceunovale.com.br\/portal\/?p=96791#article","isPartOf":{"@id":"https:\/\/aconteceunovale.com.br\/portal\/?p=96791"},"author":{"name":"Aconteceu no Vale","@id":"https:\/\/aconteceunovale.com.br\/portal\/#\/schema\/person\/633529146f2c94272bef50ac2953d589"},"headline":"Diamantina sedia o III Startup Talks","datePublished":"2016-09-12T18:03:42+00:00","dateModified":"2026-09-02T15:51:37+00:00","mainEntityOfPage":{"@id":"https:\/\/aconteceunovale.com.br\/portal\/?p=96791"},"wordCount":193,"commentCount":0,"image":{"@id":"https:\/\/aconteceunovale.com.br\/portal\/?p=96791#primaryimage"},"thumbnailUrl":"https:\/\/aconteceunovale.com.br\/portal\/wp-content\/uploads\/2016\/09\/startup_talks_dtna.jpg","keywords":["Diamantina","Diamantina sedia o III Startup Talks","III Startup Talks","III Startup Talks em Diamantina","Startup Talks"],"articleSection":["Diamantina","Eventos","Vale do Jequitinhonha"],"inLanguage":"pt-BR","potentialAction":[{"@type":"CommentAction","name":"Comment","target":["https:\/\/aconteceunovale.com.br\/portal\/?p=96791#respond"]}]},{"@type":"WebPage","@id":"https:\/\/aconteceunovale.com.br\/portal\/?p=96791","url":"https:\/\/aconteceunovale.com.br\/portal\/?p=96791","name":"Diamantina sedia o III Startup Talks - Aconteceu no Vale","isPartOf":{"@id":"https:\/\/aconteceunovale.com.br\/portal\/#website"},"primaryImageOfPage":{"@id":"https:\/\/aconteceunovale.com.br\/portal\/?p=96791#primaryimage"},"image":{"@id":"https:\/\/aconteceunovale.com.br\/portal\/?p=96791#primaryimage"},"thumbnailUrl":"https:\/\/aconteceunovale.com.br\/portal\/wp-content\/uploads\/2016\/09\/startup_talks_dtna.jpg","datePublished":"2016-09-12T18:03:42+00:00","dateModified":"2026-09-02T15:51:37+00:00","author":{"@id":"https:\/\/aconteceunovale.com.br\/portal\/#\/schema\/person\/633529146f2c94272bef50ac2953d589"},"breadcrumb":{"@id":"https:\/\/aconteceunovale.com.br\/portal\/?p=96791#breadcrumb"},"inLanguage":"pt-BR","potentialAction":[{"@type":"ReadAction","target":["https:\/\/aconteceunovale.com.br\/portal\/?p=96791"]}]},{"@type":"ImageObject","inLanguage":"pt-BR","@id":"https:\/\/aconteceunovale.com.br\/portal\/?p=96791#primaryimage","url":"https:\/\/aconteceunovale.com.br\/portal\/wp-content\/uploads\/2016\/09\/startup_talks_dtna.jpg","contentUrl":"https:\/\/aconteceunovale.com.br\/portal\/wp-content\/uploads\/2016\/09\/startup_talks_dtna.jpg","width":609,"height":366},{"@type":"BreadcrumbList","@id":"https:\/\/aconteceunovale.com.br\/portal\/?p=96791#breadcrumb","itemListElement":[{"@type":"ListItem","position":1,"name":"In\u00edcio","item":"https:\/\/aconteceunovale.com.br\/portal\/"},{"@type":"ListItem","position":2,"name":"Diamantina sedia o III Startup Talks"}]},{"@type":"WebSite","@id":"https:\/\/aconteceunovale.com.br\/portal\/#website","url":"https:\/\/aconteceunovale.com.br\/portal\/","name":"Aconteceu no Vale","description":"Portal de Not\u00edcias","potentialAction":[{"@type":"SearchAction","target":{"@type":"EntryPoint","urlTemplate":"https:\/\/aconteceunovale.com.br\/portal\/?s={search_term_string}"},"query-input":{"@type":"PropertyValueSpecification","valueRequired":true,"valueName":"search_term_string"}}],"inLanguage":"pt-BR"},{"@type":"Person","@id":"https:\/\/aconteceunovale.com.br\/portal\/#\/schema\/person\/633529146f2c94272bef50ac2953d589","name":"Aconteceu no Vale","description":"Equipe de reportagem do Aconteceu no Vale, portal de not\u00edcias do Vale do Jequitinhonha, em Minas Gerais. Cobrimos as 51 cidades do Vale desde 2013. Sugest\u00f5es de pauta e pedidos de corre\u00e7\u00e3o: contato@aconteceunovale.com.br","sameAs":["http:\/\/www.aconteceunovale.com.br"],"url":"https:\/\/aconteceunovale.com.br\/portal\/?author=1"}]}},"_links":{"self":[{"href":"https:\/\/aconteceunovale.com.br\/portal\/index.php?rest_route=\/wp\/v2\/posts\/96791","targetHints":{"allow":["GET"]}}],"collection":[{"href":"https:\/\/aconteceunovale.com.br\/portal\/index.php?rest_route=\/wp\/v2\/posts"}],"about":[{"href":"https:\/\/aconteceunovale.com.br\/portal\/index.php?rest_route=\/wp\/v2\/types\/post"}],"author":[{"embeddable":true,"href":"https:\/\/aconteceunovale.com.br\/portal\/index.php?rest_route=\/wp\/v2\/users\/1"}],"replies":[{"embeddable":true,"href":"https:\/\/aconteceunovale.com.br\/portal\/index.php?rest_route=%2Fwp%2Fv2%2Fcomments&post=96791"}],"version-history":[{"count":1,"href":"https:\/\/aconteceunovale.com.br\/portal\/index.php?rest_route=\/wp\/v2\/posts\/96791\/revisions"}],"predecessor-version":[{"id":200396,"href":"https:\/\/aconteceunovale.com.br\/portal\/index.php?rest_route=\/wp\/v2\/posts\/96791\/revisions\/200396"}],"wp:featuredmedia":[{"embeddable":true,"href":"https:\/\/aconteceunovale.com.br\/portal\/index.php?rest_route=\/wp\/v2\/media\/96792"}],"wp:attachment":[{"href":"https:\/\/aconteceunovale.com.br\/portal\/index.php?rest_route=%2Fwp%2Fv2%2Fmedia&parent=96791"}],"wp:term":[{"taxonomy":"category","embeddable":true,"href":"https:\/\/aconteceunovale.com.br\/portal\/index.php?rest_route=%2Fwp%2Fv2%2Fcategories&post=96791"},{"taxonomy":"post_tag","embeddable":true,"href":"https:\/\/aconteceunovale.com.br\/portal\/index.php?rest_route=%2Fwp%2Fv2%2Ftags&post=96791"}],"curies":[{"name":"wp","href":"https:\/\/api.w.org\/{rel}","templated":true}]}}