{"id":96785,"date":"2016-09-12T14:39:11","date_gmt":"2016-09-12T17:39:11","guid":{"rendered":"http:\/\/aconteceunovale.com.br\/portal\/?p=96785"},"modified":"2016-09-12T14:39:11","modified_gmt":"2016-09-12T17:39:11","slug":"ex-prefeito-alvo-de-operacao-da-pf-em-januaria-responde-a-dezenas-de-acoes-penais","status":"publish","type":"post","link":"https:\/\/aconteceunovale.com.br\/portal\/?p=96785","title":{"rendered":"Ex-prefeito alvo de opera\u00e7\u00e3o da PF em Janu\u00e1ria responde a dezenas de a\u00e7\u00f5es penais"},"content":{"rendered":"<p>O ex-prefeito de Janu\u00e1ria, Maur\u00edlio Arruda, alvo de um dos cinco mandados de pris\u00e3o da opera\u00e7\u00e3o Rua da Amargura, que investiga a aplica\u00e7\u00e3o de mais de R$ 1 milh\u00e3o em obras de pavimenta\u00e7\u00e3o e drenagem de ruas, responde a 20 a\u00e7\u00f5es penais na Justi\u00e7a. A maioria delas, segundo a Pol\u00edcia Federal, por desvio de recursos p\u00fablicos e fraude em licita\u00e7\u00e3o.<\/p>\n<p>\u201cEle responde a mais de duas dezenas de a\u00e7\u00f5es penais, tanto na Vara Criminal de Janu\u00e1ria como na Vara Federal de Montes Claros. Sua gest\u00e3o foi finalizada em 2012 e marcada por diversos fatos de corrup\u00e7\u00e3o, inclusive ele foi preso na opera\u00e7\u00e3o Sert\u00e3o Veredas em 2013\u201d, explica o delegado Thiago Amorim.<\/p>\n<p>Nenhum representante de Maur\u00edlio Arruda foi encontrado para comentar a pris\u00e3o. Segundo o Tribunal Superior Eleitoral, ele \u00e9 candidato \u00e0 Prefeitura de Janu\u00e1ria pelo Partido Trabalhista Crist\u00e3o (PTC).<\/p>\n<p>A opera\u00e7\u00e3o foi realizada pela PF e Minist\u00e9rio P\u00fablico de Minas Gerais nesta segunda-feira (12). Inicialmente foram presos tr\u00eas ex-servidores da Prefeitura. Um ex-secret\u00e1rio e o ex-prefeito chegaram a ser considerados foragidos. Maur\u00edlio Arruda, que n\u00e3o havia sido encontrado, foi preso por volta das 12h. Cinco mandados de busca e apreens\u00e3o tamb\u00e9m foram cumpridos.<\/p>\n<p><img decoding=\"async\" src=\"http:\/\/aconteceunovale.com.br\/portal\/wp-content\/uploads\/2016\/09\/maurilio_arruda_1.jpg\" alt=\"\" \/><em>Maur\u00edlio Arruda \u00e9 candidato a prefeito em Janu\u00e1ria (Foto: Reprodu\u00e7\u00e3o\/Facebook)<\/em><br \/>\n<\/br><\/p>\n<p><strong>Acordo de colabora\u00e7\u00e3o<\/strong><\/p>\n<p>As investiga\u00e7\u00f5es come\u00e7aram em 2014, como um desdobramento da opera\u00e7\u00e3o Sert\u00e3o Veredas, realizada em maio de 2013, em MG, BA e ES. O foco era uma organiza\u00e7\u00e3o que atuava nos munic\u00edpios de Janu\u00e1ria e Itacarambi (MG) desviando recursos p\u00fablicos de obras em diversas \u00e1reas. Na \u00e9poca, o preju\u00edzo estimado era de R$ 5 milh\u00f5es. Um acordo de colabora\u00e7\u00e3o feito com um empres\u00e1rio investigado no esquema criminoso ajudou a PF a identificar o grupo preso na opera\u00e7\u00e3o Rua da Amargura. Maur\u00edlio Arruda ainda foi alvo das opera\u00e7\u00f5es Esopo, deflagrada em setembro de 2013, e Exterminadores do Futuro, que ocorreu em junho de 2014; ambas voltadas para o combate de desvios de verbas p\u00fablicas e fraudes em licita\u00e7\u00e3o.<\/p>\n<p>\u201cO acordo teve extrema import\u00e2ncia, porque partiu de um empres\u00e1rio que participava da organiza\u00e7\u00e3o, propriet\u00e1rio da empresa que firmava os contratos com o munic\u00edpio e recebia os pagamentos pelos servi\u00e7os n\u00e3o executados. Ele esclareceu como se davam a contrata\u00e7\u00e3o, os pagamentos e como a propina retornava para servidores e o agente pol\u00edtico do munic\u00edpio\u201d, explica Thiago Amorim.<\/p>\n<p>O delegado destaca que a fraude come\u00e7ava com o direcionamento da licita\u00e7\u00e3o para a empresa do homem que fez o acordo de colabora\u00e7\u00e3o. Ele est\u00e1 em liberdade, continua sendo investigado e deve ter redu\u00e7\u00e3o de pena por causa da coopera\u00e7\u00e3o.<\/p>\n<p>\u201cHavia uma montagem do procedimento licitat\u00f3rio direcionando claramente o objeto da licita\u00e7\u00e3o para a empresa, que elaborava falsamente relat\u00f3rios de medi\u00e7\u00e3o como se tivesse executado os servi\u00e7os, que subsidiavam os pagamentos realizados pelo munic\u00edpio, por meio de dep\u00f3sito banc\u00e1rio. O propriet\u00e1rio da empresa realizava os saques e dentro da pr\u00f3pria ag\u00eancia banc\u00e1ria realizava os pagamentos para interpostas pessoas em nome do ex-prefeito de Janu\u00e1ria\u201d, fala Amorim. <\/p>\n<p><strong>Preju\u00edzo<\/strong><\/p>\n<p>O valor de R$ 1 milh\u00e3o estimado pelos \u00f3rg\u00e3os de investiga\u00e7\u00e3o \u00e9 referente a cinco contratos. Para a PF, praticamente todo o recurso, oriundo do munic\u00edpio e da Secretaria de Estado de Transportes e Obras P\u00fablicas de Minas Gerais, foi desviado.<\/p>\n<p>\u201cO laudo \u00e9 claro e bastante conclusivo em rela\u00e7\u00e3o a inexecu\u00e7\u00e3o de qualquer pavimenta\u00e7\u00e3o nas ruas objetos dos contratos firmados pelo munic\u00edpio. Ruas que deveriam estar pavimentadas com paralelep\u00edpedos est\u00e3o completamente esburacadas e ainda s\u00e3o de terra, ou seja nenhum dos contratos foi efetivamente executado pela empresa contratada\u201d, ressalta Thiago Amorim.<\/p>\n<p><strong>Pol\u00edtica<\/strong><\/p>\n<p>Em rela\u00e7\u00e3o \u00e0 candidatura de Maur\u00edlio Arruda, o delegado explica que se h\u00e1 autoriza\u00e7\u00e3o da Justi\u00e7a Eleitoral, ele pode ser candidato. No site do Tribunal Superior Eleitoral a candidatura consta como deferida.<\/p>\n<p>Sobre as opera\u00e7\u00f5es realizadas recentemente e que tiveram como alvo o candidato \u00e0 Prefeitura de Montes Claros (MG), Ruy Muniz (PSB), e Warmillon Braga, de Pirapora (MG), que teve a candidatura indeferida, Amorim explica que &#8220;a a\u00e7\u00e3o da PF n\u00e3o tem v\u00ednculo pol\u00edtico&#8221;.<\/p>\n<p><img decoding=\"async\" src=\"http:\/\/aconteceunovale.com.br\/portal\/wp-content\/uploads\/2016\/09\/maurilio_arruda_2.jpg\" alt=\"\" \/><em>Maur\u00edlio Arruda \u00e9 candidato a prefeito em Janu\u00e1ria (Foto: Reprodu\u00e7\u00e3o\/TSE)<\/em><br \/>\n<\/br><\/p>\n<p><em>(Fonte: G1 Grande Minas \/ Reportagem: Michelly Oda)<\/em><\/p>\n","protected":false},"excerpt":{"rendered":"<p>O ex-prefeito de Janu\u00e1ria, Maur\u00edlio Arruda, alvo de um dos cinco mandados de pris\u00e3o da opera\u00e7\u00e3o Rua da Amargura, que investiga a aplica\u00e7\u00e3o de mais de R$ 1 milh\u00e3o em obras de pavimenta\u00e7\u00e3o e drenagem de ruas, responde a 20 a\u00e7\u00f5es penais na Justi\u00e7a. A maioria delas, segundo a Pol\u00edcia Federal, por desvio de recursos [&hellip;]<\/p>\n","protected":false},"author":1,"featured_media":96786,"comment_status":"open","ping_status":"closed","sticky":false,"template":"","format":"standard","meta":{"amp_status":"","footnotes":""},"categories":[1236,40240],"tags":[114953,114888,1018,49771,114952,8757,114892,114889,8758,114887,104963,104964,114890,114881,114891,114882,114883,114886,114885,114884],"class_list":["post-96785","post","type-post","status-publish","format-standard","has-post-thumbnail","hentry","category-norte_de_minas","category-politica","tag-candidato-a-prefeito-em-januaria","tag-corrupcao-em-januaria","tag-destaque","tag-desvio-de-recursos-publicos-em-januaria","tag-ex-prefeito-alvo-de-operacao-da-pf-em-januaria-responde-a-dezenas-de-acoes-penais","tag-ex-prefeito-de-januaria","tag-ex-prefeito-e-ex-servidores-sao-alvos-de-operacao-da-pf-em-januaria","tag-fraudes-em-januaria","tag-maurilio-arruda","tag-maurilio-arruda-e-preso","tag-operacao-da-pf-em-januaria","tag-operacao-da-policia-federal-em-januaria","tag-operacao-em-januaria","tag-operacao-rua-da-amargura","tag-operacao-rua-da-amargura-combate-desvios-de-recursos-publicos-em-januaria","tag-operacao-rua-da-amargura-em-januaria","tag-presos-na-operacao-rua-da-amargura","tag-prisao-ex-prefeito-de-januaria","tag-prisao-maurilio-arruda","tag-resultado-da-operacao-rua-da-amargura"],"yoast_head":"<!-- This site is optimized with the Yoast SEO plugin v28.3 - https:\/\/yoast.com\/product\/yoast-seo-wordpress\/ -->\n<title>Ex-prefeito alvo de opera\u00e7\u00e3o da PF em Janu\u00e1ria responde a dezenas de a\u00e7\u00f5es penais - Aconteceu no Vale<\/title>\n<meta name=\"robots\" content=\"index, follow, max-snippet:-1, max-image-preview:large, max-video-preview:-1\" \/>\n<link rel=\"canonical\" href=\"https:\/\/aconteceunovale.com.br\/portal\/?p=96785\" \/>\n<meta property=\"og:locale\" content=\"pt_BR\" \/>\n<meta property=\"og:type\" content=\"article\" \/>\n<meta property=\"og:title\" content=\"Ex-prefeito alvo de opera\u00e7\u00e3o da PF em Janu\u00e1ria responde a dezenas de a\u00e7\u00f5es penais - Aconteceu no Vale\" \/>\n<meta property=\"og:description\" content=\"O ex-prefeito de Janu\u00e1ria, Maur\u00edlio Arruda, alvo de um dos cinco mandados de pris\u00e3o da opera\u00e7\u00e3o Rua da Amargura, que investiga a aplica\u00e7\u00e3o de mais de R$ 1 milh\u00e3o em obras de pavimenta\u00e7\u00e3o e drenagem de ruas, responde a 20 a\u00e7\u00f5es penais na Justi\u00e7a. A maioria delas, segundo a Pol\u00edcia Federal, por desvio de recursos [&hellip;]\" \/>\n<meta property=\"og:url\" content=\"https:\/\/aconteceunovale.com.br\/portal\/?p=96785\" \/>\n<meta property=\"og:site_name\" content=\"Aconteceu no Vale\" \/>\n<meta property=\"article:publisher\" content=\"https:\/\/www.facebook.com\/aconteceunovale\/\" \/>\n<meta property=\"article:published_time\" content=\"2016-09-12T17:39:11+00:00\" \/>\n<meta property=\"og:image\" content=\"https:\/\/aconteceunovale.com.br\/portal\/wp-content\/uploads\/2016\/09\/maurilio_arruda_1.jpg\" \/>\n\t<meta property=\"og:image:width\" content=\"609\" \/>\n\t<meta property=\"og:image:height\" content=\"450\" \/>\n\t<meta property=\"og:image:type\" content=\"image\/jpeg\" \/>\n<meta name=\"author\" content=\"Aconteceu no Vale\" \/>\n<meta name=\"twitter:card\" content=\"summary_large_image\" \/>\n<meta name=\"twitter:creator\" content=\"@noticiadosvales\" \/>\n<meta name=\"twitter:site\" content=\"@noticiadosvales\" \/>\n<meta name=\"twitter:label1\" content=\"Escrito por\" \/>\n\t<meta name=\"twitter:data1\" content=\"Aconteceu no Vale\" \/>\n\t<meta name=\"twitter:label2\" content=\"Est. tempo de leitura\" \/>\n\t<meta name=\"twitter:data2\" content=\"4 minutos\" \/>\n<script type=\"application\/ld+json\" class=\"yoast-schema-graph\">{\"@context\":\"https:\\\/\\\/schema.org\",\"@graph\":[{\"@type\":\"Article\",\"@id\":\"https:\\\/\\\/aconteceunovale.com.br\\\/portal\\\/?p=96785#article\",\"isPartOf\":{\"@id\":\"https:\\\/\\\/aconteceunovale.com.br\\\/portal\\\/?p=96785\"},\"author\":{\"name\":\"Aconteceu no Vale\",\"@id\":\"https:\\\/\\\/aconteceunovale.com.br\\\/portal\\\/#\\\/schema\\\/person\\\/633529146f2c94272bef50ac2953d589\"},\"headline\":\"Ex-prefeito alvo de opera\u00e7\u00e3o da PF em Janu\u00e1ria responde a dezenas de a\u00e7\u00f5es penais\",\"datePublished\":\"2016-09-12T17:39:11+00:00\",\"mainEntityOfPage\":{\"@id\":\"https:\\\/\\\/aconteceunovale.com.br\\\/portal\\\/?p=96785\"},\"wordCount\":777,\"commentCount\":0,\"image\":{\"@id\":\"https:\\\/\\\/aconteceunovale.com.br\\\/portal\\\/?p=96785#primaryimage\"},\"thumbnailUrl\":\"https:\\\/\\\/aconteceunovale.com.br\\\/portal\\\/wp-content\\\/uploads\\\/2016\\\/09\\\/maurilio_arruda_1.jpg\",\"keywords\":[\"candidato a prefeito em Janu\u00e1ria\",\"corrup\u00e7\u00e3o em janu\u00e1ria\",\"destaque\",\"desvio de recursos p\u00fablicos em janu\u00e1ria\",\"Ex-prefeito alvo de opera\u00e7\u00e3o da PF em Janu\u00e1ria responde a dezenas de a\u00e7\u00f5es penais\",\"ex-prefeito de Janu\u00e1ria\",\"Ex-prefeito e ex-servidores s\u00e3o alvos de opera\u00e7\u00e3o da PF em Janu\u00e1ria\",\"fraudes em janu\u00e1ria\",\"Maur\u00edlio Arruda\",\"Maur\u00edlio Arruda \u00e9 preso\",\"Opera\u00e7\u00e3o da PF em Janu\u00e1ria\",\"Opera\u00e7\u00e3o da Pol\u00edcia Federal em Janu\u00e1ria\",\"opera\u00e7\u00e3o em janu\u00e1ria\",\"Opera\u00e7\u00e3o Rua da Amargura\",\"Opera\u00e7\u00e3o Rua da Amargura combate desvios de recursos p\u00fablicos em Janu\u00e1ria\",\"Opera\u00e7\u00e3o Rua da Amargura em Janu\u00e1ria\",\"Presos na Opera\u00e7\u00e3o Rua da Amargura\",\"Pris\u00e3o ex-prefeito de Janu\u00e1ria\",\"Pris\u00e3o Maur\u00edlio Arruda\",\"Resultado da Opera\u00e7\u00e3o Rua da Amargura\"],\"articleSection\":[\"Norte de Minas\",\"Pol\u00edtica\"],\"inLanguage\":\"pt-BR\",\"potentialAction\":[{\"@type\":\"CommentAction\",\"name\":\"Comment\",\"target\":[\"https:\\\/\\\/aconteceunovale.com.br\\\/portal\\\/?p=96785#respond\"]}]},{\"@type\":\"WebPage\",\"@id\":\"https:\\\/\\\/aconteceunovale.com.br\\\/portal\\\/?p=96785\",\"url\":\"https:\\\/\\\/aconteceunovale.com.br\\\/portal\\\/?p=96785\",\"name\":\"Ex-prefeito alvo de opera\u00e7\u00e3o da PF em Janu\u00e1ria responde a dezenas de a\u00e7\u00f5es penais - Aconteceu no Vale\",\"isPartOf\":{\"@id\":\"https:\\\/\\\/aconteceunovale.com.br\\\/portal\\\/#website\"},\"primaryImageOfPage\":{\"@id\":\"https:\\\/\\\/aconteceunovale.com.br\\\/portal\\\/?p=96785#primaryimage\"},\"image\":{\"@id\":\"https:\\\/\\\/aconteceunovale.com.br\\\/portal\\\/?p=96785#primaryimage\"},\"thumbnailUrl\":\"https:\\\/\\\/aconteceunovale.com.br\\\/portal\\\/wp-content\\\/uploads\\\/2016\\\/09\\\/maurilio_arruda_1.jpg\",\"datePublished\":\"2016-09-12T17:39:11+00:00\",\"author\":{\"@id\":\"https:\\\/\\\/aconteceunovale.com.br\\\/portal\\\/#\\\/schema\\\/person\\\/633529146f2c94272bef50ac2953d589\"},\"breadcrumb\":{\"@id\":\"https:\\\/\\\/aconteceunovale.com.br\\\/portal\\\/?p=96785#breadcrumb\"},\"inLanguage\":\"pt-BR\",\"potentialAction\":[{\"@type\":\"ReadAction\",\"target\":[\"https:\\\/\\\/aconteceunovale.com.br\\\/portal\\\/?p=96785\"]}]},{\"@type\":\"ImageObject\",\"inLanguage\":\"pt-BR\",\"@id\":\"https:\\\/\\\/aconteceunovale.com.br\\\/portal\\\/?p=96785#primaryimage\",\"url\":\"https:\\\/\\\/aconteceunovale.com.br\\\/portal\\\/wp-content\\\/uploads\\\/2016\\\/09\\\/maurilio_arruda_1.jpg\",\"contentUrl\":\"https:\\\/\\\/aconteceunovale.com.br\\\/portal\\\/wp-content\\\/uploads\\\/2016\\\/09\\\/maurilio_arruda_1.jpg\",\"width\":609,\"height\":450},{\"@type\":\"BreadcrumbList\",\"@id\":\"https:\\\/\\\/aconteceunovale.com.br\\\/portal\\\/?p=96785#breadcrumb\",\"itemListElement\":[{\"@type\":\"ListItem\",\"position\":1,\"name\":\"In\u00edcio\",\"item\":\"https:\\\/\\\/aconteceunovale.com.br\\\/portal\\\/\"},{\"@type\":\"ListItem\",\"position\":2,\"name\":\"Ex-prefeito alvo de opera\u00e7\u00e3o da PF em Janu\u00e1ria responde a dezenas de a\u00e7\u00f5es penais\"}]},{\"@type\":\"WebSite\",\"@id\":\"https:\\\/\\\/aconteceunovale.com.br\\\/portal\\\/#website\",\"url\":\"https:\\\/\\\/aconteceunovale.com.br\\\/portal\\\/\",\"name\":\"Aconteceu no Vale\",\"description\":\"Portal de Not\u00edcias\",\"potentialAction\":[{\"@type\":\"SearchAction\",\"target\":{\"@type\":\"EntryPoint\",\"urlTemplate\":\"https:\\\/\\\/aconteceunovale.com.br\\\/portal\\\/?s={search_term_string}\"},\"query-input\":{\"@type\":\"PropertyValueSpecification\",\"valueRequired\":true,\"valueName\":\"search_term_string\"}}],\"inLanguage\":\"pt-BR\"},{\"@type\":\"Person\",\"@id\":\"https:\\\/\\\/aconteceunovale.com.br\\\/portal\\\/#\\\/schema\\\/person\\\/633529146f2c94272bef50ac2953d589\",\"name\":\"Aconteceu no Vale\",\"description\":\"Equipe de reportagem do Aconteceu no Vale, portal de not\u00edcias do Vale do Jequitinhonha, em Minas Gerais. Cobrimos as 51 cidades do Vale desde 2013. Sugest\u00f5es de pauta e pedidos de corre\u00e7\u00e3o: contato@aconteceunovale.com.br\",\"sameAs\":[\"http:\\\/\\\/www.aconteceunovale.com.br\"],\"url\":\"https:\\\/\\\/aconteceunovale.com.br\\\/portal\\\/?author=1\"}]}<\/script>\n<!-- \/ Yoast SEO plugin. -->","yoast_head_json":{"title":"Ex-prefeito alvo de opera\u00e7\u00e3o da PF em Janu\u00e1ria responde a dezenas de a\u00e7\u00f5es penais - Aconteceu no Vale","robots":{"index":"index","follow":"follow","max-snippet":"max-snippet:-1","max-image-preview":"max-image-preview:large","max-video-preview":"max-video-preview:-1"},"canonical":"https:\/\/aconteceunovale.com.br\/portal\/?p=96785","og_locale":"pt_BR","og_type":"article","og_title":"Ex-prefeito alvo de opera\u00e7\u00e3o da PF em Janu\u00e1ria responde a dezenas de a\u00e7\u00f5es penais - Aconteceu no Vale","og_description":"O ex-prefeito de Janu\u00e1ria, Maur\u00edlio Arruda, alvo de um dos cinco mandados de pris\u00e3o da opera\u00e7\u00e3o Rua da Amargura, que investiga a aplica\u00e7\u00e3o de mais de R$ 1 milh\u00e3o em obras de pavimenta\u00e7\u00e3o e drenagem de ruas, responde a 20 a\u00e7\u00f5es penais na Justi\u00e7a. A maioria delas, segundo a Pol\u00edcia Federal, por desvio de recursos [&hellip;]","og_url":"https:\/\/aconteceunovale.com.br\/portal\/?p=96785","og_site_name":"Aconteceu no Vale","article_publisher":"https:\/\/www.facebook.com\/aconteceunovale\/","article_published_time":"2016-09-12T17:39:11+00:00","og_image":[{"width":609,"height":450,"url":"https:\/\/aconteceunovale.com.br\/portal\/wp-content\/uploads\/2016\/09\/maurilio_arruda_1.jpg","type":"image\/jpeg"}],"author":"Aconteceu no Vale","twitter_card":"summary_large_image","twitter_creator":"@noticiadosvales","twitter_site":"@noticiadosvales","twitter_misc":{"Escrito por":"Aconteceu no Vale","Est. tempo de leitura":"4 minutos"},"schema":{"@context":"https:\/\/schema.org","@graph":[{"@type":"Article","@id":"https:\/\/aconteceunovale.com.br\/portal\/?p=96785#article","isPartOf":{"@id":"https:\/\/aconteceunovale.com.br\/portal\/?p=96785"},"author":{"name":"Aconteceu no Vale","@id":"https:\/\/aconteceunovale.com.br\/portal\/#\/schema\/person\/633529146f2c94272bef50ac2953d589"},"headline":"Ex-prefeito alvo de opera\u00e7\u00e3o da PF em Janu\u00e1ria responde a dezenas de a\u00e7\u00f5es penais","datePublished":"2016-09-12T17:39:11+00:00","mainEntityOfPage":{"@id":"https:\/\/aconteceunovale.com.br\/portal\/?p=96785"},"wordCount":777,"commentCount":0,"image":{"@id":"https:\/\/aconteceunovale.com.br\/portal\/?p=96785#primaryimage"},"thumbnailUrl":"https:\/\/aconteceunovale.com.br\/portal\/wp-content\/uploads\/2016\/09\/maurilio_arruda_1.jpg","keywords":["candidato a prefeito em Janu\u00e1ria","corrup\u00e7\u00e3o em janu\u00e1ria","destaque","desvio de recursos p\u00fablicos em janu\u00e1ria","Ex-prefeito alvo de opera\u00e7\u00e3o da PF em Janu\u00e1ria responde a dezenas de a\u00e7\u00f5es penais","ex-prefeito de Janu\u00e1ria","Ex-prefeito e ex-servidores s\u00e3o alvos de opera\u00e7\u00e3o da PF em Janu\u00e1ria","fraudes em janu\u00e1ria","Maur\u00edlio Arruda","Maur\u00edlio Arruda \u00e9 preso","Opera\u00e7\u00e3o da PF em Janu\u00e1ria","Opera\u00e7\u00e3o da Pol\u00edcia Federal em Janu\u00e1ria","opera\u00e7\u00e3o em janu\u00e1ria","Opera\u00e7\u00e3o Rua da Amargura","Opera\u00e7\u00e3o Rua da Amargura combate desvios de recursos p\u00fablicos em Janu\u00e1ria","Opera\u00e7\u00e3o Rua da Amargura em Janu\u00e1ria","Presos na Opera\u00e7\u00e3o Rua da Amargura","Pris\u00e3o ex-prefeito de Janu\u00e1ria","Pris\u00e3o Maur\u00edlio Arruda","Resultado da Opera\u00e7\u00e3o Rua da Amargura"],"articleSection":["Norte de Minas","Pol\u00edtica"],"inLanguage":"pt-BR","potentialAction":[{"@type":"CommentAction","name":"Comment","target":["https:\/\/aconteceunovale.com.br\/portal\/?p=96785#respond"]}]},{"@type":"WebPage","@id":"https:\/\/aconteceunovale.com.br\/portal\/?p=96785","url":"https:\/\/aconteceunovale.com.br\/portal\/?p=96785","name":"Ex-prefeito alvo de opera\u00e7\u00e3o da PF em Janu\u00e1ria responde a dezenas de a\u00e7\u00f5es penais - Aconteceu no Vale","isPartOf":{"@id":"https:\/\/aconteceunovale.com.br\/portal\/#website"},"primaryImageOfPage":{"@id":"https:\/\/aconteceunovale.com.br\/portal\/?p=96785#primaryimage"},"image":{"@id":"https:\/\/aconteceunovale.com.br\/portal\/?p=96785#primaryimage"},"thumbnailUrl":"https:\/\/aconteceunovale.com.br\/portal\/wp-content\/uploads\/2016\/09\/maurilio_arruda_1.jpg","datePublished":"2016-09-12T17:39:11+00:00","author":{"@id":"https:\/\/aconteceunovale.com.br\/portal\/#\/schema\/person\/633529146f2c94272bef50ac2953d589"},"breadcrumb":{"@id":"https:\/\/aconteceunovale.com.br\/portal\/?p=96785#breadcrumb"},"inLanguage":"pt-BR","potentialAction":[{"@type":"ReadAction","target":["https:\/\/aconteceunovale.com.br\/portal\/?p=96785"]}]},{"@type":"ImageObject","inLanguage":"pt-BR","@id":"https:\/\/aconteceunovale.com.br\/portal\/?p=96785#primaryimage","url":"https:\/\/aconteceunovale.com.br\/portal\/wp-content\/uploads\/2016\/09\/maurilio_arruda_1.jpg","contentUrl":"https:\/\/aconteceunovale.com.br\/portal\/wp-content\/uploads\/2016\/09\/maurilio_arruda_1.jpg","width":609,"height":450},{"@type":"BreadcrumbList","@id":"https:\/\/aconteceunovale.com.br\/portal\/?p=96785#breadcrumb","itemListElement":[{"@type":"ListItem","position":1,"name":"In\u00edcio","item":"https:\/\/aconteceunovale.com.br\/portal\/"},{"@type":"ListItem","position":2,"name":"Ex-prefeito alvo de opera\u00e7\u00e3o da PF em Janu\u00e1ria responde a dezenas de a\u00e7\u00f5es penais"}]},{"@type":"WebSite","@id":"https:\/\/aconteceunovale.com.br\/portal\/#website","url":"https:\/\/aconteceunovale.com.br\/portal\/","name":"Aconteceu no Vale","description":"Portal de Not\u00edcias","potentialAction":[{"@type":"SearchAction","target":{"@type":"EntryPoint","urlTemplate":"https:\/\/aconteceunovale.com.br\/portal\/?s={search_term_string}"},"query-input":{"@type":"PropertyValueSpecification","valueRequired":true,"valueName":"search_term_string"}}],"inLanguage":"pt-BR"},{"@type":"Person","@id":"https:\/\/aconteceunovale.com.br\/portal\/#\/schema\/person\/633529146f2c94272bef50ac2953d589","name":"Aconteceu no Vale","description":"Equipe de reportagem do Aconteceu no Vale, portal de not\u00edcias do Vale do Jequitinhonha, em Minas Gerais. Cobrimos as 51 cidades do Vale desde 2013. Sugest\u00f5es de pauta e pedidos de corre\u00e7\u00e3o: contato@aconteceunovale.com.br","sameAs":["http:\/\/www.aconteceunovale.com.br"],"url":"https:\/\/aconteceunovale.com.br\/portal\/?author=1"}]}},"_links":{"self":[{"href":"https:\/\/aconteceunovale.com.br\/portal\/index.php?rest_route=\/wp\/v2\/posts\/96785","targetHints":{"allow":["GET"]}}],"collection":[{"href":"https:\/\/aconteceunovale.com.br\/portal\/index.php?rest_route=\/wp\/v2\/posts"}],"about":[{"href":"https:\/\/aconteceunovale.com.br\/portal\/index.php?rest_route=\/wp\/v2\/types\/post"}],"author":[{"embeddable":true,"href":"https:\/\/aconteceunovale.com.br\/portal\/index.php?rest_route=\/wp\/v2\/users\/1"}],"replies":[{"embeddable":true,"href":"https:\/\/aconteceunovale.com.br\/portal\/index.php?rest_route=%2Fwp%2Fv2%2Fcomments&post=96785"}],"version-history":[{"count":0,"href":"https:\/\/aconteceunovale.com.br\/portal\/index.php?rest_route=\/wp\/v2\/posts\/96785\/revisions"}],"wp:featuredmedia":[{"embeddable":true,"href":"https:\/\/aconteceunovale.com.br\/portal\/index.php?rest_route=\/wp\/v2\/media\/96786"}],"wp:attachment":[{"href":"https:\/\/aconteceunovale.com.br\/portal\/index.php?rest_route=%2Fwp%2Fv2%2Fmedia&parent=96785"}],"wp:term":[{"taxonomy":"category","embeddable":true,"href":"https:\/\/aconteceunovale.com.br\/portal\/index.php?rest_route=%2Fwp%2Fv2%2Fcategories&post=96785"},{"taxonomy":"post_tag","embeddable":true,"href":"https:\/\/aconteceunovale.com.br\/portal\/index.php?rest_route=%2Fwp%2Fv2%2Ftags&post=96785"}],"curies":[{"name":"wp","href":"https:\/\/api.w.org\/{rel}","templated":true}]}}