{"id":96775,"date":"2016-09-12T14:14:56","date_gmt":"2016-09-12T17:14:56","guid":{"rendered":"http:\/\/aconteceunovale.com.br\/portal\/?p=96775"},"modified":"2016-09-12T14:30:49","modified_gmt":"2016-09-12T17:30:49","slug":"justica-federal-manda-derrubar-barracas-de-praia-em-porto-seguro","status":"publish","type":"post","link":"https:\/\/aconteceunovale.com.br\/portal\/?p=96775","title":{"rendered":"Justi\u00e7a Federal manda derrubar barracas de praia em Porto Seguro"},"content":{"rendered":"<p>A Justi\u00e7a Federal determinou a demoli\u00e7\u00e3o de duas barracas na cidade de Porto Seguro, no Sul da Bahia. De acordo com nota divulgada pelo vice-prefeito e propriet\u00e1rio do Complexo de Lazer Ax\u00e9 Moi, Beto Nascimento, o procurador federal em Eun\u00e1polis, Fernando Zelada, mandou derrubar as barracas de praia Ax\u00e9 Moi e T\u00f4a T\u00f4a. <\/p>\n<p>\u201cAli\u00e1s, n\u00e3o s\u00f3 mandou derrubar, mandou fechar imediatamente as barracas de praia, decis\u00e3o que achamos estranha e desproporcional. Logo em seguida a estas duas barracas, a ordem vir\u00e1 para todas as outras, sem exce\u00e7\u00e3o\u201d, diz trecho da nota.<\/p>\n<p>Segundo Beto, a ordem da Justi\u00e7a \u00e9 para fechar as barracas de praia j\u00e1 nesta segunda-feira (12\/09\/2016). \u201cIsso coloca em risco o turismo de Porto Seguro e vai destruir o ganha p\u00e3o de milhares de pais e m\u00e3es de fam\u00edlia, colaboradores, ambulantes e fornecedores. Com a falta de turistas os hot\u00e9is tamb\u00e9m ser\u00e3o afetados, o desemprego ir\u00e1 aumentar e as consequ\u00eancias para Porto Seguro s\u00e3o as piores poss\u00edveis\u201d, afirma. <\/p>\n<p>O vice-prefeito detalha ainda que \u201cj\u00e1 est\u00e3o sendo tomadas as provid\u00eancias necess\u00e1rias para evitar essa trag\u00e9dia para Porto Seguro e para os que vivem do turismo\u201d.<\/p>\n<p><img decoding=\"async\" src=\"http:\/\/aconteceunovale.com.br\/portal\/wp-content\/uploads\/2016\/09\/barraca_porto_seguro_1.jpg\" alt=\"\" \/><em>Vista a\u00e9rea do Complexo de lazer Ax\u00e9 Moi (Divulga\u00e7\u00e3o)<\/em><br \/>\n<\/br><\/p>\n<p>O Complexo de Lazer T\u00f4a T\u00f4a divulgou nota em sua p\u00e1gina oficial no Facebook informando que estar\u00e1 com as portas fechadas nesta segunda-feira. <em>\u201cPor motivo de for\u00e7a maior informamos que o Complexo de Lazer T\u00f4a T\u00f4a n\u00e3o funcionar\u00e1 nesta segunda feira (12.09.2016). Conforme surgirem novas informa\u00e7\u00f5es sobre o nosso funcionamento, expediremos atrav\u00e9s de nossas redes sociais.\u201d<\/em>, diz o comunicado.<\/p>\n<h4><strong>Nota Beto Nascimento<\/strong><\/h4>\n<p>Veja a \u00edntegra do texto publicado pelo vice-prefeito, Beto Nascimento:<\/p>\n<p><em>Amigas e Amigos,<\/p>\n<p>Nunca pensei que escreveria essa mensagem, mas venho informar que o juiz federal em Eun\u00e1polis mandou derrubar o Ax\u00e9 Moi e o Toa Toa. Ali\u00e1s, n\u00e3o s\u00f3 derrubar, mandou fechar imediatamente as barracas de praia, decis\u00e3o que achamos estranha e desproporcional. Logo em seguida a estas duas barracas, a ordem vir\u00e1 para todas as outras, sem exce\u00e7\u00e3o.<\/p>\n<p>Isso coloca em risco o turismo de Porto Seguro e vai destruir o ganha p\u00e3o de milhares de pais e m\u00e3es de fam\u00edlia (colaboradores, ambulantes e fornecedores).<\/p>\n<p>Com a falta de turistas os hot\u00e9is tamb\u00e9m ser\u00e3o afetados, o desemprego ir\u00e1 aumentar e as consequ\u00eancias para Porto Seguro s\u00e3o as piores poss\u00edveis.<\/p>\n<p>As barracas de praia s\u00e3o importantes atrativos de nossa cidade e oferecem aos visitantes toda a comodidade necess\u00e1ria, desde mesas e cadeiras, passando por gar\u00e7ons, boa comida, at\u00e9 banheiros, chuveiros, m\u00fasica e seguran\u00e7a. Pesquisas do SEBRAE\/BA mostram que o grande diferencial da nossa cidade s\u00e3o as praias e as estruturas de praia que se tornaram um fator decisivo para o turista escolher vir nos visitar. Vejam que o turismo de Salvador acabou depois que tiraram as barracas de l\u00e1.<\/p>\n<p>N\u00e3o ia trazer esse assunto em p\u00fablico para n\u00e3o causar instabilidade nesse momento, mas em respeito aos que tem me ligado e a todos que ser\u00e3o afetados, n\u00e3o poderia deixar de coment\u00e1-lo.<\/p>\n<p>A ordem do juiz \u00e9 para fechar as barracas de praia nessa segunda-feira. Estamos tomando as provid\u00eancias necess\u00e1rias para evitar essa trag\u00e9dia para Porto Seguro e para os que vivem do turismo.<\/p>\n<p>N\u00e3o ficarei parado vendo isso acontecer. Estou Indo a Bras\u00edlia e vamos lutar com todas as nossas for\u00e7as para evitar esse absurdo.<\/p>\n<p>J\u00e1 apresentamos um recurso na justi\u00e7a que deve ser apreciado em breve pelo Tribunal Federal em Bras\u00edlia, que dever\u00e1 decidir se mant\u00e9m ou n\u00e3o essa decis\u00e3o de acabar com as barracas.<\/p>\n<p>Estou bastante confiante que vamos reverter essa decis\u00e3o e buscaremos todos os meios para salvar o turismo de Porto Seguro. As barracas s\u00e3o local de trabalho de tanta gente: gar\u00e7ons, cozinheiros, limpeza,  ambulantes. S\u00e3o tantas fam\u00edlias que tiram seu sustento honesto do movimento gerado pelas barracas.<\/p>\n<p>Isso pode ser o fim de Porto Seguro. Como faremos para ocupar os 43 mil leitos da cidade? Ser\u00e1 que o turista continuar\u00e1 vindo para c\u00e1 sem ter local apropriado para receb\u00ea-lo na praia, que \u00e9 onde ele passar o maior tempo do seu passeio?<\/p>\n<p>A prefeitura tamb\u00e9m est\u00e1 agindo e t\u00e3o logo tomou conhecimento da decis\u00e3o entrou com recurso para impedir essa barbaridade.<\/p>\n<p>Enfim, essa \u00e9 a triste realidade que vivemos no momento, mas estamos confiantes de que isso n\u00e3o acontecer\u00e1.<\/p>\n<p>Sei que haver\u00e1 explora\u00e7\u00e3o pol\u00edtica daqueles que preferem o caos, talvez alguns achem isso bom, mas quero alert\u00e1-los para essa reflex\u00e3o e chamar aqueles que entendem a import\u00e2ncia das barracas de praia e do turismo para toda Porto Seguro.<\/p>\n<p>Se juntem a n\u00f3s nessa batalha que sem d\u00favida pode mudar os rumos da nossa cidade!<\/p>\n<p>Um forte abra\u00e7o,<\/p>\n<p>Beto Ax\u00e9 Moi<\/em><\/p>\n<h4><strong>Nota Prefeitura de Porto Seguro<\/strong><\/h4>\n<p>A Prefeitura Municipal de Porto Seguro divulgou nota sobre o caso: <\/p>\n<p><em>Nota de esclarecimento sobre as barracas de praia<\/p>\n<p>A Prefeitura de Porto Seguro j\u00e1 est\u00e1 totalmente mobilizada no sentido de dar assist\u00eancia e apoiar institucional e judicialmente para suspender a decis\u00e3o da Justi\u00e7a Federal de demolir as barracas de praia da Orla Norte, come\u00e7ando pelos complexos de lazer Ax\u00e9 Moi e T\u00f4a T\u00f4a, conhecidos nacionalmente e de suma import\u00e2ncia para o turismo de Porto Seguro.<\/p>\n<p>Desde que tomou conhecimento da decis\u00e3o da Justi\u00e7a, a Procuradoria Geral do Munic\u00edpio seguiu para Bras\u00edlia e deu entrada em um pedido de suspens\u00e3o da senten\u00e7a. Mesmo n\u00e3o sendo r\u00e9 na a\u00e7\u00e3o, a Prefeitura entende os efeitos devastadores que tal medida pode causar na economia e no turismo da cidade.<\/p>\n<p>A regulariza\u00e7\u00e3o das barracas de praia de Porto Seguro vem sendo debatida em diversos segmentos desde 2008, e a atual gest\u00e3o sempre se prontificou em fazer a parte que lhe cabia, participando de reuni\u00f5es, debatendo com a sociedade e elaborando documentos como o Projeto Urban\u00edstico que prev\u00ea a adequa\u00e7\u00e3o e o reordenamento da Orla Norte de Porto Seguro, elaborado pelas Secretarias Municipais de Obras, Meio Ambiente e de Cultura e Turismo.<\/p>\n<p>A Prefeitura de Porto Seguro compreende a import\u00e2ncia das barracas de praia como motivadores da escolha dos turistas em nos visitar. O turismo \u00e9 a principal atividade econ\u00f4mica de nossa cidade, gerando empregos e renda para os moradores da cidade.<\/p>\n<p>Desta maneira, a Prefeitura de Porto Seguro n\u00e3o medir\u00e1 esfor\u00e7os e espera que juntamente com todos os envolvidos neste processo possa chegar a uma solu\u00e7\u00e3o que beneficie todo o munic\u00edpio.<\/p>\n<p>Porto Seguro, 12 de setembro de 2016.<\/p>\n<p>Prefeitura de Porto Seguro<\/em><\/p>\n<p><img decoding=\"async\" src=\"http:\/\/aconteceunovale.com.br\/portal\/wp-content\/uploads\/2016\/09\/barraca_porto_seguro_2.jpg\" alt=\"\" \/><em>Vista a\u00e9rea do Complexo de lazer T\u00f4a T\u00f4a (Divulga\u00e7\u00e3o)<\/em><br \/>\n<\/br><\/p>\n<p><em>(Com informa\u00e7\u00f5es do Boc\u00e3o News)<\/em><\/p>\n","protected":false},"excerpt":{"rendered":"<p>A Justi\u00e7a Federal determinou a demoli\u00e7\u00e3o de duas barracas na cidade de Porto Seguro, no Sul da Bahia. De acordo com nota divulgada pelo vice-prefeito e propriet\u00e1rio do Complexo de Lazer Ax\u00e9 Moi, Beto Nascimento, o procurador federal em Eun\u00e1polis, Fernando Zelada, mandou derrubar as barracas de praia Ax\u00e9 Moi e T\u00f4a T\u00f4a. \u201cAli\u00e1s, n\u00e3o [&hellip;]<\/p>\n","protected":false},"author":1,"featured_media":96777,"comment_status":"open","ping_status":"closed","sticky":false,"template":"","format":"standard","meta":{"amp_status":"","footnotes":""},"categories":[6],"tags":[30905,114919,114928,114918,114924,114934,37128,114938,114920,114929,114940,114914,114913,114946,114921,114930,114941,114915,1018,114935,114936,22237,114923,114932,114939,114916,114947,114926,114922,114931,114945,114917,114944,114942,423,114943,114925,114937,114927,114933],"class_list":["post-96775","post","type-post","status-publish","format-standard","has-post-thumbnail","hentry","category-br","tag-axe-moi","tag-barraca-axe-moi","tag-barraca-toa-toa","tag-barracas-de-praia-porto-seguro","tag-beto-nascimento","tag-coloca-em-risco-o-turismo-de-porto-seguro","tag-complexo-de-lazer-axe-moi","tag-das-barracas-de-praia-de-porto-seguro","tag-demolicao-barraca-axe-moi","tag-demolicao-barraca-toa-toa","tag-demolicao-das-barracas-de-praia-de-porto-seguro","tag-demolicao-de-barracas-de-praia-porto-seguro","tag-demolicao-de-duas-barracas-na-cidade-de-porto-seguro","tag-demolicao-do-complexo-de-lazer-axe-moi","tag-derrubada-barraca-axe-moi","tag-derrubada-barraca-toa-toa","tag-derrubada-das-barracas-de-praia-de-porto-seguro","tag-derrubada-de-barracas-de-praia-porto-seguro","tag-destaque","tag-esclarecimento-sobre-as-barracas-de-praia","tag-esclarecimento-sobre-as-barracas-de-praia-de-porto-seguro","tag-eunapolis","tag-fechamento-barraca-axe-moi","tag-fechamento-barraca-toa-toa","tag-fechamento-das-barracas-de-praia-de-porto-seguro","tag-fechamento-de-barracas-de-praia-porto-seguro","tag-fechamento-do-complexo-de-lazer-axe-moi","tag-fernando-zelada","tag-interdicao-barraca-axe-moi","tag-interdicao-barraca-toa-toa","tag-interdicao-complexo-de-lazer-axe-moi","tag-interdicao-de-barracas-de-praia-porto-seguro","tag-justica-federal-manda-derrubar-barracas-de-praia-em-porto-seguro","tag-orla-norte-de-porto-seguro","tag-porto-seguro","tag-prefeitura-de-porto-seguro","tag-procurador-federal-em-eunapolis","tag-regularizacao-das-barracas-de-praia-de-porto-seguro","tag-toa-toa","tag-turismo-de-porto-seguro"],"_links":{"self":[{"href":"https:\/\/aconteceunovale.com.br\/portal\/index.php?rest_route=\/wp\/v2\/posts\/96775","targetHints":{"allow":["GET"]}}],"collection":[{"href":"https:\/\/aconteceunovale.com.br\/portal\/index.php?rest_route=\/wp\/v2\/posts"}],"about":[{"href":"https:\/\/aconteceunovale.com.br\/portal\/index.php?rest_route=\/wp\/v2\/types\/post"}],"author":[{"embeddable":true,"href":"https:\/\/aconteceunovale.com.br\/portal\/index.php?rest_route=\/wp\/v2\/users\/1"}],"replies":[{"embeddable":true,"href":"https:\/\/aconteceunovale.com.br\/portal\/index.php?rest_route=%2Fwp%2Fv2%2Fcomments&post=96775"}],"version-history":[{"count":0,"href":"https:\/\/aconteceunovale.com.br\/portal\/index.php?rest_route=\/wp\/v2\/posts\/96775\/revisions"}],"wp:featuredmedia":[{"embeddable":true,"href":"https:\/\/aconteceunovale.com.br\/portal\/index.php?rest_route=\/wp\/v2\/media\/96777"}],"wp:attachment":[{"href":"https:\/\/aconteceunovale.com.br\/portal\/index.php?rest_route=%2Fwp%2Fv2%2Fmedia&parent=96775"}],"wp:term":[{"taxonomy":"category","embeddable":true,"href":"https:\/\/aconteceunovale.com.br\/portal\/index.php?rest_route=%2Fwp%2Fv2%2Fcategories&post=96775"},{"taxonomy":"post_tag","embeddable":true,"href":"https:\/\/aconteceunovale.com.br\/portal\/index.php?rest_route=%2Fwp%2Fv2%2Ftags&post=96775"}],"curies":[{"name":"wp","href":"https:\/\/api.w.org\/{rel}","templated":true}]}}