{"id":96771,"date":"2016-09-12T13:42:24","date_gmt":"2016-09-12T16:42:24","guid":{"rendered":"http:\/\/aconteceunovale.com.br\/portal\/?p=96771"},"modified":"2016-09-12T13:42:24","modified_gmt":"2016-09-12T16:42:24","slug":"idoso-de-86-anos-e-esfaqueado-durante-assalto-em-santo-antonio-do-jacinto","status":"publish","type":"post","link":"https:\/\/aconteceunovale.com.br\/portal\/?p=96771","title":{"rendered":"Idoso de 86 anos \u00e9 esfaqueado durante assalto em Santo Ant\u00f4nio do Jacinto"},"content":{"rendered":"<p>Um idoso de 86 anos foi esfaqueado no peito durante um assalto em Santo Ant\u00f4nio do Jacinto (Vale do Jequitinhonha), nesse domingo (11\/09\/2016). Segundo a Pol\u00edcia Militar (PM), dois jovens, de 17 e 20 anos, e uma mulher, de 34, invadiram a casa v\u00edtima e anunciaram o assalto. Ele estava com a esposa, de 85 anos, que n\u00e3o ficou ferida.<\/p>\n<p>Ap\u00f3s atingir o idoso, os criminosos fugiram levando dinheiro, um rev\u00f3lver e pertences das v\u00edtimas. Ele foi socorrido e encaminhado ao hospital. A pol\u00edcia realizou rastreamento e conseguiu prender os tr\u00eas envolvidos. O menor j\u00e1 tinha envolvimento com o tr\u00e1fico de drogas, porte ilegal de armas e outros crimes contra idosos.<\/p>\n<p>Segundo a PM, a mulher frequentava a casa do casal e foi reconhecida pela idosa. Eles foram encaminhados \u00e0 delegacia de Almenara. Foram apreendidos com os criminosos R$ 101 e a faca utilizada no crime. Na casa das v\u00edtimas, a PM apreendeu uma espingarda, uma garrucha e v\u00e1rias muni\u00e7\u00f5es, que tamb\u00e9m foram encaminhadas \u00e0 delegacia de Almenara.<\/p>\n<p><img decoding=\"async\" src=\"http:\/\/aconteceunovale.com.br\/portal\/wp-content\/uploads\/2016\/09\/ocorrencia_saja.jpeg\" alt=\"\" \/><em>PM apreendeu armas e muni\u00e7\u00f5es (Foto: Pol\u00edcia Militar\/Divulga\u00e7\u00e3o)<\/em><br \/>\n<\/br><\/p>\n<p><em>(G1 dos Vales)<\/em><\/p>\n","protected":false},"excerpt":{"rendered":"<p>Um idoso de 86 anos foi esfaqueado no peito durante um assalto em Santo Ant\u00f4nio do Jacinto (Vale do Jequitinhonha), nesse domingo (11\/09\/2016). Segundo a Pol\u00edcia Militar (PM), dois jovens, de 17 e 20 anos, e uma mulher, de 34, invadiram a casa v\u00edtima e anunciaram o assalto. Ele estava com a esposa, de 85 [&hellip;]<\/p>\n","protected":false},"author":1,"featured_media":96772,"comment_status":"open","ping_status":"closed","sticky":false,"template":"","format":"standard","meta":{"amp_status":"","footnotes":""},"categories":[120],"tags":[142,114908,114910,114907,114909,674],"class_list":["post-96771","post","type-post","status-publish","format-standard","has-post-thumbnail","hentry","category-jequi","tag-almenara","tag-assalto-santo-antonio-do-jacinto","tag-esfaqueado-em-santo-antonio-do-jacinto","tag-idoso-de-86-anos-e-esfaqueado-durante-assalto-em-santo-antonio-do-jacinto","tag-roubo-santo-antonio-do-jacinto","tag-santo-antonio-do-jacinto"],"_links":{"self":[{"href":"https:\/\/aconteceunovale.com.br\/portal\/index.php?rest_route=\/wp\/v2\/posts\/96771","targetHints":{"allow":["GET"]}}],"collection":[{"href":"https:\/\/aconteceunovale.com.br\/portal\/index.php?rest_route=\/wp\/v2\/posts"}],"about":[{"href":"https:\/\/aconteceunovale.com.br\/portal\/index.php?rest_route=\/wp\/v2\/types\/post"}],"author":[{"embeddable":true,"href":"https:\/\/aconteceunovale.com.br\/portal\/index.php?rest_route=\/wp\/v2\/users\/1"}],"replies":[{"embeddable":true,"href":"https:\/\/aconteceunovale.com.br\/portal\/index.php?rest_route=%2Fwp%2Fv2%2Fcomments&post=96771"}],"version-history":[{"count":0,"href":"https:\/\/aconteceunovale.com.br\/portal\/index.php?rest_route=\/wp\/v2\/posts\/96771\/revisions"}],"wp:featuredmedia":[{"embeddable":true,"href":"https:\/\/aconteceunovale.com.br\/portal\/index.php?rest_route=\/wp\/v2\/media\/96772"}],"wp:attachment":[{"href":"https:\/\/aconteceunovale.com.br\/portal\/index.php?rest_route=%2Fwp%2Fv2%2Fmedia&parent=96771"}],"wp:term":[{"taxonomy":"category","embeddable":true,"href":"https:\/\/aconteceunovale.com.br\/portal\/index.php?rest_route=%2Fwp%2Fv2%2Fcategories&post=96771"},{"taxonomy":"post_tag","embeddable":true,"href":"https:\/\/aconteceunovale.com.br\/portal\/index.php?rest_route=%2Fwp%2Fv2%2Ftags&post=96771"}],"curies":[{"name":"wp","href":"https:\/\/api.w.org\/{rel}","templated":true}]}}