{"id":96768,"date":"2016-09-12T12:54:13","date_gmt":"2016-09-12T15:54:13","guid":{"rendered":"http:\/\/aconteceunovale.com.br\/portal\/?p=96768"},"modified":"2016-09-12T22:37:03","modified_gmt":"2016-09-13T01:37:03","slug":"turista-de-montes-claros-morre-afogado-em-praia-de-ilheus","status":"publish","type":"post","link":"https:\/\/aconteceunovale.com.br\/portal\/?p=96768","title":{"rendered":"Turista de Montes Claros morre afogado em praia de Ilh\u00e9us"},"content":{"rendered":"<p>O corpo do estudante de educa\u00e7\u00e3o f\u00edsica George Thiago Gangana, de 23 anos, foi encontrado na manh\u00e3 desta segunda-feira (12\/09\/2016) por banhistas, em Ilh\u00e9us, no Sul da Bahia. O jovem, que vivia em Montes Claros, no Norte de Minas, desapareceu na \u00faltima sexta-feira (9), ap\u00f3s entrar no mar.<\/p>\n<p>O estudante passeava com amigos na Bahia. No dia em que desapareceu, ele, a namorada e amigos estavam jogando bola na beira do mar, em uma regi\u00e3o conhecida como Cururupe, em Ilh\u00e9us. Ap\u00f3s vencer a partida, o estudante foi at\u00e9 o mar e entrou na \u00e1gua, que batia em sua cintura.<\/p>\n<p>&#8220;Em quest\u00e3o de segundos, a namorada olhou para a dire\u00e7\u00e3o dele e ele j\u00e1 estava se afogando. O irm\u00e3o dele, que tamb\u00e9m estava na praia, come\u00e7ou a chamar por ajuda, j\u00e1 que ele n\u00e3o sabia nadar. Por\u00e9m, n\u00e3o tinha salva-vidas no local&#8221;, contou o profissional de educa\u00e7\u00e3o Felipe Andrade, de 22 anos, amigo de faculdade do mineiro. <\/p>\n<p>Andrade, assim como outros amigos do estudante, ficou sabendo do afogamento e do desaparecimento de Gangana atrav\u00e9s da namorada do amigo.<\/p>\n<p>&#8220;Ela disse ter acionado o Corpo de Bombeiros, que chegou ap\u00f3s uma hora do afogamento. A guarni\u00e7\u00e3o n\u00e3o tinha mergulhadores, lanternas ou equipamentos de socorro mar\u00edtimo. Com isso, as buscas s\u00f3 come\u00e7aram no dia seguinte, o que dificultou o salvamento&#8221;, explicou o profissional de educa\u00e7\u00e3o f\u00edsica.<\/p>\n<p>O Corpo de Bombeiros da regi\u00e3o informou ter sido acionado pelos amigos do mineiro ainda na sexta. As buscas come\u00e7aram no mesmo dia, mas como j\u00e1 estava \u00e0 noite quando os militares chegaram, os trabalhos foram encerrados \u00e0s 18h e retomados na manh\u00e3 de s\u00e1bado (10). <\/p>\n<p>O corpo do mineiro s\u00f3 foi encontrado na manh\u00e3 desta segunda (12). Gangana foi encaminhado para o Departamento de Pol\u00edcia T\u00e9cnica de Itabuna, onde os familiares o reconheceram.<\/p>\n<p><img decoding=\"async\" src=\"http:\/\/aconteceunovale.com.br\/portal\/wp-content\/uploads\/2016\/09\/turista_moc_1.jpg\" alt=\"\" \/><em>Turista mineiro morre afogado h\u00e1 uma semana do anivers\u00e1rio (Foto: Reprodu\u00e7\u00e3o\/Facebook)<\/em><br \/>\n<\/br><\/p>\n<p><strong>Nata\u00e7\u00e3o<\/strong><\/p>\n<p>Gangana cursava educa\u00e7\u00e3o f\u00edsica na Universidade Estadual de Montes Claros, com previs\u00e3o de formatura para o fim deste ano. Segundo amigos, ele sabia nadar. &#8220;Ele foi um dos destaques na turma na disciplina de nata\u00e7\u00e3o&#8221;, contou Andrade.<\/p>\n<p><strong>De bem com a vida<\/strong><\/p>\n<p>Os amigos do mineiro se lembram dele como uma pessoa alegre e que tentava ajudar o pr\u00f3ximo. &#8220;Ele era muito extrovertido, n\u00e3o tinha tempo ruim. Sempre com um sorriso no rosto. Se estiv\u00e9ssemos tristes, ele contava umas piadas mais sem gra\u00e7a, mas que arrancava um sorriso no rosto das pessoas&#8221;, lembra Andrade. <\/p>\n<p>A professora de educa\u00e7\u00e3o f\u00edsica Ana Let\u00edcia Rodrigues, de 23 anos, tamb\u00e9m era muito amiga do estudante. Eles se conheceram h\u00e1 cinco anos, na faculdade.<\/p>\n<p>&#8220;Sempre fomos amigos e um cuidava do outro, \u00e9ramos como irm\u00e3os. Ele era uma pessoa incr\u00edvel, n\u00e3o \u00e9 a toa que o Facebook est\u00e1 repleto de tristezas hoje (segunda). Toda hora que eu entro na minha p\u00e1gina, h\u00e1 mais e mais postagens de pessoas que o conheceram. A qualquer dia e qualquer momento, ele estava com aquele sorris\u00e3o, sempre fazendo de tudo para que todos estivessem bem&#8221;, recordou a amiga.<\/p>\n<p><em>(Fonte: O Tempo\/Camila Kifer)<\/em><\/p>\n","protected":false},"excerpt":{"rendered":"<p>O corpo do estudante de educa\u00e7\u00e3o f\u00edsica George Thiago Gangana, de 23 anos, foi encontrado na manh\u00e3 desta segunda-feira (12\/09\/2016) por banhistas, em Ilh\u00e9us, no Sul da Bahia. O jovem, que vivia em Montes Claros, no Norte de Minas, desapareceu na \u00faltima sexta-feira (9), ap\u00f3s entrar no mar. O estudante passeava com amigos na Bahia. [&hellip;]<\/p>\n","protected":false},"author":1,"featured_media":96769,"comment_status":"open","ping_status":"closed","sticky":false,"template":"","format":"standard","meta":{"amp_status":"","footnotes":""},"categories":[1236],"tags":[114898,114901,114903,114912,114897,114894,114899,114895,22236,210,114896,114900,114893,114911,114902,114905,114904,114906],"class_list":["post-96768","post","type-post","status-publish","format-standard","has-post-thumbnail","hentry","category-norte_de_minas","tag-afogamento-de-george-thiago-gangana","tag-afogamento-na-praia-da-ponta-da-tulha","tag-afogamento-na-praia-dos-coqueiros","tag-afogamento-praia-do-cururupe","tag-corpo-de-george-thiago-gangana","tag-corpo-encontrado-em-praia-de-ilheus","tag-cururipe","tag-george-thiago-gangana","tag-ilheus","tag-montes-claros","tag-morte-de-george-thiago-gangana","tag-praia-da-ponta-da-tulha","tag-praia-de-ilheus","tag-praia-do-cururupe","tag-praia-dos-coqueiros","tag-thiago-gangana","tag-trancoso","tag-turista-de-montes-claros-morre-afogado-em-praia-de-ilheus"],"_links":{"self":[{"href":"https:\/\/aconteceunovale.com.br\/portal\/index.php?rest_route=\/wp\/v2\/posts\/96768","targetHints":{"allow":["GET"]}}],"collection":[{"href":"https:\/\/aconteceunovale.com.br\/portal\/index.php?rest_route=\/wp\/v2\/posts"}],"about":[{"href":"https:\/\/aconteceunovale.com.br\/portal\/index.php?rest_route=\/wp\/v2\/types\/post"}],"author":[{"embeddable":true,"href":"https:\/\/aconteceunovale.com.br\/portal\/index.php?rest_route=\/wp\/v2\/users\/1"}],"replies":[{"embeddable":true,"href":"https:\/\/aconteceunovale.com.br\/portal\/index.php?rest_route=%2Fwp%2Fv2%2Fcomments&post=96768"}],"version-history":[{"count":0,"href":"https:\/\/aconteceunovale.com.br\/portal\/index.php?rest_route=\/wp\/v2\/posts\/96768\/revisions"}],"wp:featuredmedia":[{"embeddable":true,"href":"https:\/\/aconteceunovale.com.br\/portal\/index.php?rest_route=\/wp\/v2\/media\/96769"}],"wp:attachment":[{"href":"https:\/\/aconteceunovale.com.br\/portal\/index.php?rest_route=%2Fwp%2Fv2%2Fmedia&parent=96768"}],"wp:term":[{"taxonomy":"category","embeddable":true,"href":"https:\/\/aconteceunovale.com.br\/portal\/index.php?rest_route=%2Fwp%2Fv2%2Fcategories&post=96768"},{"taxonomy":"post_tag","embeddable":true,"href":"https:\/\/aconteceunovale.com.br\/portal\/index.php?rest_route=%2Fwp%2Fv2%2Ftags&post=96768"}],"curies":[{"name":"wp","href":"https:\/\/api.w.org\/{rel}","templated":true}]}}