{"id":96764,"date":"2016-09-12T12:34:28","date_gmt":"2016-09-12T15:34:28","guid":{"rendered":"http:\/\/aconteceunovale.com.br\/portal\/?p=96764"},"modified":"2016-09-12T12:34:28","modified_gmt":"2016-09-12T15:34:28","slug":"ex-prefeito-ex-secretario-e-tres-ex-servidores-sao-alvos-de-operacao-da-pf-em-januaria","status":"publish","type":"post","link":"https:\/\/aconteceunovale.com.br\/portal\/?p=96764","title":{"rendered":"Ex-prefeito, ex-secret\u00e1rio e tr\u00eas ex-servidores s\u00e3o alvos de opera\u00e7\u00e3o da PF em Janu\u00e1ria"},"content":{"rendered":"<p>A Pol\u00edcia Federal (PF), em conjunto com o Minist\u00e9rio P\u00fablico de Minas Gerais (MPMG), deflagrou, na manh\u00e3 desta segunda-feira (12\/09\/2016), a Opera\u00e7\u00e3o Rua da Amargura e realizou a pris\u00e3o de 03 ex-servidores do munic\u00edpio de Janu\u00e1ria, no Norte de Minas. H\u00e1, ainda, mandado de pris\u00e3o em desfavor do ex-prefeito municipal e do ex-secret\u00e1rio de educa\u00e7\u00e3o daquela cidade.<\/p>\n<p>A opera\u00e7\u00e3o consiste no cumprimento simult\u00e2neo de 05 mandados de busca e apreens\u00e3o al\u00e9m dos 05 mandados de pris\u00e3o tempor\u00e1ria.<\/p>\n<p>Os investigados fraudavam processos licitat\u00f3rios, direcionando a contrata\u00e7\u00e3o de obras como pavimenta\u00e7\u00e3o e drenagem de ruas a empresa que participava do esquema criminoso. O empres\u00e1rio, que firmou com a Pol\u00edcia Federal e com o Minist\u00e9rio P\u00fablico acordo de coopera\u00e7\u00e3o premiada, contou que grande parte dos recursos destinados a obras era desviada pelos integrantes da organiza\u00e7\u00e3o criminosa.<\/p>\n<p>Segundo as investiga\u00e7\u00f5es, ap\u00f3s contrata\u00e7\u00e3o da empresa, os pagamentos eram depositados na conta desta e o empres\u00e1rio sacava os valores, que retornavam aos servidores municipais e ao ex-prefeito. Laudos de engenharia atestaram a inexecu\u00e7\u00e3o total de diversas obras de pavimenta\u00e7\u00e3o, pagas com dinheiro p\u00fablico do munic\u00edpio de Janu\u00e1ria\/MG.<\/p>\n<p>Os investigados responder\u00e3o por crimes contra a administra\u00e7\u00e3o p\u00fablica, forma\u00e7\u00e3o de quadrilha, desvio de recursos p\u00fablicos e fraudes a licita\u00e7\u00f5es. Uma vez condenados, as penas m\u00e1ximas aplicadas aos crimes podem ultrapassar 20 anos.<\/p>\n<p><strong>Opera\u00e7\u00e3o Rua da Amargura<\/strong><\/p>\n<p>Em pleno S\u00e9culo XXI, a pavimenta\u00e7\u00e3o de vias p\u00fablicas, por calcamento ou asfalto, constitui direito b\u00e1sico dos cidad\u00e3os e dever do poder publico. O princ\u00edpio da dignidade da pessoa humana n\u00e3o transige com a ideia de os cidad\u00e3os, nos n\u00facleos urbanos, conviverem indefinidamente com poeira, buracos, lama, e os riscos sanit\u00e1rios e \u00e0 seguran\u00e7a que lhes s\u00e3o associados. Entretanto, a a\u00e7\u00e3o de gestores e empres\u00e1rios inescrupulosos teima em subtrair das pessoas esse direito elementar, pelo desvio de verbas publicas, fazendo-se estritamente necess\u00e1ria a interven\u00e7\u00e3o dos \u00f3rg\u00e3os de fiscaliza\u00e7\u00e3o e controle para coibir tais delitos.<\/p>\n<p><img decoding=\"async\" src=\"http:\/\/aconteceunovale.com.br\/portal\/wp-content\/uploads\/2016\/09\/operacao_pf_januaria.jpg\" alt=\"\" \/><em>Coletiva sobre a Opera\u00e7\u00e3o Rua da Amargura (Foto: Mauro Miranda Ferreira\/Via WhatsApp)<\/em><br \/>\n<\/br><\/p>\n<p><em>(Com informa\u00e7\u00f5es da PF)<\/em><\/p>\n","protected":false},"excerpt":{"rendered":"<p>A Pol\u00edcia Federal (PF), em conjunto com o Minist\u00e9rio P\u00fablico de Minas Gerais (MPMG), deflagrou, na manh\u00e3 desta segunda-feira (12\/09\/2016), a Opera\u00e7\u00e3o Rua da Amargura e realizou a pris\u00e3o de 03 ex-servidores do munic\u00edpio de Janu\u00e1ria, no Norte de Minas. H\u00e1, ainda, mandado de pris\u00e3o em desfavor do ex-prefeito municipal e do ex-secret\u00e1rio de educa\u00e7\u00e3o [&hellip;]<\/p>\n","protected":false},"author":1,"featured_media":96765,"comment_status":"open","ping_status":"closed","sticky":false,"template":"","format":"standard","meta":{"amp_status":"","footnotes":""},"categories":[1236,40240],"tags":[114888,1018,49771,114892,114889,8758,114887,104963,104964,114890,114881,114891,114882,114883,114886,114885,114884],"class_list":["post-96764","post","type-post","status-publish","format-standard","has-post-thumbnail","hentry","category-norte_de_minas","category-politica-2","tag-corrupcao-em-januaria","tag-destaque","tag-desvio-de-recursos-publicos-em-januaria","tag-ex-prefeito-e-ex-servidores-sao-alvos-de-operacao-da-pf-em-januaria","tag-fraudes-em-januaria","tag-maurilio-arruda","tag-maurilio-arruda-e-preso","tag-operacao-da-pf-em-januaria","tag-operacao-da-policia-federal-em-januaria","tag-operacao-em-januaria","tag-operacao-rua-da-amargura","tag-operacao-rua-da-amargura-combate-desvios-de-recursos-publicos-em-januaria","tag-operacao-rua-da-amargura-em-januaria","tag-presos-na-operacao-rua-da-amargura","tag-prisao-ex-prefeito-de-januaria","tag-prisao-maurilio-arruda","tag-resultado-da-operacao-rua-da-amargura"],"_links":{"self":[{"href":"https:\/\/aconteceunovale.com.br\/portal\/index.php?rest_route=\/wp\/v2\/posts\/96764","targetHints":{"allow":["GET"]}}],"collection":[{"href":"https:\/\/aconteceunovale.com.br\/portal\/index.php?rest_route=\/wp\/v2\/posts"}],"about":[{"href":"https:\/\/aconteceunovale.com.br\/portal\/index.php?rest_route=\/wp\/v2\/types\/post"}],"author":[{"embeddable":true,"href":"https:\/\/aconteceunovale.com.br\/portal\/index.php?rest_route=\/wp\/v2\/users\/1"}],"replies":[{"embeddable":true,"href":"https:\/\/aconteceunovale.com.br\/portal\/index.php?rest_route=%2Fwp%2Fv2%2Fcomments&post=96764"}],"version-history":[{"count":0,"href":"https:\/\/aconteceunovale.com.br\/portal\/index.php?rest_route=\/wp\/v2\/posts\/96764\/revisions"}],"wp:featuredmedia":[{"embeddable":true,"href":"https:\/\/aconteceunovale.com.br\/portal\/index.php?rest_route=\/wp\/v2\/media\/96765"}],"wp:attachment":[{"href":"https:\/\/aconteceunovale.com.br\/portal\/index.php?rest_route=%2Fwp%2Fv2%2Fmedia&parent=96764"}],"wp:term":[{"taxonomy":"category","embeddable":true,"href":"https:\/\/aconteceunovale.com.br\/portal\/index.php?rest_route=%2Fwp%2Fv2%2Fcategories&post=96764"},{"taxonomy":"post_tag","embeddable":true,"href":"https:\/\/aconteceunovale.com.br\/portal\/index.php?rest_route=%2Fwp%2Fv2%2Ftags&post=96764"}],"curies":[{"name":"wp","href":"https:\/\/api.w.org\/{rel}","templated":true}]}}