{"id":96762,"date":"2016-09-12T12:11:16","date_gmt":"2016-09-12T15:11:16","guid":{"rendered":"http:\/\/aconteceunovale.com.br\/portal\/?p=96762"},"modified":"2016-09-12T12:11:16","modified_gmt":"2016-09-12T15:11:16","slug":"norte-mineira-carmen-lucia-assume-presidencia-do-stf","status":"publish","type":"post","link":"https:\/\/aconteceunovale.com.br\/portal\/?p=96762","title":{"rendered":"Norte-mineira C\u00e1rmen L\u00facia assume presid\u00eancia do STF"},"content":{"rendered":"<p>A ministra do Supremo Tribunal Federal (STF) C\u00e1rmen L\u00facia ser\u00e1 empossada hoje (12\/09\/2016) no cargo de presidente da Corte pelos pr\u00f3ximos dois anos. Ela substituir\u00e1 o ministro Ricardo Lewandowski, cujo mandato terminou. A cerim\u00f4nia est\u00e1 marcada para as 15h. Cerca de 2 mil pessoas foram convidadas, entre elas o presidente Michel Temer, os presidentes da C\u00e2mara dos Deputados, Rodrigo Maia, e do Senado, Renan Calheiros, al\u00e9m de outras autoridades. Na abertura, o cantor Caetano Veloso vai cantar o\u00a0<em>Hino Nacional<\/em>.<\/p>\n<p>Na cerim\u00f4nia, a ministra quebrar\u00e1 o protocolo do Supremo e n\u00e3o haver\u00e1 a tradicional festa de recep\u00e7\u00e3o aos convidados, bancada por associa\u00e7\u00f5es de magistrados em todas as posses de ministros da Corte. Na semana passada, ao participar da \u00faltima sess\u00e3o na Segunda Turma, ela disse que n\u00e3o gosta de festa, mas de processo.<\/p>\n<p>C\u00e1rmen L\u00facia Antunes Rocha tem 62 anos, foi indicada para o Supremo pelo ex-presidente Luiz In\u00e1cio Lula da Silva e tomou posse em 2006. A ministra nasceu em Montes Claros, foi criada em Espinosa (na mesma regi\u00e3o) e formou-se em direito pela Pontif\u00edcia Universidade Cat\u00f3lica de Minas Gerais (PUC), em 1977. Ela ser\u00e1 a segunda mulher a assumir o cargo. A primeira foi a ex-ministra Ellen Gracie.<\/p>\n<p>No seu dia a dia na Corte, C\u00e1rmen L\u00facia mant\u00e9m h\u00e1bitos simples, como ir trabalhar em seu pr\u00f3prio carro. Ela \u00e9 a \u00fanica integrante do colegiado que n\u00e3o utiliza carro oficial com motorista. A ministra \u00e9 solteira, n\u00e3o tem filhos e mora em um apartamento funcional do STF, em Bras\u00edlia.<\/p>\n<p>Em 2007, ela tamb\u00e9m quebrou a tradi\u00e7\u00e3o na Corte e foi \u00e0 sess\u00e3o usando cal\u00e7a comprida. Antes disso, uma regra interna determinava que mulheres s\u00f3 poderiam entrar no plen\u00e1rio usando saia.<\/p>\n<p>Antes mesmo de assumir a cadeira de Lewandowski, C\u00e1rmen L\u00facia deixou claro, durante sess\u00e3o recente, que prefere ser chamada de presidente e n\u00e3o de presidenta. &#8220;Eu fui estudante e sou amante da l\u00edngua portuguesa. Acho que o cargo \u00e9 de presidente, n\u00e3o \u00e9 n\u00e3o?&#8221;, afirmou, no m\u00eas passado.<\/p>\n<p><strong>Atua\u00e7\u00e3o no STF<\/strong><\/p>\n<p>No Supremo, a atua\u00e7\u00e3o da ministra pode ser resumida pelo rigor em casos envolvendo corrup\u00e7\u00e3o, pela postura firme a favor dos direitos das mulheres e o trato com a &#8220;coisa p\u00fablica&#8221;.\u00a0 Em viagens oficiais, ela opta por n\u00e3o receber di\u00e1rias, apesar de ter direito.<\/p>\n<p>Sem perfil corporativista, C\u00e1rmen L\u00facia, quando esteve na presid\u00eancia do Tribunal Superior Eleitoral (TSE) em 2012, determinou a divulga\u00e7\u00e3o de seu contracheque, quando o STF discutia a validade da\u00a0 Lei de Acesso \u00e0 Informa\u00e7\u00e3o.\u00a0 Ela tamb\u00e9m proferiu decis\u00f5es sobre casos de nepotismo e liminares que derrubaram pagamento de aumento a servidores p\u00fablicos.<\/p>\n<p>A ministra se declarou impedida para julgar a a\u00e7\u00e3o que pede o pagamento da corre\u00e7\u00e3o de planos econ\u00f4micos da d\u00e9cada de 1990, porque o pai dela entrou na Justi\u00e7a e seria beneficiado pela decis\u00e3o do STF.<\/p>\n<p>Entre os advogados que militam no Supremo, C\u00e1rmen L\u00facia \u00e9 elogiada. Os profissionais afirmam nos bastidores que ela \u00e9 sempre simp\u00e1tica e cordial e est\u00e1 bem informada sobre os processos. Recentemente, a ministra passou a fazer audi\u00eancias por meio de videoconfer\u00eancia, evitando o deslocamento dos profissionais a Bras\u00edlia.<\/p>\n<p><strong>Julgamentos<\/strong><\/p>\n<p>Em dez anos no Supremo, C\u00e1rmen L\u00facia foi relatora de importantes processos julgados pelo plen\u00e1rio, como a a\u00e7\u00e3o penal do ex-deputado federal Natan Donadon, primeiro parlamentar preso por senten\u00e7a condenat\u00f3ria, e da a\u00e7\u00e3o que pretendia barrar autoriza\u00e7\u00e3o pr\u00e9via para publica\u00e7\u00e3o de biografias n\u00e3o autorizadas.<\/p>\n<p>A ministra tamb\u00e9m fez discursos duros contra a corrup\u00e7\u00e3o em processos envolvendo a Opera\u00e7\u00e3o Lava Jato. Em novembro do ano passado, ao participar do julgamento que referendou a pris\u00e3o do ex-senador Delc\u00eddio do Amaral, ela disse que &#8220;o crime n\u00e3o vencer\u00e1 a Justi\u00e7a e que os &#8220;criminosos n\u00e3o passar\u00e3o&#8221;.<\/p>\n<p>Na decis\u00e3o em que a Corte autorizou a publica\u00e7\u00e3o de biografias n\u00e3o autorizadas, C\u00e1rmen L\u00facia disse repetidamente o dito popular: &#8220;Cala a boca j\u00e1 morreu&#8221;.<\/p>\n<p>Com a ida da ministra para a presid\u00eancia, Ricardo Lewandowski herdar\u00e1 os processos que est\u00e3o no gabinete, entre eles as investiga\u00e7\u00f5es da Opera\u00e7\u00e3o Zelotes e a divis\u00e3o dos<em>\u00a0royalties<\/em>\u00a0do petr\u00f3leo.<\/p>\n<p><img decoding=\"async\" src=\"http:\/\/aconteceunovale.com.br\/portal\/wp-content\/uploads\/2016\/08\/ministra_carmen_lucia.jpg\" alt=\"\" \/><em>A ministra C\u00e1rmen L\u00facia toma posse no dia 12 de setembro (Portal do STF)<\/em><br \/>\n<\/br><\/p>\n<p>(Ag\u00eancia Brasil)<\/p>\n","protected":false},"excerpt":{"rendered":"<p>A ministra do Supremo Tribunal Federal (STF) C\u00e1rmen L\u00facia ser\u00e1 empossada hoje (12\/09\/2016) no cargo de presidente da Corte pelos pr\u00f3ximos dois anos. Ela substituir\u00e1 o ministro Ricardo Lewandowski, cujo mandato terminou. A cerim\u00f4nia est\u00e1 marcada para as 15h. Cerca de 2 mil pessoas foram convidadas, entre elas o presidente Michel Temer, os presidentes da [&hellip;]<\/p>\n","protected":false},"author":1,"featured_media":94226,"comment_status":"open","ping_status":"closed","sticky":false,"template":"","format":"standard","meta":{"amp_status":"","footnotes":""},"categories":[6,1236],"tags":[109700,77984,109706,1018,20323,1278,114880,109702,109703,74203,109699,109701,210,114879,83118,66882,100912,28512,28511],"class_list":["post-96762","post","type-post","status-publish","format-standard","has-post-thumbnail","hentry","category-br","category-norte_de_minas","tag-carmem-lucia-antunes-rocha","tag-carmen-lucia","tag-carmen-lucia-antunes-rocha","tag-destaque","tag-eleicao","tag-espinosa","tag-mineira-carmen-lucia-assume-presidencia-do-stf","tag-mineira-de-montes-claros-e-eleita-presidente-do-stf","tag-mineira-de-montes-claros-sera-a-segunda-mulher-a-assumir-a-presidencia-do-stf","tag-ministra","tag-ministra-carmen-lucia","tag-ministra-carmen-lucia-e-eleita-presidente-do-supremo","tag-montes-claros","tag-norte-mineira-carmen-lucia-assume-presidencia-do-stf","tag-posse","tag-presidente","tag-presidente-do-supremo","tag-ricardo-lewandowski","tag-stf"],"_links":{"self":[{"href":"https:\/\/aconteceunovale.com.br\/portal\/index.php?rest_route=\/wp\/v2\/posts\/96762","targetHints":{"allow":["GET"]}}],"collection":[{"href":"https:\/\/aconteceunovale.com.br\/portal\/index.php?rest_route=\/wp\/v2\/posts"}],"about":[{"href":"https:\/\/aconteceunovale.com.br\/portal\/index.php?rest_route=\/wp\/v2\/types\/post"}],"author":[{"embeddable":true,"href":"https:\/\/aconteceunovale.com.br\/portal\/index.php?rest_route=\/wp\/v2\/users\/1"}],"replies":[{"embeddable":true,"href":"https:\/\/aconteceunovale.com.br\/portal\/index.php?rest_route=%2Fwp%2Fv2%2Fcomments&post=96762"}],"version-history":[{"count":0,"href":"https:\/\/aconteceunovale.com.br\/portal\/index.php?rest_route=\/wp\/v2\/posts\/96762\/revisions"}],"wp:featuredmedia":[{"embeddable":true,"href":"https:\/\/aconteceunovale.com.br\/portal\/index.php?rest_route=\/wp\/v2\/media\/94226"}],"wp:attachment":[{"href":"https:\/\/aconteceunovale.com.br\/portal\/index.php?rest_route=%2Fwp%2Fv2%2Fmedia&parent=96762"}],"wp:term":[{"taxonomy":"category","embeddable":true,"href":"https:\/\/aconteceunovale.com.br\/portal\/index.php?rest_route=%2Fwp%2Fv2%2Fcategories&post=96762"},{"taxonomy":"post_tag","embeddable":true,"href":"https:\/\/aconteceunovale.com.br\/portal\/index.php?rest_route=%2Fwp%2Fv2%2Ftags&post=96762"}],"curies":[{"name":"wp","href":"https:\/\/api.w.org\/{rel}","templated":true}]}}