{"id":96760,"date":"2016-09-12T11:49:08","date_gmt":"2016-09-12T14:49:08","guid":{"rendered":"http:\/\/aconteceunovale.com.br\/portal\/?p=96760"},"modified":"2016-09-12T11:49:08","modified_gmt":"2016-09-12T14:49:08","slug":"dialogo-publico-discutira-em-montes-claros-gestao-da-agua-no-territorio-norte","status":"publish","type":"post","link":"https:\/\/aconteceunovale.com.br\/portal\/?p=96760","title":{"rendered":"Di\u00e1logo p\u00fablico discutir\u00e1 em Montes Claros gest\u00e3o da \u00e1gua no Territ\u00f3rio Norte"},"content":{"rendered":"<p>A\u00a0Ouvidoria-Geral do Estado (OGE)\u00a0e a Companhia de Saneamento de Minas Gerais (Copasa) promovem o Di\u00e1logo P\u00fablico \u201cA Gest\u00e3o da \u00c1gua em contexto de escassez h\u00eddrica: transpar\u00eancia, controle e participa\u00e7\u00e3o social\u201d, que ocorrer\u00e1, em Montes Claros. O evento ser\u00e1 na pr\u00f3xima quarta-feira (14\/9), no audit\u00f3rio da Associa\u00e7\u00e3o dos Munic\u00edpios da \u00c1rea Mineira da Sudene \u2013 Amams (Avenida Major Alexandre Rodrigues, 416 \u2013 bairro Ibituruna).<\/p>\n<p>As inscri\u00e7\u00f5es, gratuitas, podem ser feitas pelo site da OGE (<a href=\"http:\/\/www.ouvidoriageral.mg.gov.br\/\">www.ouvidoriageral.mg.gov.br<\/a>). Apoiam o evento a Universidade Estadual de Montes Claros (Unimontes), o Instituto de Desenvolvimento do Norte e Nordeste de Minas Gerais (Idene) e a Amams.<\/p>\n<p>O tema proposto para discuss\u00e3o foi escolhido em raz\u00e3o da escassez de recursos h\u00eddricos no Territ\u00f3rio de Desenvolvimento Norte e dos problemas e desafios de gest\u00e3o dela decorrentes, como a potabilidade da \u00e1gua, a intermit\u00eancia do abastecimento no cen\u00e1rio urbano e rural e dificuldades quanto \u00e0 divulga\u00e7\u00e3o de informa\u00e7\u00f5es.<\/p>\n<p>Durante o evento, ser\u00e3o mostradas experi\u00eancias de \u00eaxito e alternativas de conv\u00edvio com a falta de \u00e1gua.<\/p>\n<p>De acordo com a ouvidora da Fazenda, Patrim\u00f4nio e Licita\u00e7\u00f5es P\u00fablicas da OGE, Maria Elisa Braz Barbosa, o objetivo \u00e9 criar um espa\u00e7o institucional de di\u00e1logo entre a sociedade civil e gestores de institui\u00e7\u00f5es de \u00f3rg\u00e3os p\u00fablicos das tr\u00eas esferas de poder que tratam da gest\u00e3o dos recursos h\u00eddricos.<\/p>\n<p>\u201cN\u00f3s vamos divulgar informa\u00e7\u00f5es de interesse da sociedade, fomentar na Administra\u00e7\u00e3o P\u00fablica o desenvolvimento da cultura da transpar\u00eancia, da participa\u00e7\u00e3o e do controle social e, sobretudo, propiciar a interlocu\u00e7\u00e3o entre os gestores p\u00fablicos e os cidad\u00e3os\u201d, afirma a ouvidora.<\/p>\n<p><strong>Programa\u00e7\u00e3o<\/strong><\/p>\n<p>O credenciamento ser\u00e1 iniciado \u00e0s 8 horas, seguido pela solenidade de abertura e pela primeira mesa de debates, cujo tema \u00e9 \u201cGest\u00e3o das bacias hidrogr\u00e1ficas: pereniza\u00e7\u00e3o, revitaliza\u00e7\u00e3o, prote\u00e7\u00e3o de mananciais e o uso democr\u00e1tico das \u00e1guas\u201d. Em seguida, haver\u00e1 um momento para debate com os participantes encerrando a programa\u00e7\u00e3o da manh\u00e3.<\/p>\n<p>\u00c0 tarde, o evento ser\u00e1 retomado \u00e0s 14 horas com a mesa de debates \u201cGest\u00e3o da \u00e1gua em contexto urbano: abastecimento, potabilidade, racionamento, rod\u00edzio, transpar\u00eancia e participa\u00e7\u00e3o social\u201d. Os presentes poder\u00e3o fazer perguntas aos debatedores ap\u00f3s exposi\u00e7\u00e3o dos debatedores.<\/p>\n<p>Em seguida, haver\u00e1 uma mesa sobre \u201cRecursos h\u00eddricos: dificuldades desafios e experi\u00eancias exitosas\u201d, quando ser\u00e3o expostas as experi\u00eancias do Projeto Barraginhas, do Centro de Estudos de Conviv\u00eancia com o Semi\u00e1rido, do Projeto Vidas \u00c1ridas e dos Projetos Cultivando \u00c1gua Boa e \u00c1gua Para Todos.\u00a0<a href=\"http:\/\/www.bit.ly\/OGE-COPASA\" target=\"_blank\">Clique aqui para saber detalhes da programa\u00e7\u00e3o<\/a>.<\/p>\n<p><strong>Entidades participantes<\/strong><\/p>\n<p>O Di\u00e1logo P\u00fablico \u201cA Gest\u00e3o da \u00c1gua em cen\u00e1rio de escassez h\u00eddrica: transpar\u00eancia e participa\u00e7\u00e3o social\u201d conta com a parceria entre diversos \u00f3rg\u00e3os p\u00fablicos e entidades da sociedade civil.<\/p>\n<p>Al\u00e9m da OGE, Copasa e Unimontes, participam do evento a Associa\u00e7\u00e3o dos Munic\u00edpios da \u00c1rea Mineira da Sudene (Amams), a Federa\u00e7\u00e3o dos Trabalhadores na Agricultura do Estado de Minas Gerais (Fetaemg), Companhia de Desenvolvimento dos Vales do S\u00e3o Francisco e do Parna\u00edba (Codevasf), Funda\u00e7\u00e3o Nacional de Sa\u00fade (Funasa), Secretaria de Estado de Desenvolvimento e Integra\u00e7\u00e3o do Norte e Nordeste de Minas Gerais (Sedinor), Comit\u00ea de Bacia Hidrogr\u00e1fica dos Rios Jequita\u00ed e Pacu\u00ed, Empresa de Assist\u00eancia T\u00e9cnica e Extens\u00e3o Rural do Estado de Minas Gerais (Emater), Instituto Mineiro de Gest\u00e3o\u00a0 das \u00c1guas (Igam), Defensoria P\u00fablica (DPMG), Associa\u00e7\u00e3o Brasileira de Engenharia Sanit\u00e1ria e Ambiental (Abes), a Ag\u00eancia Reguladora de Servi\u00e7os de Abastecimento de \u00e1gua e de Esgotamento Sanit\u00e1rio do Estado de Minas Gerais (Arsae) e a Controladoria-Geral do Estado (CGE).<\/p>\n<p><strong>Servi\u00e7o<\/strong><\/p>\n<p>Acesse o site da\u00a0<a href=\"http:\/\/ouvidoriageral.mg.gov.br\/\" target=\"_blank\">Ouvidoria-Geral do Estado (www.ouvidoriageral.mg.gov.br)<\/a>\u00a0para saber detalhes da programa\u00e7\u00e3o e realizar sua inscri\u00e7\u00e3o.(Ag\u00eancia Minas)<\/p>\n","protected":false},"excerpt":{"rendered":"<p>A\u00a0Ouvidoria-Geral do Estado (OGE)\u00a0e a Companhia de Saneamento de Minas Gerais (Copasa) promovem o Di\u00e1logo P\u00fablico \u201cA Gest\u00e3o da \u00c1gua em contexto de escassez h\u00eddrica: transpar\u00eancia, controle e participa\u00e7\u00e3o social\u201d, que ocorrer\u00e1, em Montes Claros. O evento ser\u00e1 na pr\u00f3xima quarta-feira (14\/9), no audit\u00f3rio da Associa\u00e7\u00e3o dos Munic\u00edpios da \u00c1rea Mineira da Sudene \u2013 Amams [&hellip;]<\/p>\n","protected":false},"author":1,"featured_media":78106,"comment_status":"open","ping_status":"closed","sticky":false,"template":"","format":"standard","meta":{"amp_status":"","footnotes":""},"categories":[1236],"tags":[27758,179,114875,114876,114877,210,114878,56535],"class_list":["post-96760","post","type-post","status-publish","format-standard","has-post-thumbnail","hentry","category-norte_de_minas","tag-companhia-de-saneamento-de-minas-gerais","tag-copasa","tag-dialogo-publico-discutira-em-montes-claros-gestao-da-agua-no-territorio-norte","tag-gestao-da-agua-no-norte-de-minas","tag-gestao-da-agua-no-territorio-norte","tag-montes-claros","tag-oge","tag-ouvidoria-geral-do-estado"],"_links":{"self":[{"href":"https:\/\/aconteceunovale.com.br\/portal\/index.php?rest_route=\/wp\/v2\/posts\/96760","targetHints":{"allow":["GET"]}}],"collection":[{"href":"https:\/\/aconteceunovale.com.br\/portal\/index.php?rest_route=\/wp\/v2\/posts"}],"about":[{"href":"https:\/\/aconteceunovale.com.br\/portal\/index.php?rest_route=\/wp\/v2\/types\/post"}],"author":[{"embeddable":true,"href":"https:\/\/aconteceunovale.com.br\/portal\/index.php?rest_route=\/wp\/v2\/users\/1"}],"replies":[{"embeddable":true,"href":"https:\/\/aconteceunovale.com.br\/portal\/index.php?rest_route=%2Fwp%2Fv2%2Fcomments&post=96760"}],"version-history":[{"count":0,"href":"https:\/\/aconteceunovale.com.br\/portal\/index.php?rest_route=\/wp\/v2\/posts\/96760\/revisions"}],"wp:featuredmedia":[{"embeddable":true,"href":"https:\/\/aconteceunovale.com.br\/portal\/index.php?rest_route=\/wp\/v2\/media\/78106"}],"wp:attachment":[{"href":"https:\/\/aconteceunovale.com.br\/portal\/index.php?rest_route=%2Fwp%2Fv2%2Fmedia&parent=96760"}],"wp:term":[{"taxonomy":"category","embeddable":true,"href":"https:\/\/aconteceunovale.com.br\/portal\/index.php?rest_route=%2Fwp%2Fv2%2Fcategories&post=96760"},{"taxonomy":"post_tag","embeddable":true,"href":"https:\/\/aconteceunovale.com.br\/portal\/index.php?rest_route=%2Fwp%2Fv2%2Ftags&post=96760"}],"curies":[{"name":"wp","href":"https:\/\/api.w.org\/{rel}","templated":true}]}}