{"id":96756,"date":"2016-09-11T21:32:04","date_gmt":"2016-09-12T00:32:04","guid":{"rendered":"http:\/\/aconteceunovale.com.br\/portal\/?p=96756"},"modified":"2016-09-11T21:32:04","modified_gmt":"2016-09-12T00:32:04","slug":"coronel-reformado-da-pm-e-preso-por-estupro-de-menina-de-2-anos","status":"publish","type":"post","link":"https:\/\/aconteceunovale.com.br\/portal\/?p=96756","title":{"rendered":"Coronel reformado da PM \u00e9 preso por estupro de menina de 2 anos"},"content":{"rendered":"<p>Um coronel reformado da Pol\u00edcia Militar (PM) do Rio de Janeiro, de 62 anos, foi preso em flagrante ontem (10\/09\/2016) \u00e0 noite ao ser surpreendido com uma crian\u00e7a do sexo feminino, de apenas dois anos de idade, completamente nua no interior do seu carro. Ele foi preso por policiais do 22\u00ba Batalh\u00e3o da Pol\u00edcia Militar (Benfica), que atenderam a uma den\u00fancia an\u00f4nima.<\/p>\n<p>A pris\u00e3o ocorreu em Ramos, bairro da zona norte do Rio. No ato do flagrante, o coronel Pedro Chavarry Duarte teria tentado subornar os policiais, para que a ocorr\u00eancia n\u00e3o fosse levada adiante.<\/p>\n<p>Segundo nota divulgada pela assessoria de Imprensa da Pol\u00edcia Civil, com base em informa\u00e7\u00f5es da Central de Garantias Norte, a delegada Carolina Marins, ap\u00f3s apreciar as provas, autuou o coronel em flagrante pelos crimes de estupro de vulner\u00e1vel e corrup\u00e7\u00e3o ativa.<\/p>\n<p><img decoding=\"async\" src=\"http:\/\/aconteceunovale.com.br\/portal\/wp-content\/uploads\/2016\/09\/coronel_pm_preso.jpg\" alt=\"\" \/><em>Coronel reformado da PM, Pedro Chavarry Duarte, de 62 anos (Reprodu\u00e7\u00e3o)<\/em><br \/>\n<\/br><\/p>\n<p><strong>Expuls\u00e3o<\/strong><\/p>\n<p>De acordo com a nota, a crian\u00e7a foi entregue \u201caos respons\u00e1veis legais\u201d e ser\u00e1 encaminhada \u00e0 Delegacia da Crian\u00e7a e do Adolescente V\u00edtima (DCAV) para \u201centrevista de revela\u00e7\u00e3o\u201d. C\u00f3pias do procedimento ser\u00e3o encaminhadas ao Conselho Tutelar, de modo a garantir a assist\u00eancia \u00e0 crian\u00e7a, e tamb\u00e9m \u00e0 21\u00aa Delegacia de Pol\u00edcia, para prosseguir na investiga\u00e7\u00e3o.<\/p>\n<p>As informa\u00e7\u00f5es indicam que o coronel preside a Caixa Beneficente da Pol\u00edcia Militar do Rio de Janeiro. Ele foi encaminhado ao Batalh\u00e3o Especial Prisional (BEP), em Niter\u00f3i. Al\u00e9m de responder \u00e0 Justi\u00e7a comum, o coronel reformado tamb\u00e9m ser\u00e1 submetido a um Processo Administrativo Disciplinar na Pol\u00edcia Militar, podendo ser expulso da corpora\u00e7\u00e3o.<\/p>\n<p><strong>Secretaria<\/strong><\/p>\n<p>Em nota, o secret\u00e1rio de Estado de Assist\u00eancia Social e Direitos Humanos, Paulo Melo, determinou que a secretaria acompanhe de perto a pris\u00e3o do coronel reformado da PM, flagrado com uma crian\u00e7a de 2 anos nua. O secret\u00e1rio lembrou que, na d\u00e9cada de 90, ao comandar uma comiss\u00e3o parlamentar na Assembleia Legislativa do Rio de Janeiro (Alerj), prendeu o oficial acusado de envolvimento com o tr\u00e1fico de beb\u00eas.<\/p>\n<p>No documento, Paulo Melo disse que \u00e0 \u00e9poca foi procurado por uma associa\u00e7\u00e3o de moradores de Bangu, que relatou o envolvimento de um PM com a venda de crian\u00e7as. &#8220;Montamos uma opera\u00e7\u00e3o com a ajuda do 14\u00ba BPM (Bangu) e ficamos esperando no local usado pela quadrilha como cativeiro, onde os beb\u00eas eram deixados de manh\u00e3, sob efeito de tranquilizantes, e, \u00e0 noite, transportados pelo bando. Quem da quadrilha chegou para pegar o beb\u00ea, de apenas quatro meses, foi o ent\u00e3o capit\u00e3o. Foi preso e autuado em flagrante&#8221;, recordou Paulo Melo.<\/p>\n<p>Para o secret\u00e1rio, os dois casos podem mostrar um envolvimento sistem\u00e1tico do PM em casos de abusos e tr\u00e1fico a menores desde a d\u00e9cada de 90. &#8220;Quantas crian\u00e7as ele pode ter molestado nesse per\u00edodo. Desde aquela \u00e9poca ele j\u00e1 demonstrava um desvio de conduta incompat\u00edvel com a atividade policial e de servidor p\u00fablico&#8221;, analisou Paulo Melo, recordando que, apensar das provas contundentes, o coronel conseguiu arrastar o processo na Justi\u00e7a e saiu impune.<\/p>\n<p><strong>Promo\u00e7\u00f5es<\/strong><\/p>\n<p>&#8220;O ent\u00e3o capit\u00e3o era ardiloso. Ele se aproximava das m\u00e3es, geralmente de comunidades muito carentes, e dizia que trabalhava para a igreja, que iria arrumar uma creche. At\u00e9 colocava os beb\u00eas em creches, mas, em seguida, convencia as m\u00e3es de que elas n\u00e3o tinham condi\u00e7\u00f5es de cri\u00e1-las e, o melhor, seriam do\u00e1-las. Aproveitava da fraqueza e da necessidade. Depois, essas crian\u00e7as eram vendidas pelo oficial&#8221;, lembrou Paulo Melo.<\/p>\n<p>O secret\u00e1rio pediu o acompanhamento do caso para saber se o coronel continuava a atuar no rapto de menores. Paulo Melo tamb\u00e9m ir\u00e1 apurar como ocorreram as promo\u00e7\u00f5es do oficial da PM sem levar em considera\u00e7\u00e3o o hist\u00f3rico criminal. &#8220;Talvez agora ele seja exclu\u00eddo&#8221;, avaliou o secret\u00e1rio.<\/p>\n<p><em>(Com informa\u00e7\u00f5es da Ag\u00eancia Brasil)<\/em><\/p>\n","protected":false},"excerpt":{"rendered":"<p>Um coronel reformado da Pol\u00edcia Militar (PM) do Rio de Janeiro, de 62 anos, foi preso em flagrante ontem (10\/09\/2016) \u00e0 noite ao ser surpreendido com uma crian\u00e7a do sexo feminino, de apenas dois anos de idade, completamente nua no interior do seu carro. Ele foi preso por policiais do 22\u00ba Batalh\u00e3o da Pol\u00edcia Militar [&hellip;]<\/p>\n","protected":false},"author":1,"featured_media":96757,"comment_status":"open","ping_status":"closed","sticky":false,"template":"","format":"standard","meta":{"amp_status":"","footnotes":""},"categories":[6],"tags":[114867,114866,114864,114870,114873,114872,114858,114860,114861,114869,18917,114862,114865,552,19707,114859,114863,58317,114868,114871],"class_list":["post-96756","post","type-post","status-publish","format-standard","has-post-thumbnail","hentry","category-br","tag-caixa-beneficente-da-policia-militar-do-rio-de-janeiro","tag-carolina-marins","tag-coronel-pedro-chavarry-duarte-e-preso-por-pedofilia","tag-coronel-reformado","tag-coronel-reformado-da-pm-e-preso-por-estupro-de-menina-de-2-anos","tag-coronel-reformado-da-pm-e-preso-por-pedofilia","tag-coronel-reformado-da-policia-militar-do-rio-de-janeiro","tag-coronel-reformado-da-policia-militar-do-rio-de-janeiro-e-preso-por-pedofilia","tag-coronel-reformado-da-policia-militar-do-rio-de-janeiro-preso-por-estupro","tag-paulo-melo","tag-pedofilia","tag-pedro-chavarry-duarte","tag-pedro-chavarry-duarte-e-preso-por-estupro","tag-pm","tag-prisao","tag-prisao-de-coronel-reformado-da-policia-militar-do-rio-de-janeiro","tag-prisao-do-coronel-pedro-chavarry-duarte","tag-rio","tag-secretario-de-estado-de-assistencia-social-e-direitos-humanos","tag-suspeita"],"_links":{"self":[{"href":"https:\/\/aconteceunovale.com.br\/portal\/index.php?rest_route=\/wp\/v2\/posts\/96756","targetHints":{"allow":["GET"]}}],"collection":[{"href":"https:\/\/aconteceunovale.com.br\/portal\/index.php?rest_route=\/wp\/v2\/posts"}],"about":[{"href":"https:\/\/aconteceunovale.com.br\/portal\/index.php?rest_route=\/wp\/v2\/types\/post"}],"author":[{"embeddable":true,"href":"https:\/\/aconteceunovale.com.br\/portal\/index.php?rest_route=\/wp\/v2\/users\/1"}],"replies":[{"embeddable":true,"href":"https:\/\/aconteceunovale.com.br\/portal\/index.php?rest_route=%2Fwp%2Fv2%2Fcomments&post=96756"}],"version-history":[{"count":0,"href":"https:\/\/aconteceunovale.com.br\/portal\/index.php?rest_route=\/wp\/v2\/posts\/96756\/revisions"}],"wp:featuredmedia":[{"embeddable":true,"href":"https:\/\/aconteceunovale.com.br\/portal\/index.php?rest_route=\/wp\/v2\/media\/96757"}],"wp:attachment":[{"href":"https:\/\/aconteceunovale.com.br\/portal\/index.php?rest_route=%2Fwp%2Fv2%2Fmedia&parent=96756"}],"wp:term":[{"taxonomy":"category","embeddable":true,"href":"https:\/\/aconteceunovale.com.br\/portal\/index.php?rest_route=%2Fwp%2Fv2%2Fcategories&post=96756"},{"taxonomy":"post_tag","embeddable":true,"href":"https:\/\/aconteceunovale.com.br\/portal\/index.php?rest_route=%2Fwp%2Fv2%2Ftags&post=96756"}],"curies":[{"name":"wp","href":"https:\/\/api.w.org\/{rel}","templated":true}]}}