{"id":96750,"date":"2016-09-11T20:35:02","date_gmt":"2016-09-11T23:35:02","guid":{"rendered":"http:\/\/aconteceunovale.com.br\/portal\/?p=96750"},"modified":"2026-09-02T12:02:47","modified_gmt":"2026-09-02T15:02:47","slug":"homem-busca-familia-em-almenara-apos-perder-contato-ha-mais-de-45-anos","status":"publish","type":"post","link":"https:\/\/aconteceunovale.com.br\/portal\/?p=96750","title":{"rendered":"Homem busca fam\u00edlia em Almenara ap\u00f3s perder contato h\u00e1 mais de 45 anos"},"content":{"rendered":"<p>No \u00faltimo dia 10 de setembro de 2016, a reda\u00e7\u00e3o do Aconteceu no Vale recebeu um e-mail da leitora Rita de C\u00e1ssia Pinto Ferreira, que est\u00e1 a procura de familiares de seu pai, Gilvando Ferreira Campos (foto), natural de Almenara. Segundo Rita, que \u00e9 natural de Pint\u00f3polis e atualmente reside em Lagoa da Prata, Gilvando foi levado do munic\u00edpio do Vale do Jequitinhonha quando ainda era crian\u00e7a.<\/p>\n<p>&#8220;Ele foi levado de l\u00e1 quando tinha apenas 8 anos de idade e desde ent\u00e3o n\u00e3o tem not\u00edcias de sua fam\u00edlia. Hoje meu pai est\u00e1 com 53 anos e sonha em reencontrar seus familiares, um irm\u00e3o pelo menos. Ele se lembra da inf\u00e2ncia pobre, talvez esse seja o motivo pelo qual foi dado. Ele sofreu muito com essa mulher que o criou, que se chama Helena. Ela apenas falava com ele que o nome da m\u00e3e dele era Geni Ferreira (realmente \u00e9 o que consta no registro de nascimento) e que seu pai era caminhoneiro e quando chegava das viagens batia nela e nos seu filhos, por isso essa mulher (helena) o levou de l\u00e1.&#8221;, conta a filha do senhor Gilvando.<\/p>\n<p>Informa\u00e7\u00f5es sobre a localiza\u00e7\u00e3o de familiares de Gilvando Ferreira Campos podem ser repassadas atrav\u00e9s do telefone\/WhatsApp (37) 9 9921-3747 ou pelo e-mail ritadecassia123414@hotmail.com. Voc\u00ea tamb\u00e9m poder\u00e1 entrar em contato com o Aconteceu no Vale atrav\u00e9s de nossa p\u00e1gina no Facebook ou pelo e-mail contato@aconteceunovale.com.br.<\/p>\n<p><img decoding=\"async\" src=\"http:\/\/aconteceunovale.com.br\/portal\/wp-content\/uploads\/2016\/09\/procura_familiares_pintopolis_1.jpg\" alt=\"\" \/><em>Gilvando Ferreira Campos tem 53 anos (Arquivo da fam\u00edlia)<\/em><\/p>\n","protected":false},"excerpt":{"rendered":"<p>No \u00faltimo dia 10 de setembro de 2016, a reda\u00e7\u00e3o do Aconteceu no Vale recebeu um e-mail da leitora Rita de C\u00e1ssia Pinto Ferreira, que est\u00e1 a procura de familiares de seu pai, Gilvando Ferreira Campos (foto), natural de Almenara. Segundo Rita, que \u00e9 natural de Pint\u00f3polis e atualmente reside em Lagoa da Prata, Gilvando [&hellip;]<\/p>\n","protected":false},"author":1,"featured_media":96751,"comment_status":"open","ping_status":"closed","sticky":false,"template":"","format":"standard","meta":{"amp_status":"","footnotes":""},"categories":[272528,120],"tags":[142,114853,114874,114849,1509,1710,114851,114852,114850,114854],"class_list":["post-96750","post","type-post","status-publish","format-standard","has-post-thumbnail","hentry","category-almenara","category-jequi","tag-almenara","tag-gilvaldo-ferreira-campos","tag-gilvando-ferreira-campos","tag-homem-busca-familia-em-almenara-apos-perder-contato-ha-mais-de-45-anos","tag-lagoa-da-prata","tag-pintopolis","tag-procura-por-familia-em-almenara","tag-procura-por-familiares-em-almenara","tag-procura-por-parentes-em-almenara","tag-rita-de-cassia-pinto-ferreira"],"yoast_head":"<!-- This site is optimized with the Yoast SEO plugin v28.3 - https:\/\/yoast.com\/product\/yoast-seo-wordpress\/ -->\n<title>Homem busca fam\u00edlia em Almenara ap\u00f3s perder contato h\u00e1 mais de 45 anos - Aconteceu no Vale<\/title>\n<meta name=\"robots\" content=\"index, follow, max-snippet:-1, max-image-preview:large, max-video-preview:-1\" \/>\n<link rel=\"canonical\" href=\"https:\/\/aconteceunovale.com.br\/portal\/?p=96750\" \/>\n<meta property=\"og:locale\" content=\"pt_BR\" \/>\n<meta property=\"og:type\" content=\"article\" \/>\n<meta property=\"og:title\" content=\"Homem busca fam\u00edlia em Almenara ap\u00f3s perder contato h\u00e1 mais de 45 anos - Aconteceu no Vale\" \/>\n<meta property=\"og:description\" content=\"No \u00faltimo dia 10 de setembro de 2016, a reda\u00e7\u00e3o do Aconteceu no Vale recebeu um e-mail da leitora Rita de C\u00e1ssia Pinto Ferreira, que est\u00e1 a procura de familiares de seu pai, Gilvando Ferreira Campos (foto), natural de Almenara. Segundo Rita, que \u00e9 natural de Pint\u00f3polis e atualmente reside em Lagoa da Prata, Gilvando [&hellip;]\" \/>\n<meta property=\"og:url\" content=\"https:\/\/aconteceunovale.com.br\/portal\/?p=96750\" \/>\n<meta property=\"og:site_name\" content=\"Aconteceu no Vale\" \/>\n<meta property=\"article:publisher\" content=\"https:\/\/www.facebook.com\/aconteceunovale\/\" \/>\n<meta property=\"article:published_time\" content=\"2016-09-11T23:35:02+00:00\" \/>\n<meta property=\"article:modified_time\" content=\"2026-09-02T15:02:47+00:00\" \/>\n<meta property=\"og:image\" content=\"https:\/\/aconteceunovale.com.br\/portal\/wp-content\/uploads\/2016\/09\/procura_familiares_pintopolis_1.jpg\" \/>\n\t<meta property=\"og:image:width\" content=\"664\" \/>\n\t<meta property=\"og:image:height\" content=\"450\" \/>\n\t<meta property=\"og:image:type\" content=\"image\/jpeg\" \/>\n<meta name=\"author\" content=\"Aconteceu no Vale\" \/>\n<meta name=\"twitter:card\" content=\"summary_large_image\" \/>\n<meta name=\"twitter:creator\" content=\"@noticiadosvales\" \/>\n<meta name=\"twitter:site\" content=\"@noticiadosvales\" \/>\n<meta name=\"twitter:label1\" content=\"Escrito por\" \/>\n\t<meta name=\"twitter:data1\" content=\"Aconteceu no Vale\" \/>\n\t<meta name=\"twitter:label2\" content=\"Est. tempo de leitura\" \/>\n\t<meta name=\"twitter:data2\" content=\"1 minuto\" \/>\n<script type=\"application\/ld+json\" class=\"yoast-schema-graph\">{\"@context\":\"https:\\\/\\\/schema.org\",\"@graph\":[{\"@type\":\"Article\",\"@id\":\"https:\\\/\\\/aconteceunovale.com.br\\\/portal\\\/?p=96750#article\",\"isPartOf\":{\"@id\":\"https:\\\/\\\/aconteceunovale.com.br\\\/portal\\\/?p=96750\"},\"author\":{\"name\":\"Aconteceu no Vale\",\"@id\":\"https:\\\/\\\/aconteceunovale.com.br\\\/portal\\\/#\\\/schema\\\/person\\\/633529146f2c94272bef50ac2953d589\"},\"headline\":\"Homem busca fam\u00edlia em Almenara ap\u00f3s perder contato h\u00e1 mais de 45 anos\",\"datePublished\":\"2016-09-11T23:35:02+00:00\",\"dateModified\":\"2026-09-02T15:02:47+00:00\",\"mainEntityOfPage\":{\"@id\":\"https:\\\/\\\/aconteceunovale.com.br\\\/portal\\\/?p=96750\"},\"wordCount\":271,\"commentCount\":0,\"image\":{\"@id\":\"https:\\\/\\\/aconteceunovale.com.br\\\/portal\\\/?p=96750#primaryimage\"},\"thumbnailUrl\":\"https:\\\/\\\/aconteceunovale.com.br\\\/portal\\\/wp-content\\\/uploads\\\/2016\\\/09\\\/procura_familiares_pintopolis_1.jpg\",\"keywords\":[\"Almenara\",\"Gilvaldo Ferreira Campos\",\"Gilvando Ferreira Campos\",\"Homem busca fam\u00edlia em Almenara ap\u00f3s perder contato h\u00e1 mais de 45 anos\",\"Lagoa da Prata\",\"Pint\u00f3polis\",\"Procura por fam\u00edlia em Almenara\",\"Procura por familiares em Almenara\",\"Procura por parentes em Almenara\",\"Rita de C\u00e1ssia Pinto Ferreira\"],\"articleSection\":[\"Almenara\",\"Vale do Jequitinhonha\"],\"inLanguage\":\"pt-BR\",\"potentialAction\":[{\"@type\":\"CommentAction\",\"name\":\"Comment\",\"target\":[\"https:\\\/\\\/aconteceunovale.com.br\\\/portal\\\/?p=96750#respond\"]}]},{\"@type\":\"WebPage\",\"@id\":\"https:\\\/\\\/aconteceunovale.com.br\\\/portal\\\/?p=96750\",\"url\":\"https:\\\/\\\/aconteceunovale.com.br\\\/portal\\\/?p=96750\",\"name\":\"Homem busca fam\u00edlia em Almenara ap\u00f3s perder contato h\u00e1 mais de 45 anos - Aconteceu no Vale\",\"isPartOf\":{\"@id\":\"https:\\\/\\\/aconteceunovale.com.br\\\/portal\\\/#website\"},\"primaryImageOfPage\":{\"@id\":\"https:\\\/\\\/aconteceunovale.com.br\\\/portal\\\/?p=96750#primaryimage\"},\"image\":{\"@id\":\"https:\\\/\\\/aconteceunovale.com.br\\\/portal\\\/?p=96750#primaryimage\"},\"thumbnailUrl\":\"https:\\\/\\\/aconteceunovale.com.br\\\/portal\\\/wp-content\\\/uploads\\\/2016\\\/09\\\/procura_familiares_pintopolis_1.jpg\",\"datePublished\":\"2016-09-11T23:35:02+00:00\",\"dateModified\":\"2026-09-02T15:02:47+00:00\",\"author\":{\"@id\":\"https:\\\/\\\/aconteceunovale.com.br\\\/portal\\\/#\\\/schema\\\/person\\\/633529146f2c94272bef50ac2953d589\"},\"breadcrumb\":{\"@id\":\"https:\\\/\\\/aconteceunovale.com.br\\\/portal\\\/?p=96750#breadcrumb\"},\"inLanguage\":\"pt-BR\",\"potentialAction\":[{\"@type\":\"ReadAction\",\"target\":[\"https:\\\/\\\/aconteceunovale.com.br\\\/portal\\\/?p=96750\"]}]},{\"@type\":\"ImageObject\",\"inLanguage\":\"pt-BR\",\"@id\":\"https:\\\/\\\/aconteceunovale.com.br\\\/portal\\\/?p=96750#primaryimage\",\"url\":\"https:\\\/\\\/aconteceunovale.com.br\\\/portal\\\/wp-content\\\/uploads\\\/2016\\\/09\\\/procura_familiares_pintopolis_1.jpg\",\"contentUrl\":\"https:\\\/\\\/aconteceunovale.com.br\\\/portal\\\/wp-content\\\/uploads\\\/2016\\\/09\\\/procura_familiares_pintopolis_1.jpg\",\"width\":664,\"height\":450},{\"@type\":\"BreadcrumbList\",\"@id\":\"https:\\\/\\\/aconteceunovale.com.br\\\/portal\\\/?p=96750#breadcrumb\",\"itemListElement\":[{\"@type\":\"ListItem\",\"position\":1,\"name\":\"In\u00edcio\",\"item\":\"https:\\\/\\\/aconteceunovale.com.br\\\/portal\\\/\"},{\"@type\":\"ListItem\",\"position\":2,\"name\":\"Homem busca fam\u00edlia em Almenara ap\u00f3s perder contato h\u00e1 mais de 45 anos\"}]},{\"@type\":\"WebSite\",\"@id\":\"https:\\\/\\\/aconteceunovale.com.br\\\/portal\\\/#website\",\"url\":\"https:\\\/\\\/aconteceunovale.com.br\\\/portal\\\/\",\"name\":\"Aconteceu no Vale\",\"description\":\"Portal de Not\u00edcias\",\"potentialAction\":[{\"@type\":\"SearchAction\",\"target\":{\"@type\":\"EntryPoint\",\"urlTemplate\":\"https:\\\/\\\/aconteceunovale.com.br\\\/portal\\\/?s={search_term_string}\"},\"query-input\":{\"@type\":\"PropertyValueSpecification\",\"valueRequired\":true,\"valueName\":\"search_term_string\"}}],\"inLanguage\":\"pt-BR\"},{\"@type\":\"Person\",\"@id\":\"https:\\\/\\\/aconteceunovale.com.br\\\/portal\\\/#\\\/schema\\\/person\\\/633529146f2c94272bef50ac2953d589\",\"name\":\"Aconteceu no Vale\",\"description\":\"Equipe de reportagem do Aconteceu no Vale, portal de not\u00edcias do Vale do Jequitinhonha, em Minas Gerais. Cobrimos as 51 cidades do Vale desde 2013. Sugest\u00f5es de pauta e pedidos de corre\u00e7\u00e3o: contato@aconteceunovale.com.br\",\"sameAs\":[\"http:\\\/\\\/www.aconteceunovale.com.br\"],\"url\":\"https:\\\/\\\/aconteceunovale.com.br\\\/portal\\\/?author=1\"}]}<\/script>\n<!-- \/ Yoast SEO plugin. -->","yoast_head_json":{"title":"Homem busca fam\u00edlia em Almenara ap\u00f3s perder contato h\u00e1 mais de 45 anos - Aconteceu no Vale","robots":{"index":"index","follow":"follow","max-snippet":"max-snippet:-1","max-image-preview":"max-image-preview:large","max-video-preview":"max-video-preview:-1"},"canonical":"https:\/\/aconteceunovale.com.br\/portal\/?p=96750","og_locale":"pt_BR","og_type":"article","og_title":"Homem busca fam\u00edlia em Almenara ap\u00f3s perder contato h\u00e1 mais de 45 anos - Aconteceu no Vale","og_description":"No \u00faltimo dia 10 de setembro de 2016, a reda\u00e7\u00e3o do Aconteceu no Vale recebeu um e-mail da leitora Rita de C\u00e1ssia Pinto Ferreira, que est\u00e1 a procura de familiares de seu pai, Gilvando Ferreira Campos (foto), natural de Almenara. Segundo Rita, que \u00e9 natural de Pint\u00f3polis e atualmente reside em Lagoa da Prata, Gilvando [&hellip;]","og_url":"https:\/\/aconteceunovale.com.br\/portal\/?p=96750","og_site_name":"Aconteceu no Vale","article_publisher":"https:\/\/www.facebook.com\/aconteceunovale\/","article_published_time":"2016-09-11T23:35:02+00:00","article_modified_time":"2026-09-02T15:02:47+00:00","og_image":[{"width":664,"height":450,"url":"https:\/\/aconteceunovale.com.br\/portal\/wp-content\/uploads\/2016\/09\/procura_familiares_pintopolis_1.jpg","type":"image\/jpeg"}],"author":"Aconteceu no Vale","twitter_card":"summary_large_image","twitter_creator":"@noticiadosvales","twitter_site":"@noticiadosvales","twitter_misc":{"Escrito por":"Aconteceu no Vale","Est. tempo de leitura":"1 minuto"},"schema":{"@context":"https:\/\/schema.org","@graph":[{"@type":"Article","@id":"https:\/\/aconteceunovale.com.br\/portal\/?p=96750#article","isPartOf":{"@id":"https:\/\/aconteceunovale.com.br\/portal\/?p=96750"},"author":{"name":"Aconteceu no Vale","@id":"https:\/\/aconteceunovale.com.br\/portal\/#\/schema\/person\/633529146f2c94272bef50ac2953d589"},"headline":"Homem busca fam\u00edlia em Almenara ap\u00f3s perder contato h\u00e1 mais de 45 anos","datePublished":"2016-09-11T23:35:02+00:00","dateModified":"2026-09-02T15:02:47+00:00","mainEntityOfPage":{"@id":"https:\/\/aconteceunovale.com.br\/portal\/?p=96750"},"wordCount":271,"commentCount":0,"image":{"@id":"https:\/\/aconteceunovale.com.br\/portal\/?p=96750#primaryimage"},"thumbnailUrl":"https:\/\/aconteceunovale.com.br\/portal\/wp-content\/uploads\/2016\/09\/procura_familiares_pintopolis_1.jpg","keywords":["Almenara","Gilvaldo Ferreira Campos","Gilvando Ferreira Campos","Homem busca fam\u00edlia em Almenara ap\u00f3s perder contato h\u00e1 mais de 45 anos","Lagoa da Prata","Pint\u00f3polis","Procura por fam\u00edlia em Almenara","Procura por familiares em Almenara","Procura por parentes em Almenara","Rita de C\u00e1ssia Pinto Ferreira"],"articleSection":["Almenara","Vale do Jequitinhonha"],"inLanguage":"pt-BR","potentialAction":[{"@type":"CommentAction","name":"Comment","target":["https:\/\/aconteceunovale.com.br\/portal\/?p=96750#respond"]}]},{"@type":"WebPage","@id":"https:\/\/aconteceunovale.com.br\/portal\/?p=96750","url":"https:\/\/aconteceunovale.com.br\/portal\/?p=96750","name":"Homem busca fam\u00edlia em Almenara ap\u00f3s perder contato h\u00e1 mais de 45 anos - Aconteceu no Vale","isPartOf":{"@id":"https:\/\/aconteceunovale.com.br\/portal\/#website"},"primaryImageOfPage":{"@id":"https:\/\/aconteceunovale.com.br\/portal\/?p=96750#primaryimage"},"image":{"@id":"https:\/\/aconteceunovale.com.br\/portal\/?p=96750#primaryimage"},"thumbnailUrl":"https:\/\/aconteceunovale.com.br\/portal\/wp-content\/uploads\/2016\/09\/procura_familiares_pintopolis_1.jpg","datePublished":"2016-09-11T23:35:02+00:00","dateModified":"2026-09-02T15:02:47+00:00","author":{"@id":"https:\/\/aconteceunovale.com.br\/portal\/#\/schema\/person\/633529146f2c94272bef50ac2953d589"},"breadcrumb":{"@id":"https:\/\/aconteceunovale.com.br\/portal\/?p=96750#breadcrumb"},"inLanguage":"pt-BR","potentialAction":[{"@type":"ReadAction","target":["https:\/\/aconteceunovale.com.br\/portal\/?p=96750"]}]},{"@type":"ImageObject","inLanguage":"pt-BR","@id":"https:\/\/aconteceunovale.com.br\/portal\/?p=96750#primaryimage","url":"https:\/\/aconteceunovale.com.br\/portal\/wp-content\/uploads\/2016\/09\/procura_familiares_pintopolis_1.jpg","contentUrl":"https:\/\/aconteceunovale.com.br\/portal\/wp-content\/uploads\/2016\/09\/procura_familiares_pintopolis_1.jpg","width":664,"height":450},{"@type":"BreadcrumbList","@id":"https:\/\/aconteceunovale.com.br\/portal\/?p=96750#breadcrumb","itemListElement":[{"@type":"ListItem","position":1,"name":"In\u00edcio","item":"https:\/\/aconteceunovale.com.br\/portal\/"},{"@type":"ListItem","position":2,"name":"Homem busca fam\u00edlia em Almenara ap\u00f3s perder contato h\u00e1 mais de 45 anos"}]},{"@type":"WebSite","@id":"https:\/\/aconteceunovale.com.br\/portal\/#website","url":"https:\/\/aconteceunovale.com.br\/portal\/","name":"Aconteceu no Vale","description":"Portal de Not\u00edcias","potentialAction":[{"@type":"SearchAction","target":{"@type":"EntryPoint","urlTemplate":"https:\/\/aconteceunovale.com.br\/portal\/?s={search_term_string}"},"query-input":{"@type":"PropertyValueSpecification","valueRequired":true,"valueName":"search_term_string"}}],"inLanguage":"pt-BR"},{"@type":"Person","@id":"https:\/\/aconteceunovale.com.br\/portal\/#\/schema\/person\/633529146f2c94272bef50ac2953d589","name":"Aconteceu no Vale","description":"Equipe de reportagem do Aconteceu no Vale, portal de not\u00edcias do Vale do Jequitinhonha, em Minas Gerais. Cobrimos as 51 cidades do Vale desde 2013. Sugest\u00f5es de pauta e pedidos de corre\u00e7\u00e3o: contato@aconteceunovale.com.br","sameAs":["http:\/\/www.aconteceunovale.com.br"],"url":"https:\/\/aconteceunovale.com.br\/portal\/?author=1"}]}},"_links":{"self":[{"href":"https:\/\/aconteceunovale.com.br\/portal\/index.php?rest_route=\/wp\/v2\/posts\/96750","targetHints":{"allow":["GET"]}}],"collection":[{"href":"https:\/\/aconteceunovale.com.br\/portal\/index.php?rest_route=\/wp\/v2\/posts"}],"about":[{"href":"https:\/\/aconteceunovale.com.br\/portal\/index.php?rest_route=\/wp\/v2\/types\/post"}],"author":[{"embeddable":true,"href":"https:\/\/aconteceunovale.com.br\/portal\/index.php?rest_route=\/wp\/v2\/users\/1"}],"replies":[{"embeddable":true,"href":"https:\/\/aconteceunovale.com.br\/portal\/index.php?rest_route=%2Fwp%2Fv2%2Fcomments&post=96750"}],"version-history":[{"count":1,"href":"https:\/\/aconteceunovale.com.br\/portal\/index.php?rest_route=\/wp\/v2\/posts\/96750\/revisions"}],"predecessor-version":[{"id":199048,"href":"https:\/\/aconteceunovale.com.br\/portal\/index.php?rest_route=\/wp\/v2\/posts\/96750\/revisions\/199048"}],"wp:featuredmedia":[{"embeddable":true,"href":"https:\/\/aconteceunovale.com.br\/portal\/index.php?rest_route=\/wp\/v2\/media\/96751"}],"wp:attachment":[{"href":"https:\/\/aconteceunovale.com.br\/portal\/index.php?rest_route=%2Fwp%2Fv2%2Fmedia&parent=96750"}],"wp:term":[{"taxonomy":"category","embeddable":true,"href":"https:\/\/aconteceunovale.com.br\/portal\/index.php?rest_route=%2Fwp%2Fv2%2Fcategories&post=96750"},{"taxonomy":"post_tag","embeddable":true,"href":"https:\/\/aconteceunovale.com.br\/portal\/index.php?rest_route=%2Fwp%2Fv2%2Ftags&post=96750"}],"curies":[{"name":"wp","href":"https:\/\/api.w.org\/{rel}","templated":true}]}}